{"id":27338,"date":"2021-09-27T13:00:39","date_gmt":"2021-09-27T11:00:39","guid":{"rendered":"https:\/\/escoles.fundesplai.org\/sin-categorizar\/cocina-de-otono-con-los-ninos\/"},"modified":"2024-09-27T09:52:34","modified_gmt":"2024-09-27T07:52:34","slug":"cocina-de-otono-con-los-ninos","status":"publish","type":"post","link":"https:\/\/escoles.fundesplai.org\/es\/blog-es\/comedor-escolar\/cocina-de-otono-con-los-ninos\/","title":{"rendered":"Cocina de oto\u00f1o con los ni\u00f1os\/as"},"content":{"rendered":"<p>[et_pb_section fb_built=\u00bb1&#8243; _builder_version=\u00bb4.16&#8243; global_colors_info=\u00bb{}\u00bb][et_pb_row _builder_version=\u00bb4.16&#8243; background_size=\u00bbinitial\u00bb background_position=\u00bbtop_left\u00bb background_repeat=\u00bbrepeat\u00bb global_colors_info=\u00bb{}\u00bb][et_pb_column type=\u00bb4_4&#8243; _builder_version=\u00bb4.16&#8243; custom_padding=\u00bb|||\u00bb global_colors_info=\u00bb{}\u00bb custom_padding__hover=\u00bb|||\u00bb][et_pb_text admin_label=\u00bbINTRO\u00bb _builder_version=\u00bb4.22.2&#8243; _module_preset=\u00bbdefault\u00bb global_colors_info=\u00bb{}\u00bb]<\/p>\n<p><span lang=\"ca-ES\"><strong>\u00a1El oto\u00f1o ya est\u00e1 aqu\u00ed! <\/strong>Las lluvias, el fresquito, los paisajes salpicados de naranja y marr\u00f3n, las ganas de estar m\u00e1s recogidos y de cocinar. El oto\u00f1o nos trae <strong>alimentos con un alto valor energ\u00e9tico y muy ricos en vitaminas y minerales<\/strong> .  <\/span><\/p>\n<p>Es una buena \u00e9poca para preparar un <strong>taller de cocina con los ni\u00f1os y ni\u00f1as<\/strong>, tanto en la escuela como en el esplai como en casa en familia. A los ni\u00f1os y ni\u00f1as les encanta cocinar (experimentar, ensuciarse, chafar, mezclar, probar,&#8230;) y esta actividad les aporta <strong>muchos beneficios para su desarrollo.<\/strong> <\/p>\n<p>[\/et_pb_text][et_pb_text admin_label=\u00bbBeneficis\u00bb _builder_version=\u00bb4.22.2&#8243; _module_preset=\u00bbdefault\u00bb custom_margin=\u00bb30px||||false|false\u00bb global_colors_info=\u00bb{}\u00bb]<\/p>\n<h3 align=\"justify\">Beneficios de cocinar con los ni\u00f1os y ni\u00f1as<\/h3>\n<ul>\n<li>Favorece la adquisici\u00f3n de <strong>h\u00e1bitos gastron\u00f3micos saludables<\/strong> : conocer los alimentos y c\u00f3mo se preparan hace que los ni\u00f1os, ni\u00f1as y adolescentes coman de forma m\u00e1s saludable.<\/li>\n<li><strong>Estimula todos los sentidos:<\/strong> tocar diferentes texturas, experimentar con gustos nuevos, ver c\u00f3mo cambian de color los alimentos, sentir el chasquido de las burbujas del agua hirviendo, dejarse seducir por los olores de los platos cuin<img loading=\"lazy\" decoding=\"async\" class=\"size-full wp-image-3841 alignright\" src=\"https:\/\/escoles.fundesplai.org\/wp-content\/uploads\/2016\/10\/cuiner.png\" alt=\"Beneficios de cocinar con los ni\u00f1os\" width=\"146\" height=\"299\"> ados,&#8230;<\/li>\n<li><strong>Ayuda a desarrollar la psicomotricidad fina<\/strong> manipulando los alimentos.<\/li>\n<li><strong>Desarrolla procesos l\u00f3gicos y matem\u00e1ticos<\/strong> (secuencias, asociaci\u00f3n, clasificaci\u00f3n\u2026) y <strong>procesos cognoscitivos<\/strong> (manipular, mezclar, separar\u2026).<\/li>\n<li><strong>Estimula la memoria, la alfabetizaci\u00f3n y la capacidad de ser met\u00f3dicos<\/strong>, sobre todo en caso de que sean los ni\u00f1os\/as quienes leen la receta, organizan el material y siguen los pasos previstos para conseguir preparar el plato.<\/li>\n<li><strong>Favorece la socializaci\u00f3n<\/strong>, ya que cuando cocinamos en equipo, ya sea en familia o en la escuela, lo hacemos de forma cooperativa y de esta forma estimulamos la capacidad de respetar el turno, la paciencia, la ayuda mutua&#8230;<\/li>\n<li><strong>Potencia la autoestima y la actitud positiva<\/strong>, ya que al terminar la receta tendr\u00e1n una gran sensaci\u00f3n de \u00e9xito, s\u00f3lo por el hecho de llegar hasta el final. Y si despu\u00e9s resulta que est\u00e1 buen\u00edsima, pues a\u00fan m\u00e1s. <\/li>\n<\/ul>\n<p>[bctt tweet=\u00bbCuinar amb els infants afavoreix els h\u00e0bits saludables, la psicomotricitat, la socialitzaci\u00f3 i m\u00e9s!\u00bb username=\u00bbfundesplai\u00bb]<\/p>\n<p>[\/et_pb_text][et_pb_text admin_label=\u00bbAliments per cuinar\u00bb _builder_version=\u00bb4.22.2&#8243; _module_preset=\u00bbdefault\u00bb custom_margin=\u00bb30px||||false|false\u00bb global_colors_info=\u00bb{}\u00bb]<\/p>\n<h3>Alimentos para cocinar en oto\u00f1o<\/h3>\n<p>En oto\u00f1o llegan las casta\u00f1as, los boniatos, las setas, las granadas, las calabazas, los frutos secos, las manzanas, los caquis, las mandarinas,&#8230;. tenemos muchas posibilidades gastron\u00f3micas y nutritivas. Y cada uno de estos alimentos aporta a nuestro organismo muchos diversos beneficios.  <\/p>\n<p><a href=\"http:\/\/www.xeviverdaguer.com\/toca-menjar-la-tardor\/\">En cada estaci\u00f3n del a\u00f1o tenemos los alimentos que nos van bien para nuestro cuerpo<\/a> , y en oto\u00f1o, le toca prepararse para el fr\u00edo del invierno. Las frutas y verduras del oto\u00f1o-invierno son ricas en Cobre, Vitamina C, Vitamina A, Magnesio, Calcio y Zinc, todos ellos estimulantes del sistema inmune y con propiedades antiv\u00edricas. <\/p>\n<p>Hoy presentamos una selecci\u00f3n de <strong>5 alimentos de oto\u00f1o para que los descubra y los cocine con los ni\u00f1os y ni\u00f1as<\/strong>. En el desplegable de cada uno de los alimentos encontrar\u00e1s una receta para elaborar en un taller de cocina en la escuela, en el esplai o en familia. Son <strong>recetas saludables adaptadas a las necesidades y capacidades de los ni\u00f1os y ni\u00f1as<\/strong>. Todas las recetas que proponemos son sin gluten para que los ni\u00f1os\/as cel\u00edacos o al\u00e9rgicos al gluten puedan disfrutar como otros.   <\/p>\n<p><strong>\u00a1Prepara los delantales, cuchillos y fogones y disfruta de los gustos del oto\u00f1o!<\/strong><\/p>\n<p>[\/et_pb_text][\/et_pb_column][\/et_pb_row][et_pb_row _builder_version=\u00bb4.22.2&#8243; _module_preset=\u00bbdefault\u00bb global_colors_info=\u00bb{}\u00bb][et_pb_column type=\u00bb4_4&#8243; _builder_version=\u00bb4.22.2&#8243; _module_preset=\u00bbdefault\u00bb global_colors_info=\u00bb{}\u00bb][et_pb_accordion _builder_version=\u00bb4.22.2&#8243; _module_preset=\u00bbdefault\u00bb custom_margin=\u00bb30px||||false|false\u00bb global_colors_info=\u00bb{}\u00bb][et_pb_accordion_item title=\u00bbCASTA\u00d1A\u00bb open=\u00bbon\u00bb _builder_version=\u00bb4.22.2&#8243; _module_preset=\u00bbdefault\u00bb global_colors_info=\u00bb{}\u00bb]<\/p>\n<p>Es el s\u00edmbolo del oto\u00f1o. La casta\u00f1a es un fruto seco de alto valor energ\u00e9tico, con un 40% de hidratos de carbono, mientras que el resto de frutos secos tienen s\u00f3lo entre el 15 y el 20%. Las casta\u00f1as cocidas son m\u00e1s cal\u00f3ricas que la pasta, el arroz o las patatas, y tambi\u00e9n mucho m\u00e1s nutritivas. Podemos encontrarla fresca <strong>durante todo el oto\u00f1o (de octubre a enero)<\/strong> en los mercados y fruter\u00edas, y triturada en forma de harina durante todo el a\u00f1o.   <strong><br \/><\/strong><\/p>\n<p style=\"text-align: left;\"><strong>EFECTOS BENEFICIOSOS PARA EL ORGANISMO<\/strong><\/p>\n<p><strong>\u00a1Las casta\u00f1as son unas grandes aliadas de los deportistas!<\/strong> Contienen mucho almid\u00f3n (un az\u00facar complejo de absorci\u00f3n lenta), por tanto, nos dan energ\u00eda durante muchas horas. Adem\u00e1s aportan prote\u00ednas vegetales y fibra que facilita el tr\u00e1nsito intestinal. Tambi\u00e9n contienen Provitamina A (en forma de beta-catoreno), excelente para la piel y los ojos, y tambi\u00e9n Vitamina B12, necesaria para el crecimiento. Y aparte de las vitaminas, contienen muchos minerales important\u00edsimos para los m\u00fasculos, coraz\u00f3n, hipertensi\u00f3n y sistema nervioso.   <\/p>\n<p>La harina de casta\u00f1a no contiene gluten y, por tanto, es ideal para hacer pasteles, magdalenas o crepes <strong>para los ni\u00f1os\/as intolerantes o al\u00e9rgicos al gluten.<\/strong><\/p>\n<blockquote class=\"wp-embedded-content\" data-secret=\"afx8WDUOi4\"><p><a href=\"https:\/\/cases.fundesplai.org\/blog\/receptes\/magdalenes-de-castanya\/\">Recepta: Magdalenes de castanya<\/a><\/p><\/blockquote>\n<p><iframe loading=\"lazy\" class=\"wp-embedded-content\" sandbox=\"allow-scripts\" security=\"restricted\" style=\"position: absolute; visibility: hidden;\" title=\"&#8220;Recepta: Magdalenes de castanya&#8221; &#8212; Cases de col\u00f2nies - Fundesplai\" src=\"https:\/\/cases.fundesplai.org\/blog\/receptes\/magdalenes-de-castanya\/embed\/#?secret=0BNn6i4FB3#?secret=afx8WDUOi4\" data-secret=\"afx8WDUOi4\" width=\"600\" height=\"338\" frameborder=\"0\" marginwidth=\"0\" marginheight=\"0\" scrolling=\"no\"><\/iframe><\/p>\n<p>[\/et_pb_accordion_item][et_pb_accordion_item title=\u00bbBONIATO\u00bb _builder_version=\u00bb4.22.2&#8243; _module_preset=\u00bbdefault\u00bb global_colors_info=\u00bb{}\u00bb open=\u00bboff\u00bb]<\/p>\n<p>El boniato es un tub\u00e9rculo dulce y muy energ\u00e9tico con una composici\u00f3n nutricional muy similar a la de la patata, pero con un nivel energ\u00e9tico m\u00e1s alto. Es de origen americano y en Catalu\u00f1a su temporada de consumo va <strong>de octubre hasta enero.<\/strong> <\/p>\n<p style=\"text-align: left;\"><strong>EFECTOS BENEFICIOSOS PARA EL ORGANISMO<\/strong><\/p>\n<p>Destaca por ser especialmente rico en antioxidantes y vitaminas A, E, que son buenas para los ojos y la piel. Adem\u00e1s contiene Vitamina B9 (\u00e1cido f\u00f3lico), que interviene en la producci\u00f3n de gl\u00f3bulos rojos y blancos, en la s\u00edntesis de material gen\u00e9tico y en la formaci\u00f3n de los anticuerpos en el sistema inmunitario. Por tanto, <strong>es ideal para potenciar las defensas naturales y la inmunidad del organismo.<\/strong> Tambi\u00e9n es hidratante del sistema digestivo y ayuda a depurar el h\u00edgado. <strong>El boniato prepara el cuerpo de los ni\u00f1os y ni\u00f1as para un oto\u00f1o y un invierno saludables.<\/strong>  <\/p>\n<blockquote class=\"wp-embedded-content\" data-secret=\"kx8IYTABAE\"><p><a href=\"https:\/\/escoles.fundesplai.org\/blog\/lleure\/recepta-panellets-de-moniato-saludables\/\">Recepta: Panellets de moniato saludables<\/a><\/p><\/blockquote>\n<p><iframe loading=\"lazy\" class=\"wp-embedded-content\" sandbox=\"allow-scripts\" security=\"restricted\" style=\"position: absolute; visibility: hidden;\" title=\"&#8220;Recepta: Panellets de moniato saludables&#8221; &#8212; Fundesplai M\u00f3n Escolar\" src=\"https:\/\/escoles.fundesplai.org\/blog\/lleure\/recepta-panellets-de-moniato-saludables\/embed\/#?secret=ceWUEXfx59#?secret=kx8IYTABAE\" data-secret=\"kx8IYTABAE\" width=\"600\" height=\"338\" frameborder=\"0\" marginwidth=\"0\" marginheight=\"0\" scrolling=\"no\"><\/iframe><\/p>\n<p>[\/et_pb_accordion_item][et_pb_accordion_item title=\u00bbCALABAZA\u00bb _builder_version=\u00bb4.22.2&#8243; _module_preset=\u00bbdefault\u00bb global_colors_info=\u00bb{}\u00bb open=\u00bboff\u00bb]<\/p>\n<p>Existen muchas variedades de esta hortaliza, con colores, formas y sabores distintos. Es un alimento muy nutritivo, vers\u00e1til en la cocina y de un sabor suave que gusta a los ni\u00f1os\/as. Su temporada de cosecha va <strong>de septiembre a noviembre<\/strong> , pero la encontramos durante todo el a\u00f1o en los mercados y fruter\u00edas porque se conserva muy bien en c\u00e1maras frigor\u00edficas.  <\/p>\n<p><strong>EFECTOS BENEFICIOSOS PARA EL ORGANISMO<\/strong><\/p>\n<p><span lang=\"ca-ES\">La calabaza tiene muchas vitaminas y minerales, y sobre todo es muy rica en Vitamina C (favorece el sistema inmune) y Provitamina A (beta-caroteno), que participa en diversas funciones del organismo: el crecimiento de los huesos y los dientes, el mantenimiento de la salud de la piel y protecci\u00f3n contra infecciones y la buena salud ocular y visual. Por tanto, <strong>la calabaza es muy beneficiosa para el crecimiento saludable de los ni\u00f1os y ni\u00f1as.<\/strong> <\/span><\/p>\n<blockquote class=\"wp-embedded-content\" data-secret=\"0ehtYAW0Q6\"><p><a href=\"https:\/\/cases.fundesplai.org\/blog\/croquetes-de-carbassa-sense-gluten\/\">Recepta: croquetes de carbassa<\/a><\/p><\/blockquote>\n<p><iframe loading=\"lazy\" class=\"wp-embedded-content\" sandbox=\"allow-scripts\" security=\"restricted\" style=\"position: absolute; visibility: hidden;\" title=\"&#8220;Recepta: croquetes de carbassa&#8221; &#8212; Cases de col\u00f2nies - Fundesplai\" src=\"https:\/\/cases.fundesplai.org\/blog\/croquetes-de-carbassa-sense-gluten\/embed\/#?secret=gbdlcQnWqQ#?secret=0ehtYAW0Q6\" data-secret=\"0ehtYAW0Q6\" width=\"600\" height=\"338\" frameborder=\"0\" marginwidth=\"0\" marginheight=\"0\" scrolling=\"no\"><\/iframe><\/p>\n<p>[\/et_pb_accordion_item][et_pb_accordion_item title=\u00bbGRANADA\u00bb _builder_version=\u00bb4.22.2&#8243; _module_preset=\u00bbdefault\u00bb global_colors_info=\u00bb{}\u00bb open=\u00bboff\u00bb]<\/p>\n<p>La granada es un fruto redondo, del tama\u00f1o de una manzana y provisto de una piel gruesa y fuerte que va del tostado al rojizo. Las semillas blancas, de sabor agridulce, se comen con la pulpa roja que las envuelve. La encontramos en las fruter\u00edas y mercados desde <strong>finales de septiembre hasta finales de diciembre.<\/strong>  <\/p>\n<p style=\"text-align: left;\"><strong>EFECTOS BENEFICIOSOS PARA EL ORGANISMO<\/strong><\/p>\n<p><span lang=\"ca-ES\">La granada es una fruta baja en az\u00facares, con mucho contenido de agua y sales de f\u00f3sforo, potasio y hierro, vitaminas (A, B y C) y taninos. Adem\u00e1s, tiene muchos antioxidantes, que nos ayudan a prevenir el envejecimiento y preparar el cuerpo para las agresiones del invierno. Tambi\u00e9n posee propiedades astringentes y antiinflamatorias y es ideal para personas con anemia, arterioesclerosis, hipertensi\u00f3n y problemas estomacales.   <\/span><strong><span lang=\"ca-ES\">Es una fruta divertida y encantadora para los ni\u00f1os\/as y muy nutritiva.<\/span><\/strong><\/p>\n<blockquote class=\"wp-embedded-content\" data-secret=\"090aw0jOAg\"><p><a href=\"https:\/\/escoles.fundesplai.org\/blog\/menjador-escolar\/recepta-copa-de-magrana-mandarina-i-iogurt\/\">Recepta: copa de magrana, mandarina i iogurt<\/a><\/p><\/blockquote>\n<p><iframe loading=\"lazy\" class=\"wp-embedded-content\" sandbox=\"allow-scripts\" security=\"restricted\" style=\"position: absolute; visibility: hidden;\" title=\"&#8220;Recepta: copa de magrana, mandarina i iogurt&#8221; &#8212; Fundesplai M\u00f3n Escolar\" src=\"https:\/\/escoles.fundesplai.org\/blog\/menjador-escolar\/recepta-copa-de-magrana-mandarina-i-iogurt\/embed\/#?secret=cO7XzrUDaA#?secret=090aw0jOAg\" data-secret=\"090aw0jOAg\" width=\"600\" height=\"338\" frameborder=\"0\" marginwidth=\"0\" marginheight=\"0\" scrolling=\"no\"><\/iframe><\/p>\n<p>[\/et_pb_accordion_item][et_pb_accordion_item title=\u00bbN\u00cdSCALO O ROBELL\u00d3N\u00bb _builder_version=\u00bb4.22.2&#8243; _module_preset=\u00bbdefault\u00bb global_colors_info=\u00bb{}\u00bb open=\u00bboff\u00bb]<\/p>\n<p>El n\u00edscalo o robell\u00f3n es la seta m\u00e1s popular en las paradas de los mercados catalanes, la podemos encontrar en los bosques de pinos en los alrededores del oto\u00f1o, y tiene un sabor intenso y algo amargo.<\/p>\n<p style=\"text-align: left;\"><strong>EFECTOS BENEFICIOSOS PARA EL ORGANISMO<\/strong><\/p>\n<p><span lang=\"ca-ES\">Las setas contienen mucha agua, fibra, vitaminas y minerales, sobre todo f\u00f3sforo, necesario para la formaci\u00f3n de huesos y dientes, y ergosterol, un compuesto que se transforma en vitamina D, que favorece una correcta absorci\u00f3n del calcio; ambas cosas<strong> muy importantes por el crecimiento de los ni\u00f1os y ni\u00f1as. Adem\u00e1s, las setas mejoran nuestro sistema antiviral y son una de las pocas fuentes no marinas de yodo. <\/strong><\/span><\/p>\n<blockquote class=\"wp-embedded-content\" data-secret=\"yzPBqopPxh\"><p><a href=\"https:\/\/cases.fundesplai.org\/blog\/receptes\/recepta-rovellons-vinagreta\/\">Recepta: Rovellons en vinagreta d&#8217;herbes<\/a><\/p><\/blockquote>\n<p><iframe loading=\"lazy\" class=\"wp-embedded-content\" sandbox=\"allow-scripts\" security=\"restricted\" style=\"position: absolute; visibility: hidden;\" title=\"&#8220;Recepta: Rovellons en vinagreta d&#8217;herbes&#8221; &#8212; Cases de col\u00f2nies - Fundesplai\" src=\"https:\/\/cases.fundesplai.org\/blog\/receptes\/recepta-rovellons-vinagreta\/embed\/#?secret=guMh3DsTrg#?secret=yzPBqopPxh\" data-secret=\"yzPBqopPxh\" width=\"600\" height=\"338\" frameborder=\"0\" marginwidth=\"0\" marginheight=\"0\" scrolling=\"no\"><\/iframe><\/p>\n<p>[\/et_pb_accordion_item][\/et_pb_accordion][\/et_pb_column][\/et_pb_row][et_pb_row _builder_version=\u00bb4.16&#8243; _module_preset=\u00bbdefault\u00bb global_colors_info=\u00bb{}\u00bb][et_pb_column type=\u00bb4_4&#8243; _builder_version=\u00bb4.16&#8243; _module_preset=\u00bbdefault\u00bb global_colors_info=\u00bb{}\u00bb][et_pb_button button_url=\u00bbhttps:\/\/escoles.fundesplai.org\/es\/blog-es\/comedor-escolar\/el-recetario-para-cambiar-el-mundo\/\u00bb button_text=\u00bbConsigue el Recetario para cambiar el mundo\u00bb button_alignment=\u00bbcenter\u00bb _builder_version=\u00bb4.22.2&#8243; _module_preset=\u00bbdefault\u00bb custom_margin=\u00bb30px||||false|false\u00bb global_colors_info=\u00bb{}\u00bb][\/et_pb_button][et_pb_text admin_label=\u00bbM\u00e9s receptes\u00bb _builder_version=\u00bb4.22.2&#8243; _module_preset=\u00bbdefault\u00bb custom_margin=\u00bb30px||||false|false\u00bb global_colors_info=\u00bb{}\u00bb]<\/p>\n<p>Cocinar es muy divertido y si quieres tener m\u00e1s recursos para poder hacer en la escuela, en el esplai o en familia durante este oto\u00f1o, te animamos a que eches un vistazo a estas entradas de m\u00e1s recetas de oto\u00f1o!<\/p>\n<p>[\/et_pb_text][\/et_pb_column][\/et_pb_row][et_pb_row column_structure=\u00bb1_5,1_5,1_5,1_5,1_5&#8243; _builder_version=\u00bb4.22.2&#8243; _module_preset=\u00bbdefault\u00bb global_colors_info=\u00bb{}\u00bb][et_pb_column type=\u00bb1_5&#8243; _builder_version=\u00bb4.22.2&#8243; _module_preset=\u00bbdefault\u00bb global_colors_info=\u00bb{}\u00bb][et_pb_text admin_label=\u00bbcarabassa\u00bb _builder_version=\u00bb4.22.2&#8243; _module_preset=\u00bbdefault\u00bb custom_margin=\u00bb30px||||false|false\u00bb custom_padding=\u00bb|10px||10px|false|false\u00bb global_colors_info=\u00bb{}\u00bb]<\/p>\n<blockquote class=\"wp-embedded-content\" data-secret=\"CZaLxAQpTF\"><p><a href=\"https:\/\/escoles.fundesplai.org\/blog\/menjador-escolar\/loctubre-es-temporada-de-carbasses\/\">L&#8217;octubre \u00e9s temporada de carbasses!<\/a><\/p><\/blockquote>\n<p><iframe loading=\"lazy\" class=\"wp-embedded-content\" sandbox=\"allow-scripts\" security=\"restricted\" style=\"position: absolute; visibility: hidden;\" title=\"&#8220;L&#8217;octubre \u00e9s temporada de carbasses!&#8221; &#8212; Fundesplai M\u00f3n Escolar\" src=\"https:\/\/escoles.fundesplai.org\/blog\/menjador-escolar\/loctubre-es-temporada-de-carbasses\/embed\/#?secret=eZM2kSaUau#?secret=CZaLxAQpTF\" data-secret=\"CZaLxAQpTF\" width=\"600\" height=\"338\" frameborder=\"0\" marginwidth=\"0\" marginheight=\"0\" scrolling=\"no\"><\/iframe><\/p>\n<p>[\/et_pb_text][\/et_pb_column][et_pb_column type=\u00bb1_5&#8243; _builder_version=\u00bb4.22.2&#8243; _module_preset=\u00bbdefault\u00bb global_colors_info=\u00bb{}\u00bb][et_pb_text admin_label=\u00bbmagrana\u00bb _builder_version=\u00bb4.22.2&#8243; _module_preset=\u00bbdefault\u00bb custom_margin=\u00bb30px||||false|false\u00bb custom_padding=\u00bb|10px||10px|false|false\u00bb global_colors_info=\u00bb{}\u00bb]<\/p>\n<blockquote class=\"wp-embedded-content\" data-secret=\"H761G9z9L6\"><p><a href=\"https:\/\/escoles.fundesplai.org\/blog\/menjador-escolar\/el-novembre-es-temporada-de-magranes\/\">El novembre \u00e9s temporada de magranes!<\/a><\/p><\/blockquote>\n<p><iframe loading=\"lazy\" class=\"wp-embedded-content\" sandbox=\"allow-scripts\" security=\"restricted\" style=\"position: absolute; visibility: hidden;\" title=\"&#8220;El novembre \u00e9s temporada de magranes!&#8221; &#8212; Fundesplai M\u00f3n Escolar\" src=\"https:\/\/escoles.fundesplai.org\/blog\/menjador-escolar\/el-novembre-es-temporada-de-magranes\/embed\/#?secret=BJXxceqzWn#?secret=H761G9z9L6\" data-secret=\"H761G9z9L6\" width=\"600\" height=\"338\" frameborder=\"0\" marginwidth=\"0\" marginheight=\"0\" scrolling=\"no\"><\/iframe><\/p>\n<p>[\/et_pb_text][\/et_pb_column][et_pb_column type=\u00bb1_5&#8243; _builder_version=\u00bb4.22.2&#8243; _module_preset=\u00bbdefault\u00bb global_colors_info=\u00bb{}\u00bb][et_pb_text admin_label=\u00bbmoniato\u00bb _builder_version=\u00bb4.22.2&#8243; _module_preset=\u00bbdefault\u00bb custom_margin=\u00bb30px||||false|false\u00bb custom_padding=\u00bb|10px||10px|false|false\u00bb global_colors_info=\u00bb{}\u00bb]<\/p>\n<blockquote class=\"wp-embedded-content\" data-secret=\"JXplZc2dfo\"><p><a href=\"https:\/\/escoles.fundesplai.org\/blog\/lleure\/loctubre-es-temporada-de-moniatos\/\">L&#8217;octubre \u00e9s temporada de moniatos!<\/a><\/p><\/blockquote>\n<p><iframe loading=\"lazy\" class=\"wp-embedded-content\" sandbox=\"allow-scripts\" security=\"restricted\" style=\"position: absolute; visibility: hidden;\" title=\"&#8220;L&#8217;octubre \u00e9s temporada de moniatos!&#8221; &#8212; Fundesplai M\u00f3n Escolar\" src=\"https:\/\/escoles.fundesplai.org\/blog\/lleure\/loctubre-es-temporada-de-moniatos\/embed\/#?secret=zlY4259i0T#?secret=JXplZc2dfo\" data-secret=\"JXplZc2dfo\" width=\"600\" height=\"338\" frameborder=\"0\" marginwidth=\"0\" marginheight=\"0\" scrolling=\"no\"><\/iframe><\/p>\n<p>[\/et_pb_text][\/et_pb_column][et_pb_column type=\u00bb1_5&#8243; _builder_version=\u00bb4.22.2&#8243; _module_preset=\u00bbdefault\u00bb global_colors_info=\u00bb{}\u00bb][et_pb_text admin_label=\u00bb9 Receptes\u00bb _builder_version=\u00bb4.22.2&#8243; _module_preset=\u00bbdefault\u00bb custom_margin=\u00bb30px||||false|false\u00bb custom_padding=\u00bb|10px||10px|false|false\u00bb global_colors_info=\u00bb{}\u00bb]<\/p>\n<blockquote class=\"wp-embedded-content\" data-secret=\"n5QlcfrP1i\"><p><a href=\"https:\/\/cases.fundesplai.org\/blog\/receptes\/9-receptes-ideals-per-a-la-tardor\/\">9 Receptes ideals per a la tardor!<\/a><\/p><\/blockquote>\n<p><iframe loading=\"lazy\" class=\"wp-embedded-content\" sandbox=\"allow-scripts\" security=\"restricted\" style=\"position: absolute; visibility: hidden;\" title=\"&#8220;9 Receptes ideals per a la tardor!&#8221; &#8212; Cases de col\u00f2nies - Fundesplai\" src=\"https:\/\/cases.fundesplai.org\/blog\/receptes\/9-receptes-ideals-per-a-la-tardor\/embed\/#?secret=AanylUeQkg#?secret=n5QlcfrP1i\" data-secret=\"n5QlcfrP1i\" width=\"600\" height=\"338\" frameborder=\"0\" marginwidth=\"0\" marginheight=\"0\" scrolling=\"no\"><\/iframe><\/p>\n<p>[\/et_pb_text][\/et_pb_column][et_pb_column type=\u00bb1_5&#8243; _builder_version=\u00bb4.22.2&#8243; _module_preset=\u00bbdefault\u00bb global_colors_info=\u00bb{}\u00bb][et_pb_text admin_label=\u00bb15 Receptes\u00bb _builder_version=\u00bb4.22.2&#8243; _module_preset=\u00bbdefault\u00bb custom_margin=\u00bb30px||||false|false\u00bb custom_padding=\u00bb|10px||10px|false|false\u00bb global_colors_info=\u00bb{}\u00bb]<\/p>\n<blockquote class=\"wp-embedded-content\" data-secret=\"W0RLyrZryb\"><p><a href=\"https:\/\/cases.fundesplai.org\/blog\/receptes\/15-receptes-per-cuinar-en-familia\/\">15 receptes per cuinar en fam\u00edlia<\/a><\/p><\/blockquote>\n<p><iframe loading=\"lazy\" class=\"wp-embedded-content\" sandbox=\"allow-scripts\" security=\"restricted\" style=\"position: absolute; visibility: hidden;\" title=\"&#8220;15 receptes per cuinar en fam\u00edlia&#8221; &#8212; Cases de col\u00f2nies - Fundesplai\" src=\"https:\/\/cases.fundesplai.org\/blog\/receptes\/15-receptes-per-cuinar-en-familia\/embed\/#?secret=MzuV4B4HpH#?secret=W0RLyrZryb\" data-secret=\"W0RLyrZryb\" width=\"600\" height=\"338\" frameborder=\"0\" marginwidth=\"0\" marginheight=\"0\" scrolling=\"no\"><\/iframe><\/p>\n<p>[\/et_pb_text][\/et_pb_column][\/et_pb_row][et_pb_row _builder_version=\u00bb4.16&#8243; _module_preset=\u00bbdefault\u00bb global_colors_info=\u00bb{}\u00bb][et_pb_column type=\u00bb4_4&#8243; _builder_version=\u00bb4.16&#8243; _module_preset=\u00bbdefault\u00bb global_colors_info=\u00bb{}\u00bb][et_pb_text admin_label=\u00bb25 receptes\u00bb _builder_version=\u00bb4.16&#8243; _module_preset=\u00bbdefault\u00bb custom_margin=\u00bb30px||||false|false\u00bb global_colors_info=\u00bb{}\u00bb]<\/p>\n<p>Como hemos comentado, cocinar con los ni\u00f1os y ni\u00f1as <strong>es un momento muy especial e importante<\/strong> , y es que los beneficios que se pueden extraer son claves para un crecimiento personal, psicol\u00f3gico y emocional del ni\u00f1o. Adem\u00e1s, se trabaja para conseguir unos h\u00e1bitos de vida saludables y para crear esp\u00edritu de conciencia hacia la importancia de la alimentaci\u00f3n, la sostenibilidad, el desperdicio y hacer un <a href=\"https:\/\/escoles.fundesplai.org\/es\/blog-es\/educacion-ambiental\/11-actividades-escolares-sobre-la-alimentacion-sostenible-y-saludable\/\">futuro m\u00e1s justo, sostenible y saludable<\/a>. <\/p>\n<p>Por este motivo, desde Fundesplai te proponemos que eches un vistazo a la propuesta de <a href=\"https:\/\/escoles.fundesplai.org\/blog\/lleure\/25-llibres-de-receptes-per-cuinar-amb-nens-i-nenes\/\">25 libros de recetas para cocinar con ni\u00f1os y ni\u00f1as<\/a> . <strong>Una recopilaci\u00f3n de libros<\/strong> clasificados seg\u00fan la edad recomendada, y los tipos de alimentos que se utilizan. Encontrar\u00e1s desde recetas para hacer sin fuego, algunas vegetarianas, otras pensadas para al\u00e9rgicos, y tambi\u00e9n recetas de toda la vida. \u00a1No te lo pierdas!  <\/p>\n<p>[\/et_pb_text][et_pb_text _builder_version=\u00bb4.22.2&#8243; _module_preset=\u00bbdefault\u00bb custom_margin=\u00bb30px||||false|false\u00bb hover_enabled=\u00bb0&#8243; sticky_enabled=\u00bb0&#8243; admin_label=\u00bbdescarrega&#8217;t el receptari\u00bb]<\/p>\n<h3>\u00a1DESCARGATE EL RECETARIO PARA CAMBIAR EL MUNDO!<\/h3>\n<p>Hemos hecho una recopilaci\u00f3n con <strong>50 recetas f\u00e1ciles, saludables, sostenibles y atractivas para los ni\u00f1os\/as<\/strong>. Son recetas de <a href=\"https:\/\/escoles.fundesplai.org\/es\/actividades-escuela\/comedor-tiempo-educativo-del-mediodia\/\">nuestras cocinas escolares<\/a> y tambi\u00e9n <strong>propuestas por los ni\u00f1os y ni\u00f1as<\/strong> de las escuelas y esplais donde estamos presentes.  \u00a1Ah, y tambi\u00e9n encontrar\u00e1s <strong>consejos, juegos y actividades<\/strong> !<\/p>\n<p>[\/et_pb_text][et_pb_button _builder_version=\u00bb4.22.2&#8243; _module_preset=\u00bbdefault\u00bb button_text=\u00bb\u00a1Desc\u00e1rgate el recetario!\u00bb button_url=\u00bbhttps:\/\/escoles.fundesplai.org\/es\/blog-es\/comedor-escolar\/el-recetario-para-cambiar-el-mundo\/\u00bb button_alignment=\u00bbcenter\u00bb custom_margin=\u00bb30px||||false|false\u00bb hover_enabled=\u00bb0&#8243; sticky_enabled=\u00bb0&#8243;][\/et_pb_button][\/et_pb_column][\/et_pb_row][et_pb_row _builder_version=\u00bb4.16&#8243; _module_preset=\u00bbdefault\u00bb global_colors_info=\u00bb{}\u00bb][et_pb_column type=\u00bb4_4&#8243; _builder_version=\u00bb4.16&#8243; _module_preset=\u00bbdefault\u00bb global_colors_info=\u00bb{}\u00bb][et_pb_text _builder_version=\u00bb4.22.2&#8243; _module_preset=\u00bbdefault\u00bb custom_margin=\u00bb30px||50px||false|false\u00bb global_colors_info=\u00bb{}\u00bb]<\/p>\n<p style=\"text-align: center;\"><strong>Si te ha gustado esta entrada, \u00a1comp\u00e1rtela en las redes!<\/strong><\/p>\n<p>[\/et_pb_text][\/et_pb_column][\/et_pb_row][\/et_pb_section]<\/p>\n","protected":false},"excerpt":{"rendered":"<p>El oto\u00f1o est\u00e1 lleno de alimentos de temporada y la mejor manera de conocerlos es cocinando con los ni\u00f1os y ni\u00f1as. \u00a1Calabaza, boniato, setas, casta\u00f1as&#8230; recetas que har\u00e1 que se chupen los dedos! <\/p>\n","protected":false},"author":3,"featured_media":27341,"comment_status":"closed","ping_status":"closed","sticky":false,"template":"","format":"standard","meta":{"_et_pb_use_builder":"on","_et_pb_old_content":"","_et_gb_content_width":"","footnotes":""},"categories":[299,282],"tags":[275,516,440,295,465,284],"class_list":["post-27338","post","type-post","status-publish","format-standard","has-post-thumbnail","hentry","category-comedor-escolar","category-educacion-en-el-tiempo-libre","tag-actividades","tag-alimentacion","tag-familia-es","tag-infants-es","tag-salud","tag-tecnicas-educativas"],"yoast_head":"<!-- This site is optimized with the Yoast SEO plugin v27.4 - https:\/\/yoast.com\/product\/yoast-seo-wordpress\/ -->\n<title>Cocina de oto\u00f1o con los ni\u00f1os\/as - Fundesplai M\u00f3n Escolar<\/title>\n<meta name=\"description\" content=\"El oto\u00f1o est\u00e1 lleno de alimentos de temporada y la mejor manera de conocerlos es cocinando con los ni\u00f1os y ni\u00f1as. Calabaza, boniato, casta\u00f1a...\" \/>\n<meta name=\"robots\" content=\"index, follow, max-snippet:-1, max-image-preview:large, max-video-preview:-1\" \/>\n<link rel=\"canonical\" href=\"https:\/\/escoles.fundesplai.org\/es\/blog-es\/comedor-escolar\/cocina-de-otono-con-los-ninos\/\" \/>\n<meta property=\"og:locale\" content=\"es_ES\" \/>\n<meta property=\"og:type\" content=\"article\" \/>\n<meta property=\"og:title\" content=\"Cocina de oto\u00f1o con los ni\u00f1os\/as - Fundesplai M\u00f3n Escolar\" \/>\n<meta property=\"og:description\" content=\"El oto\u00f1o est\u00e1 lleno de alimentos de temporada y la mejor manera de conocerlos es cocinando con los ni\u00f1os y ni\u00f1as. Calabaza, boniato, casta\u00f1a...\" \/>\n<meta property=\"og:url\" content=\"https:\/\/escoles.fundesplai.org\/es\/blog-es\/comedor-escolar\/cocina-de-otono-con-los-ninos\/\" \/>\n<meta property=\"og:site_name\" content=\"Fundesplai M\u00f3n Escolar\" \/>\n<meta property=\"article:publisher\" content=\"https:\/\/www.facebook.com\/Fundesplai\/\" \/>\n<meta property=\"article:published_time\" content=\"2021-09-27T11:00:39+00:00\" \/>\n<meta property=\"article:modified_time\" content=\"2024-09-27T07:52:34+00:00\" \/>\n<meta property=\"og:image\" content=\"https:\/\/escoles.fundesplai.org\/wp-content\/uploads\/2016\/10\/Cuina-de-tardor-amb-infants.jpg\" \/>\n\t<meta property=\"og:image:width\" content=\"500\" \/>\n\t<meta property=\"og:image:height\" content=\"333\" \/>\n\t<meta property=\"og:image:type\" content=\"image\/jpeg\" \/>\n<meta name=\"author\" content=\"cespinosa\" \/>\n<meta name=\"twitter:card\" content=\"summary_large_image\" \/>\n<meta name=\"twitter:creator\" content=\"@fundesplai\" \/>\n<meta name=\"twitter:site\" content=\"@fundesplai\" \/>\n<meta name=\"twitter:label1\" content=\"Escrito por\" \/>\n\t<meta name=\"twitter:data1\" content=\"cespinosa\" \/>\n\t<meta name=\"twitter:label2\" content=\"Tiempo de lectura\" \/>\n\t<meta name=\"twitter:data2\" content=\"12 minutos\" \/>\n<script type=\"application\/ld+json\" class=\"yoast-schema-graph\">{\"@context\":\"https:\\\/\\\/schema.org\",\"@graph\":[{\"@type\":\"Article\",\"@id\":\"https:\\\/\\\/escoles.fundesplai.org\\\/es\\\/blog-es\\\/comedor-escolar\\\/cocina-de-otono-con-los-ninos\\\/#article\",\"isPartOf\":{\"@id\":\"https:\\\/\\\/escoles.fundesplai.org\\\/es\\\/blog-es\\\/comedor-escolar\\\/cocina-de-otono-con-los-ninos\\\/\"},\"author\":{\"name\":\"cespinosa\",\"@id\":\"https:\\\/\\\/escoles.fundesplai.org\\\/es\\\/#\\\/schema\\\/person\\\/76811d1ba58c8af329733060a9b10f67\"},\"headline\":\"Cocina de oto\u00f1o con los ni\u00f1os\\\/as\",\"datePublished\":\"2021-09-27T11:00:39+00:00\",\"dateModified\":\"2024-09-27T07:52:34+00:00\",\"mainEntityOfPage\":{\"@id\":\"https:\\\/\\\/escoles.fundesplai.org\\\/es\\\/blog-es\\\/comedor-escolar\\\/cocina-de-otono-con-los-ninos\\\/\"},\"wordCount\":2469,\"publisher\":{\"@id\":\"https:\\\/\\\/escoles.fundesplai.org\\\/es\\\/#organization\"},\"image\":{\"@id\":\"https:\\\/\\\/escoles.fundesplai.org\\\/es\\\/blog-es\\\/comedor-escolar\\\/cocina-de-otono-con-los-ninos\\\/#primaryimage\"},\"thumbnailUrl\":\"https:\\\/\\\/escoles.fundesplai.org\\\/wp-content\\\/uploads\\\/2016\\\/10\\\/Cuina-de-tardor-amb-infants.jpg\",\"keywords\":[\"actividades\",\"alimentaci\u00f3n\",\"familia\",\"infants\",\"salud\",\"t\u00e9cnicas educativas\"],\"articleSection\":[\"Comedor escolar\",\"Educaci\u00f3n en el tiempo libre\"],\"inLanguage\":\"es\"},{\"@type\":\"WebPage\",\"@id\":\"https:\\\/\\\/escoles.fundesplai.org\\\/es\\\/blog-es\\\/comedor-escolar\\\/cocina-de-otono-con-los-ninos\\\/\",\"url\":\"https:\\\/\\\/escoles.fundesplai.org\\\/es\\\/blog-es\\\/comedor-escolar\\\/cocina-de-otono-con-los-ninos\\\/\",\"name\":\"Cocina de oto\u00f1o con los ni\u00f1os\\\/as - Fundesplai M\u00f3n Escolar\",\"isPartOf\":{\"@id\":\"https:\\\/\\\/escoles.fundesplai.org\\\/es\\\/#website\"},\"primaryImageOfPage\":{\"@id\":\"https:\\\/\\\/escoles.fundesplai.org\\\/es\\\/blog-es\\\/comedor-escolar\\\/cocina-de-otono-con-los-ninos\\\/#primaryimage\"},\"image\":{\"@id\":\"https:\\\/\\\/escoles.fundesplai.org\\\/es\\\/blog-es\\\/comedor-escolar\\\/cocina-de-otono-con-los-ninos\\\/#primaryimage\"},\"thumbnailUrl\":\"https:\\\/\\\/escoles.fundesplai.org\\\/wp-content\\\/uploads\\\/2016\\\/10\\\/Cuina-de-tardor-amb-infants.jpg\",\"datePublished\":\"2021-09-27T11:00:39+00:00\",\"dateModified\":\"2024-09-27T07:52:34+00:00\",\"description\":\"El oto\u00f1o est\u00e1 lleno de alimentos de temporada y la mejor manera de conocerlos es cocinando con los ni\u00f1os y ni\u00f1as. Calabaza, boniato, casta\u00f1a...\",\"breadcrumb\":{\"@id\":\"https:\\\/\\\/escoles.fundesplai.org\\\/es\\\/blog-es\\\/comedor-escolar\\\/cocina-de-otono-con-los-ninos\\\/#breadcrumb\"},\"inLanguage\":\"es\",\"potentialAction\":[{\"@type\":\"ReadAction\",\"target\":[\"https:\\\/\\\/escoles.fundesplai.org\\\/es\\\/blog-es\\\/comedor-escolar\\\/cocina-de-otono-con-los-ninos\\\/\"]}]},{\"@type\":\"ImageObject\",\"inLanguage\":\"es\",\"@id\":\"https:\\\/\\\/escoles.fundesplai.org\\\/es\\\/blog-es\\\/comedor-escolar\\\/cocina-de-otono-con-los-ninos\\\/#primaryimage\",\"url\":\"https:\\\/\\\/escoles.fundesplai.org\\\/wp-content\\\/uploads\\\/2016\\\/10\\\/Cuina-de-tardor-amb-infants.jpg\",\"contentUrl\":\"https:\\\/\\\/escoles.fundesplai.org\\\/wp-content\\\/uploads\\\/2016\\\/10\\\/Cuina-de-tardor-amb-infants.jpg\",\"width\":500,\"height\":333,\"caption\":\"recetas para talleres de cocina\"},{\"@type\":\"BreadcrumbList\",\"@id\":\"https:\\\/\\\/escoles.fundesplai.org\\\/es\\\/blog-es\\\/comedor-escolar\\\/cocina-de-otono-con-los-ninos\\\/#breadcrumb\",\"itemListElement\":[{\"@type\":\"ListItem\",\"position\":1,\"name\":\"Inici\",\"item\":\"https:\\\/\\\/escoles.fundesplai.org\\\/es\\\/inicio\\\/\"},{\"@type\":\"ListItem\",\"position\":2,\"name\":\"Blog\",\"item\":\"https:\\\/\\\/escoles.fundesplai.org\\\/es\\\/blog-es\\\/\"},{\"@type\":\"ListItem\",\"position\":3,\"name\":\"Comedor escolar\",\"item\":\"https:\\\/\\\/escoles.fundesplai.org\\\/es\\\/blog-es\\\/comedor-escolar\\\/\"},{\"@type\":\"ListItem\",\"position\":4,\"name\":\"Cocina de oto\u00f1o con los ni\u00f1os\\\/as\"}]},{\"@type\":\"WebSite\",\"@id\":\"https:\\\/\\\/escoles.fundesplai.org\\\/es\\\/#website\",\"url\":\"https:\\\/\\\/escoles.fundesplai.org\\\/es\\\/\",\"name\":\"Fundesplai M\u00f3n Escolar\",\"description\":\"Serveis de lleure educatiu per a escoles\",\"publisher\":{\"@id\":\"https:\\\/\\\/escoles.fundesplai.org\\\/es\\\/#organization\"},\"potentialAction\":[{\"@type\":\"SearchAction\",\"target\":{\"@type\":\"EntryPoint\",\"urlTemplate\":\"https:\\\/\\\/escoles.fundesplai.org\\\/es\\\/?s={search_term_string}\"},\"query-input\":{\"@type\":\"PropertyValueSpecification\",\"valueRequired\":true,\"valueName\":\"search_term_string\"}}],\"inLanguage\":\"es\"},{\"@type\":\"Organization\",\"@id\":\"https:\\\/\\\/escoles.fundesplai.org\\\/es\\\/#organization\",\"name\":\"Fundesplai - M\u00f3n Escolar\",\"url\":\"https:\\\/\\\/escoles.fundesplai.org\\\/es\\\/\",\"logo\":{\"@type\":\"ImageObject\",\"inLanguage\":\"es\",\"@id\":\"https:\\\/\\\/escoles.fundesplai.org\\\/es\\\/#\\\/schema\\\/logo\\\/image\\\/\",\"url\":\"https:\\\/\\\/escoles.fundesplai.org\\\/wp-content\\\/uploads\\\/2021\\\/08\\\/logo-mon-escolar.png\",\"contentUrl\":\"https:\\\/\\\/escoles.fundesplai.org\\\/wp-content\\\/uploads\\\/2021\\\/08\\\/logo-mon-escolar.png\",\"width\":468,\"height\":211,\"caption\":\"Fundesplai - M\u00f3n Escolar\"},\"image\":{\"@id\":\"https:\\\/\\\/escoles.fundesplai.org\\\/es\\\/#\\\/schema\\\/logo\\\/image\\\/\"},\"sameAs\":[\"https:\\\/\\\/www.facebook.com\\\/Fundesplai\\\/\",\"https:\\\/\\\/x.com\\\/fundesplai\",\"https:\\\/\\\/www.instagram.com\\\/fundesplai\\\/\"]},{\"@type\":\"Person\",\"@id\":\"https:\\\/\\\/escoles.fundesplai.org\\\/es\\\/#\\\/schema\\\/person\\\/76811d1ba58c8af329733060a9b10f67\",\"name\":\"cespinosa\",\"image\":{\"@type\":\"ImageObject\",\"inLanguage\":\"es\",\"@id\":\"https:\\\/\\\/secure.gravatar.com\\\/avatar\\\/5c055e483e79baf8f2898f968d705db458690241795f16b3e0ff8fd47bdac10e?s=96&d=mm&r=g\",\"url\":\"https:\\\/\\\/secure.gravatar.com\\\/avatar\\\/5c055e483e79baf8f2898f968d705db458690241795f16b3e0ff8fd47bdac10e?s=96&d=mm&r=g\",\"contentUrl\":\"https:\\\/\\\/secure.gravatar.com\\\/avatar\\\/5c055e483e79baf8f2898f968d705db458690241795f16b3e0ff8fd47bdac10e?s=96&d=mm&r=g\",\"caption\":\"cespinosa\"}}]}<\/script>\n<!-- \/ Yoast SEO plugin. -->","yoast_head_json":{"title":"Cocina de oto\u00f1o con los ni\u00f1os\/as - Fundesplai M\u00f3n Escolar","description":"El oto\u00f1o est\u00e1 lleno de alimentos de temporada y la mejor manera de conocerlos es cocinando con los ni\u00f1os y ni\u00f1as. Calabaza, boniato, casta\u00f1a...","robots":{"index":"index","follow":"follow","max-snippet":"max-snippet:-1","max-image-preview":"max-image-preview:large","max-video-preview":"max-video-preview:-1"},"canonical":"https:\/\/escoles.fundesplai.org\/es\/blog-es\/comedor-escolar\/cocina-de-otono-con-los-ninos\/","og_locale":"es_ES","og_type":"article","og_title":"Cocina de oto\u00f1o con los ni\u00f1os\/as - Fundesplai M\u00f3n Escolar","og_description":"El oto\u00f1o est\u00e1 lleno de alimentos de temporada y la mejor manera de conocerlos es cocinando con los ni\u00f1os y ni\u00f1as. Calabaza, boniato, casta\u00f1a...","og_url":"https:\/\/escoles.fundesplai.org\/es\/blog-es\/comedor-escolar\/cocina-de-otono-con-los-ninos\/","og_site_name":"Fundesplai M\u00f3n Escolar","article_publisher":"https:\/\/www.facebook.com\/Fundesplai\/","article_published_time":"2021-09-27T11:00:39+00:00","article_modified_time":"2024-09-27T07:52:34+00:00","og_image":[{"width":500,"height":333,"url":"https:\/\/escoles.fundesplai.org\/wp-content\/uploads\/2016\/10\/Cuina-de-tardor-amb-infants.jpg","type":"image\/jpeg"}],"author":"cespinosa","twitter_card":"summary_large_image","twitter_creator":"@fundesplai","twitter_site":"@fundesplai","twitter_misc":{"Escrito por":"cespinosa","Tiempo de lectura":"12 minutos"},"schema":{"@context":"https:\/\/schema.org","@graph":[{"@type":"Article","@id":"https:\/\/escoles.fundesplai.org\/es\/blog-es\/comedor-escolar\/cocina-de-otono-con-los-ninos\/#article","isPartOf":{"@id":"https:\/\/escoles.fundesplai.org\/es\/blog-es\/comedor-escolar\/cocina-de-otono-con-los-ninos\/"},"author":{"name":"cespinosa","@id":"https:\/\/escoles.fundesplai.org\/es\/#\/schema\/person\/76811d1ba58c8af329733060a9b10f67"},"headline":"Cocina de oto\u00f1o con los ni\u00f1os\/as","datePublished":"2021-09-27T11:00:39+00:00","dateModified":"2024-09-27T07:52:34+00:00","mainEntityOfPage":{"@id":"https:\/\/escoles.fundesplai.org\/es\/blog-es\/comedor-escolar\/cocina-de-otono-con-los-ninos\/"},"wordCount":2469,"publisher":{"@id":"https:\/\/escoles.fundesplai.org\/es\/#organization"},"image":{"@id":"https:\/\/escoles.fundesplai.org\/es\/blog-es\/comedor-escolar\/cocina-de-otono-con-los-ninos\/#primaryimage"},"thumbnailUrl":"https:\/\/escoles.fundesplai.org\/wp-content\/uploads\/2016\/10\/Cuina-de-tardor-amb-infants.jpg","keywords":["actividades","alimentaci\u00f3n","familia","infants","salud","t\u00e9cnicas educativas"],"articleSection":["Comedor escolar","Educaci\u00f3n en el tiempo libre"],"inLanguage":"es"},{"@type":"WebPage","@id":"https:\/\/escoles.fundesplai.org\/es\/blog-es\/comedor-escolar\/cocina-de-otono-con-los-ninos\/","url":"https:\/\/escoles.fundesplai.org\/es\/blog-es\/comedor-escolar\/cocina-de-otono-con-los-ninos\/","name":"Cocina de oto\u00f1o con los ni\u00f1os\/as - Fundesplai M\u00f3n Escolar","isPartOf":{"@id":"https:\/\/escoles.fundesplai.org\/es\/#website"},"primaryImageOfPage":{"@id":"https:\/\/escoles.fundesplai.org\/es\/blog-es\/comedor-escolar\/cocina-de-otono-con-los-ninos\/#primaryimage"},"image":{"@id":"https:\/\/escoles.fundesplai.org\/es\/blog-es\/comedor-escolar\/cocina-de-otono-con-los-ninos\/#primaryimage"},"thumbnailUrl":"https:\/\/escoles.fundesplai.org\/wp-content\/uploads\/2016\/10\/Cuina-de-tardor-amb-infants.jpg","datePublished":"2021-09-27T11:00:39+00:00","dateModified":"2024-09-27T07:52:34+00:00","description":"El oto\u00f1o est\u00e1 lleno de alimentos de temporada y la mejor manera de conocerlos es cocinando con los ni\u00f1os y ni\u00f1as. Calabaza, boniato, casta\u00f1a...","breadcrumb":{"@id":"https:\/\/escoles.fundesplai.org\/es\/blog-es\/comedor-escolar\/cocina-de-otono-con-los-ninos\/#breadcrumb"},"inLanguage":"es","potentialAction":[{"@type":"ReadAction","target":["https:\/\/escoles.fundesplai.org\/es\/blog-es\/comedor-escolar\/cocina-de-otono-con-los-ninos\/"]}]},{"@type":"ImageObject","inLanguage":"es","@id":"https:\/\/escoles.fundesplai.org\/es\/blog-es\/comedor-escolar\/cocina-de-otono-con-los-ninos\/#primaryimage","url":"https:\/\/escoles.fundesplai.org\/wp-content\/uploads\/2016\/10\/Cuina-de-tardor-amb-infants.jpg","contentUrl":"https:\/\/escoles.fundesplai.org\/wp-content\/uploads\/2016\/10\/Cuina-de-tardor-amb-infants.jpg","width":500,"height":333,"caption":"recetas para talleres de cocina"},{"@type":"BreadcrumbList","@id":"https:\/\/escoles.fundesplai.org\/es\/blog-es\/comedor-escolar\/cocina-de-otono-con-los-ninos\/#breadcrumb","itemListElement":[{"@type":"ListItem","position":1,"name":"Inici","item":"https:\/\/escoles.fundesplai.org\/es\/inicio\/"},{"@type":"ListItem","position":2,"name":"Blog","item":"https:\/\/escoles.fundesplai.org\/es\/blog-es\/"},{"@type":"ListItem","position":3,"name":"Comedor escolar","item":"https:\/\/escoles.fundesplai.org\/es\/blog-es\/comedor-escolar\/"},{"@type":"ListItem","position":4,"name":"Cocina de oto\u00f1o con los ni\u00f1os\/as"}]},{"@type":"WebSite","@id":"https:\/\/escoles.fundesplai.org\/es\/#website","url":"https:\/\/escoles.fundesplai.org\/es\/","name":"Fundesplai M\u00f3n Escolar","description":"Serveis de lleure educatiu per a escoles","publisher":{"@id":"https:\/\/escoles.fundesplai.org\/es\/#organization"},"potentialAction":[{"@type":"SearchAction","target":{"@type":"EntryPoint","urlTemplate":"https:\/\/escoles.fundesplai.org\/es\/?s={search_term_string}"},"query-input":{"@type":"PropertyValueSpecification","valueRequired":true,"valueName":"search_term_string"}}],"inLanguage":"es"},{"@type":"Organization","@id":"https:\/\/escoles.fundesplai.org\/es\/#organization","name":"Fundesplai - M\u00f3n Escolar","url":"https:\/\/escoles.fundesplai.org\/es\/","logo":{"@type":"ImageObject","inLanguage":"es","@id":"https:\/\/escoles.fundesplai.org\/es\/#\/schema\/logo\/image\/","url":"https:\/\/escoles.fundesplai.org\/wp-content\/uploads\/2021\/08\/logo-mon-escolar.png","contentUrl":"https:\/\/escoles.fundesplai.org\/wp-content\/uploads\/2021\/08\/logo-mon-escolar.png","width":468,"height":211,"caption":"Fundesplai - M\u00f3n Escolar"},"image":{"@id":"https:\/\/escoles.fundesplai.org\/es\/#\/schema\/logo\/image\/"},"sameAs":["https:\/\/www.facebook.com\/Fundesplai\/","https:\/\/x.com\/fundesplai","https:\/\/www.instagram.com\/fundesplai\/"]},{"@type":"Person","@id":"https:\/\/escoles.fundesplai.org\/es\/#\/schema\/person\/76811d1ba58c8af329733060a9b10f67","name":"cespinosa","image":{"@type":"ImageObject","inLanguage":"es","@id":"https:\/\/secure.gravatar.com\/avatar\/5c055e483e79baf8f2898f968d705db458690241795f16b3e0ff8fd47bdac10e?s=96&d=mm&r=g","url":"https:\/\/secure.gravatar.com\/avatar\/5c055e483e79baf8f2898f968d705db458690241795f16b3e0ff8fd47bdac10e?s=96&d=mm&r=g","contentUrl":"https:\/\/secure.gravatar.com\/avatar\/5c055e483e79baf8f2898f968d705db458690241795f16b3e0ff8fd47bdac10e?s=96&d=mm&r=g","caption":"cespinosa"}}]}},"_links":{"self":[{"href":"https:\/\/escoles.fundesplai.org\/es\/wp-json\/wp\/v2\/posts\/27338","targetHints":{"allow":["GET"]}}],"collection":[{"href":"https:\/\/escoles.fundesplai.org\/es\/wp-json\/wp\/v2\/posts"}],"about":[{"href":"https:\/\/escoles.fundesplai.org\/es\/wp-json\/wp\/v2\/types\/post"}],"author":[{"embeddable":true,"href":"https:\/\/escoles.fundesplai.org\/es\/wp-json\/wp\/v2\/users\/3"}],"replies":[{"embeddable":true,"href":"https:\/\/escoles.fundesplai.org\/es\/wp-json\/wp\/v2\/comments?post=27338"}],"version-history":[{"count":8,"href":"https:\/\/escoles.fundesplai.org\/es\/wp-json\/wp\/v2\/posts\/27338\/revisions"}],"predecessor-version":[{"id":52781,"href":"https:\/\/escoles.fundesplai.org\/es\/wp-json\/wp\/v2\/posts\/27338\/revisions\/52781"}],"wp:featuredmedia":[{"embeddable":true,"href":"https:\/\/escoles.fundesplai.org\/es\/wp-json\/wp\/v2\/media\/27341"}],"wp:attachment":[{"href":"https:\/\/escoles.fundesplai.org\/es\/wp-json\/wp\/v2\/media?parent=27338"}],"wp:term":[{"taxonomy":"category","embeddable":true,"href":"https:\/\/escoles.fundesplai.org\/es\/wp-json\/wp\/v2\/categories?post=27338"},{"taxonomy":"post_tag","embeddable":true,"href":"https:\/\/escoles.fundesplai.org\/es\/wp-json\/wp\/v2\/tags?post=27338"}],"curies":[{"name":"wp","href":"https:\/\/api.w.org\/{rel}","templated":true}]}}