{"id":28322,"date":"2017-11-09T22:00:23","date_gmt":"2017-11-09T21:00:23","guid":{"rendered":"https:\/\/escoles.fundesplai.org\/sin-categorizar\/hablamos-de-coeducacion-con-nuria-solsona\/"},"modified":"2021-09-10T10:38:50","modified_gmt":"2021-09-10T08:38:50","slug":"hablamos-de-coeducacion-con-nuria-solsona","status":"publish","type":"post","link":"https:\/\/escoles.fundesplai.org\/es\/blog-es\/educacion-en-el-tiempo-libre\/hablamos-de-coeducacion-con-nuria-solsona\/","title":{"rendered":"Hablamos de coeducaci\u00f3n con N\u00faria Solsona"},"content":{"rendered":"<p>[et_pb_section fb_built=\u00bb1&#8243; _builder_version=\u00bb3.22&#8243; global_colors_info=\u00bb{}\u00bb][et_pb_row _builder_version=\u00bb3.25&#8243; background_size=\u00bbinitial\u00bb background_position=\u00bbtop_left\u00bb background_repeat=\u00bbrepeat\u00bb global_colors_info=\u00bb{}\u00bb][et_pb_column type=\u00bb4_4&#8243; _builder_version=\u00bb3.25&#8243; custom_padding=\u00bb|||\u00bb global_colors_info=\u00bb{}\u00bb custom_padding__hover=\u00bb|||\u00bb][et_pb_text _builder_version=\u00bb3.27.4&#8243; background_size=\u00bbinitial\u00bb background_position=\u00bbtop_left\u00bb background_repeat=\u00bbrepeat\u00bb global_colors_info=\u00bb{}\u00bb]<\/p>\n<p>En el marco de la propuesta educativa<a href=\"https:\/\/escoles.fundesplai.org\/blog\/lleure\/encoratjat-eduquem-per-a-la-igualtat-de-genere-i-la-violencia-zero\/\"> Encoratja&#8217;t<\/a> por la igualdad de g\u00e9nero y la violencia cero, hoy tenemos el placer de entrevistar a N\u00faria Solsona. <a href=\"https:\/\/es.wikipedia.org\/wiki\/N%C3%BAria_Solsona\">N\u00faria Solsona Pair\u00f3<\/a> es profesora e investigadora, <strong class=\"mce\">experta en coeducaci\u00f3n<\/strong> y en historia de la ciencia. Es miembro de diversos grupos de trabajo para la igualdad y la coeducaci\u00f3n y responsable de programas internacionales, cursos y m\u00e1steres universitarios. Entre otras publicaciones, N\u00faria Solsona tambi\u00e9n es la autora de <a href=\"https:\/\/criatures.ara.cat\/lectura\/princeses-pirates-llibre-coeducacio-sexisme_0_1696030562.html\">Ni princesas ni piratas<\/a>, un libro que nos ayudar\u00e1 a educar a los ni\u00f1os y ni\u00f1as en libertad, a trav\u00e9s de la coeducaci\u00f3n, promoviendo la igualdad de oportunidades y alej\u00e1ndonos de los estereotipos. \u00a1Os lo recomendamos!<\/p>\n<h4>\u00bfIdentidad sexual o identidad de g\u00e9nero?<\/h4>\n<p>La <strong>identidad sexual<\/strong> hace referencia a las caracter\u00edsticas biol\u00f3gicas de nuestros cuerpos, como los \u00f3rganos genitales internos y externos, la carga hormonal o los cromosomas; lo que nos clasifica como machos y hembras. El sexo marca las diferencias biol\u00f3gicas y hace\u00a0 diferentes los genitales, los pechos y las caderas de las mujeres y los hombres. Las personas nacemos con un sexo biol\u00f3gico, pero no nacemos conscientes de ser mujeres u hombres. La apariencia genital externa es el primer criterio para la atribuci\u00f3n del g\u00e9nero. Con el t\u00e9rmino <strong>g\u00e9nero <\/strong>se establece sobre las personas una clasificaci\u00f3n de origen cultural, que ya no se basa en la gen\u00e9tica o la biolog\u00eda, pero que nos otorga una identidad de g\u00e9nero concreta, una manera de ser, de expresarnos, de actuar y de sentir que reproduce las desigualdades por raz\u00f3n de sexo y discrimina aquellas personas que se atreven a salir de las normas. <strong>Para entender el comportamiento de las personas se debe saber que no podemos distinguir entre el sexo y el<\/strong> g\u00e9nero; no podemos saber exactamente qu\u00e9 actos son debidos al sexo y cu\u00e1les son debidos al g\u00e9nero. La distinci\u00f3n es visible en muy pocos casos, como por ejemplo en la reproducci\u00f3n humana, pero en los otros comportamientos domina el modelo de g\u00e9nero con el que la persona ha sido educada.<\/p>\n<h4>\u00bfQu\u00e9 papel juega la familia en la definici\u00f3n del g\u00e9nero?<\/h4>\n<p>La familia tiene un papel muy importante en la educaci\u00f3n y por lo tanto en la adopci\u00f3n de los modelos de g\u00e9nero. La educaci\u00f3n familiar o socializaci\u00f3n primaria es toda la informaci\u00f3n e interacci\u00f3n que se lleva a cabo en el si de la familia. Los procesos de socializaci\u00f3n modelan las personas de acuerdo con unos patrones y lo hacen de una manera muy potente. Una parte de esta socializaci\u00f3n es relativamente expl\u00edcita y la nombramos educaci\u00f3n, mientras que la otra parte no es expl\u00edcita y es formada por eso que las ni\u00f1as y ni\u00f1os ven a su alrededor des de que nacen: los comportamientos de las personas adultas, las respuestas que reciben, etc. <\/p>\n<h4>\u00bfY la escuela o esplai?<\/h4>\n<p>La escuela y el esplai son los otros agentes socializadores, adem\u00e1s de la familia. Son los agentes principales a la hora de transmitir los mensajes que condicionar\u00e1n la construcci\u00f3n dela identidad. Por eso se llama <strong>socializaci\u00f3n secundaria<\/strong> la que realiza la escuela u otros agentes socioeducativos como el esplai. Se tiene que vigilar si se asignan tareas diferentes a las chicas y los chicos, por ejemplo m\u00e1s relacionadas con la cura en el caso de las chicas y con el uso del espacio p\u00fablico en el caso de los chicos. Esto supondr\u00eda de manera expl\u00edcita una socializaci\u00f3n discriminatoria seg\u00fan el g\u00e9nero. <\/p>\n<h4>\u00bfY la sociedad en general?<\/h4>\n<p>La sociedad en general <strong>refuerza los modelos de g\u00e9nero a trav\u00e9s de los estereotipos.<\/strong> Los estereotipos de g\u00e9nero son el conjunto de ideas que nuestra sociedad construye como patrones culturales que marcan el comportamiento de mujeres y hombres, de ni\u00f1as y ni\u00f1os, en un momento hist\u00f3rico concreto. Los estereotipos de g\u00e9nero intervienen en la socializaci\u00f3n de los ni\u00f1os\/as.<\/p>\n<h4>\u00bfA qu\u00e9 edad los ni\u00f1os\/as empiezan a impregnarse de estereotipos de g\u00e9nero?<\/h4>\n<p>Los estereotipos de g\u00e9nero existen des del momento de nacer, por ejemplo en la manera que la madre y el padre se dirigen al beb\u00e9, los juguetes que escogen, el color de la ropa o el tono de voz con el que le hablen. Las \u00faltimas investigaciones indican que <strong>hacia los tres a\u00f1os los ni\u00f1os y ni\u00f1as empiezan a tener conciencia de que son ni\u00f1as o ni\u00f1os.<\/strong> Y por lo tanto, a partir de esta edad pueden empezar a apropiarse de los estereotipos.<\/p>\n<h4>\u00bfNos puedes nombrar cuatro de los estereotipos m\u00e1s recurrentes en nuestra sociedad?<\/h4>\n<p>Algunos estereotipos atribuidos al <strong>g\u00e9nero femenino\u00a0<\/strong>son la belleza, la disponibilidad, la ternura y la baja autoestima. Y algunos atributos al <strong>g\u00e9nero masculino\u00a0<\/strong>son el autocontrol, la agresividad, la tendencia a dominar y la baja afectividad.<\/p>\n<h4>\u00bfQu\u00e9 es la coeducaci\u00f3n?<\/h4>\n<p>La coeducaci\u00f3n es un cambio cultural que elimina el androcentrismo y <strong>construye una cultura en la que las tareas atribuidas a los dos g\u00e9neros tienen el mismo valor,<\/strong> a la misma vez que se elimina la imposici\u00f3n de los g\u00e9neros en funci\u00f3n del sexo. <\/p>\n<h4>\u00bfNos das 3 ideas para favorecer la coeducaci\u00f3n en la escuela y el esplai?<\/h4>\n<p>Para favorecer la coeducaci\u00f3n en la escuela y el esplai se debe prestar atenci\u00f3n a los diferentes indicadores coeducativos. Por ejemplo, se deben <strong>analizar los cuentos\u00a0<\/strong>y relatos que se utilizan en las actividades. Analizar los protagonistas principales y secundarios, ver si las ni\u00f1as salen representadas y qui\u00e9n aparece haciendo papeles secundarios. Los cuentos tradicionales se pueden descodificar con una mirada coeducativa e introducir cambios en los personajes y a las relaciones entre ellas. Si analizamos los juguetes, vemos que en general las ni\u00f1as juegan con mu\u00f1ecas y cocinas, y los ni\u00f1os con pelotas y coches. Para introducir cambios, <strong>se debe detectar el sexismo en la pr\u00e1ctica cotidiana y administrar los juegos y los juguetes para que se haga un uso no sexista. <\/strong>Es relativamente f\u00e1cil dise\u00f1ar actividades para que las ni\u00f1as jueguen con coches y se debe potenciar las mu\u00f1ecas en los juegos masculinos. Una tercera idea se refiere a la <strong>introducci\u00f3n de los saberes femeninos y los saberes de la cura.<\/strong> Si queremos educar en la construcci\u00f3n de personas aut\u00f3nomas y con empat\u00eda respecto a los otros, tenemos que incorporar los saberes de la cura instrumental, como cocinar, planchar y comprar. Por otro lado, el conocimiento acad\u00e9mico ha ignorado los saberes femeninos construidos durante los siglos por las mujeres y ahora es el momento de recuperarlos.\u00a0<\/p>\n<h4>\u00bfY esta manera de educar nos puede ayudar a prevenir la violencia de g\u00e9nero?<\/h4>\n<p>Esta manera de educar <strong>es la principal v\u00eda de prevenci\u00f3n de las relaciones abusivas y de la violencia machista. <\/strong>Cualquier insulto o trato de menosprecio que pase desapercibido en la vida cotidiana de la escuela o el esplai es la semilla de la violencia de g\u00e9nero. Se debe tener en cuenta que no solo las chicas, sino que tambi\u00e9n los chicos que no responden a la masculinidad hegem\u00f3nica son v\u00edctimas de la violencia machista.<\/p>\n<h4>\u00bfC\u00f3mo influye el patio de la escuela en las relaciones entre ni\u00f1os y ni\u00f1as?<\/h4>\n<p><strong>El patio de la escuela podr\u00eda parecer un espacio neutro, pero tiene una fuerte carga educativa y las interacciones que se producen no son libres de sexismo.<\/strong> Los ni\u00f1os ocupan el espacio central, donde se mueven mejor jugando, en general, a futbol, uno de los lemas de la masculinidad hegem\u00f3nica. Las ni\u00f1as acostumbran a hacer juegos tranquilos en la periferia. En el patio de la escuela, las ni\u00f1as aprenden a asumir su lugar secundario y ser protagonistas de los m\u00e1rgenes, aprenden a ceder el espacio con facilidad; hasta si los chicos no est\u00e1n, dudan en ocupar el espacio central del patio. A medida que se van haciendo mayores, el aprendizaje del dominio del espacio implica, por parte de las ni\u00f1as la imposici\u00f3n sobre el entorno y el ejercicio de formas de violencia y agresivas que les permiten asegurar el dominio ante posibles resistencias. Y las ni\u00f1as aprenden que su sitio natural en la vida es ocupar los espacios perif\u00e9ricos.<\/p>\n<h3>M\u00e1s informaci\u00f3n sobre la coeducaci\u00f3n<\/h3>\n<ul>\n<li><a href=\"http:\/\/projectes.fundesplai.org\/encoratjat\/\">Encoratja&#8217;t<\/a>, propuesta educativa por la igualdad de g\u00e9nero y la violencia cero, Fundesplai<\/li>\n<li><a href=\"https:\/\/escoles.fundesplai.org\/es\/blog-es\/recursos-es\/recopilacion-de-actividades-para-la-igualdad-de-genero-en-la-escuela-y-en-el-esplai\/\">Recopilaci\u00f3n de actividades para la igualdad de g\u00e9nero en la escuela<\/a>, Fundesplai<\/li>\n<li><a href=\"http:\/\/xtec.gencat.cat\/ca\/curriculum\/coeducacio\/recursos\/\">Recursos para la coeducaci\u00f3n y la igualdad de g\u00e9nero<\/a>, de la XTEC<\/li>\n<li>Gu\u00eda<em> Ni ogros ni princesas<\/em>, del Gobierno de Asturias<\/li>\n<li><a href=\"http:\/\/dones.gencat.cat\/web\/.content\/03_ambits\/docs\/publicacions_eines10.pdf\">Gu\u00eda de coeducaci\u00f3n para los centros educativos: pautas de reflexi\u00f3n y recursos para la elaboraci\u00f3n de un proyecto de centro,<\/a> de la Generalitat de Catalu\u00f1a<\/li>\n<li><a href=\"http:\/\/xtec.gencat.cat\/ca\/curriculum\/coeducacio\/recursos\/\">Din\u00e1micas coeducativas<\/a>, de la Unidad da Asesoramiento Psicopedag\u00f3gico de la UAB<\/li>\n<li><a href=\"https:\/\/www.youtube.com\/watch?v=KMcj-vnJlGY\">Entrevista a N\u00faria Solsona en Olot TV<\/a> (v\u00eddeo)<\/li>\n<\/ul>\n<p>[\/et_pb_text][\/et_pb_column][\/et_pb_row][\/et_pb_section]<\/p>\n","protected":false},"excerpt":{"rendered":"<p>En el marco de la propuesta educativa Encoratja&#8217;t por la igualdad de g\u00e9nero y la violencia cero, hoy tenemos el placer de entrevistar a N\u00faria Solsona. N\u00faria Solsona Pair\u00f3 es profesora e investigadora, experta en coeducaci\u00f3n y en historia de la ciencia. Es miembro de diversos grupos de trabajo para la igualdad y la coeducaci\u00f3n [&hellip;]<\/p>\n","protected":false},"author":3,"featured_media":28325,"comment_status":"closed","ping_status":"closed","sticky":false,"template":"","format":"standard","meta":{"_et_pb_use_builder":"on","_et_pb_old_content":"","_et_gb_content_width":"","footnotes":""},"categories":[282],"tags":[436,446,559,439,279,284,444],"class_list":["post-28322","post","type-post","status-publish","format-standard","has-post-thumbnail","hentry","category-educacion-en-el-tiempo-libre","tag-coeducacion","tag-educacion-en-valores","tag-feminismo","tag-igualdad-de-genero","tag-patio-de-la-escuela","tag-tecnicas-educativas","tag-violencia-cero"],"yoast_head":"<!-- This site is optimized with the Yoast SEO plugin v27.5 - https:\/\/yoast.com\/product\/yoast-seo-wordpress\/ -->\n<title>Hablamos de coeducaci\u00f3n con N\u00faria Solsona - Fundesplai<\/title>\n<meta name=\"description\" content=\"Hablamos de coeducaci\u00f3n con N\u00faria Solsona, de estereotipos de g\u00e9nero, de c\u00f3mo evitarlos y de c\u00f3mo la coeducaci\u00f3n nos ayuda a prevenir la violencia de g\u00e9nero.\" \/>\n<meta name=\"robots\" content=\"index, follow, max-snippet:-1, max-image-preview:large, max-video-preview:-1\" \/>\n<link rel=\"canonical\" href=\"https:\/\/escoles.fundesplai.org\/es\/blog-es\/educacion-en-el-tiempo-libre\/hablamos-de-coeducacion-con-nuria-solsona\/\" \/>\n<meta property=\"og:locale\" content=\"es_ES\" \/>\n<meta property=\"og:type\" content=\"article\" \/>\n<meta property=\"og:title\" content=\"Entrevistamos a N\u00faria Solsona, especialista en coeducaci\u00f3n - Fundesplai\" \/>\n<meta property=\"og:description\" content=\"Hablamos de coeducaci\u00f3n con N\u00faria Solsona, de estereotipos de g\u00e9nero, de c\u00f3mo evitarlos y de c\u00f3mo la coeducaci\u00f3n nos ayuda a prevenir la violencia de g\u00e9nero.\" \/>\n<meta property=\"og:url\" content=\"https:\/\/escoles.fundesplai.org\/es\/blog-es\/educacion-en-el-tiempo-libre\/hablamos-de-coeducacion-con-nuria-solsona\/\" \/>\n<meta property=\"og:site_name\" content=\"Fundesplai M\u00f3n Escolar\" \/>\n<meta property=\"article:publisher\" content=\"https:\/\/www.facebook.com\/Fundesplai\/\" \/>\n<meta property=\"article:published_time\" content=\"2017-11-09T21:00:23+00:00\" \/>\n<meta property=\"article:modified_time\" content=\"2021-09-10T08:38:50+00:00\" \/>\n<meta property=\"og:image\" content=\"https:\/\/escoles.fundesplai.org\/wp-content\/uploads\/2017\/11\/foto2_N\u00fariaSolsona.jpg\" \/>\n\t<meta property=\"og:image:width\" content=\"700\" \/>\n\t<meta property=\"og:image:height\" content=\"500\" \/>\n\t<meta property=\"og:image:type\" content=\"image\/jpeg\" \/>\n<meta name=\"author\" content=\"cespinosa\" \/>\n<meta name=\"twitter:card\" content=\"summary_large_image\" \/>\n<meta name=\"twitter:creator\" content=\"@fundesplai\" \/>\n<meta name=\"twitter:site\" content=\"@fundesplai\" \/>\n<meta name=\"twitter:label1\" content=\"Escrito por\" \/>\n\t<meta name=\"twitter:data1\" content=\"cespinosa\" \/>\n\t<meta name=\"twitter:label2\" content=\"Tiempo de lectura\" \/>\n\t<meta name=\"twitter:data2\" content=\"8 minutos\" \/>\n<script type=\"application\/ld+json\" class=\"yoast-schema-graph\">{\"@context\":\"https:\\\/\\\/schema.org\",\"@graph\":[{\"@type\":\"Article\",\"@id\":\"https:\\\/\\\/escoles.fundesplai.org\\\/es\\\/blog-es\\\/educacion-en-el-tiempo-libre\\\/hablamos-de-coeducacion-con-nuria-solsona\\\/#article\",\"isPartOf\":{\"@id\":\"https:\\\/\\\/escoles.fundesplai.org\\\/es\\\/blog-es\\\/educacion-en-el-tiempo-libre\\\/hablamos-de-coeducacion-con-nuria-solsona\\\/\"},\"author\":{\"name\":\"cespinosa\",\"@id\":\"https:\\\/\\\/escoles.fundesplai.org\\\/es\\\/#\\\/schema\\\/person\\\/76811d1ba58c8af329733060a9b10f67\"},\"headline\":\"Hablamos de coeducaci\u00f3n con N\u00faria Solsona\",\"datePublished\":\"2017-11-09T21:00:23+00:00\",\"dateModified\":\"2021-09-10T08:38:50+00:00\",\"mainEntityOfPage\":{\"@id\":\"https:\\\/\\\/escoles.fundesplai.org\\\/es\\\/blog-es\\\/educacion-en-el-tiempo-libre\\\/hablamos-de-coeducacion-con-nuria-solsona\\\/\"},\"wordCount\":1632,\"publisher\":{\"@id\":\"https:\\\/\\\/escoles.fundesplai.org\\\/es\\\/#organization\"},\"image\":{\"@id\":\"https:\\\/\\\/escoles.fundesplai.org\\\/es\\\/blog-es\\\/educacion-en-el-tiempo-libre\\\/hablamos-de-coeducacion-con-nuria-solsona\\\/#primaryimage\"},\"thumbnailUrl\":\"https:\\\/\\\/escoles.fundesplai.org\\\/wp-content\\\/uploads\\\/2017\\\/11\\\/foto2_N\u00fariaSolsona.jpg\",\"keywords\":[\"coeducaci\u00f3n\",\"educaci\u00f3n en valores\",\"feminismo\",\"igualdad de g\u00e9nero\",\"patio de la escuela\",\"t\u00e9cnicas educativas\",\"violencia cero\"],\"articleSection\":[\"Educaci\u00f3n en el tiempo libre\"],\"inLanguage\":\"es\"},{\"@type\":\"WebPage\",\"@id\":\"https:\\\/\\\/escoles.fundesplai.org\\\/es\\\/blog-es\\\/educacion-en-el-tiempo-libre\\\/hablamos-de-coeducacion-con-nuria-solsona\\\/\",\"url\":\"https:\\\/\\\/escoles.fundesplai.org\\\/es\\\/blog-es\\\/educacion-en-el-tiempo-libre\\\/hablamos-de-coeducacion-con-nuria-solsona\\\/\",\"name\":\"Hablamos de coeducaci\u00f3n con N\u00faria Solsona - Fundesplai\",\"isPartOf\":{\"@id\":\"https:\\\/\\\/escoles.fundesplai.org\\\/es\\\/#website\"},\"primaryImageOfPage\":{\"@id\":\"https:\\\/\\\/escoles.fundesplai.org\\\/es\\\/blog-es\\\/educacion-en-el-tiempo-libre\\\/hablamos-de-coeducacion-con-nuria-solsona\\\/#primaryimage\"},\"image\":{\"@id\":\"https:\\\/\\\/escoles.fundesplai.org\\\/es\\\/blog-es\\\/educacion-en-el-tiempo-libre\\\/hablamos-de-coeducacion-con-nuria-solsona\\\/#primaryimage\"},\"thumbnailUrl\":\"https:\\\/\\\/escoles.fundesplai.org\\\/wp-content\\\/uploads\\\/2017\\\/11\\\/foto2_N\u00fariaSolsona.jpg\",\"datePublished\":\"2017-11-09T21:00:23+00:00\",\"dateModified\":\"2021-09-10T08:38:50+00:00\",\"description\":\"Hablamos de coeducaci\u00f3n con N\u00faria Solsona, de estereotipos de g\u00e9nero, de c\u00f3mo evitarlos y de c\u00f3mo la coeducaci\u00f3n nos ayuda a prevenir la violencia de g\u00e9nero.\",\"breadcrumb\":{\"@id\":\"https:\\\/\\\/escoles.fundesplai.org\\\/es\\\/blog-es\\\/educacion-en-el-tiempo-libre\\\/hablamos-de-coeducacion-con-nuria-solsona\\\/#breadcrumb\"},\"inLanguage\":\"es\",\"potentialAction\":[{\"@type\":\"ReadAction\",\"target\":[\"https:\\\/\\\/escoles.fundesplai.org\\\/es\\\/blog-es\\\/educacion-en-el-tiempo-libre\\\/hablamos-de-coeducacion-con-nuria-solsona\\\/\"]}]},{\"@type\":\"ImageObject\",\"inLanguage\":\"es\",\"@id\":\"https:\\\/\\\/escoles.fundesplai.org\\\/es\\\/blog-es\\\/educacion-en-el-tiempo-libre\\\/hablamos-de-coeducacion-con-nuria-solsona\\\/#primaryimage\",\"url\":\"https:\\\/\\\/escoles.fundesplai.org\\\/wp-content\\\/uploads\\\/2017\\\/11\\\/foto2_N\u00fariaSolsona.jpg\",\"contentUrl\":\"https:\\\/\\\/escoles.fundesplai.org\\\/wp-content\\\/uploads\\\/2017\\\/11\\\/foto2_N\u00fariaSolsona.jpg\",\"width\":700,\"height\":500},{\"@type\":\"BreadcrumbList\",\"@id\":\"https:\\\/\\\/escoles.fundesplai.org\\\/es\\\/blog-es\\\/educacion-en-el-tiempo-libre\\\/hablamos-de-coeducacion-con-nuria-solsona\\\/#breadcrumb\",\"itemListElement\":[{\"@type\":\"ListItem\",\"position\":1,\"name\":\"Inici\",\"item\":\"https:\\\/\\\/escoles.fundesplai.org\\\/es\\\/inicio\\\/\"},{\"@type\":\"ListItem\",\"position\":2,\"name\":\"Blog\",\"item\":\"https:\\\/\\\/escoles.fundesplai.org\\\/es\\\/blog-es\\\/\"},{\"@type\":\"ListItem\",\"position\":3,\"name\":\"Educaci\u00f3n en el tiempo libre\",\"item\":\"https:\\\/\\\/escoles.fundesplai.org\\\/es\\\/blog-es\\\/educacion-en-el-tiempo-libre\\\/\"},{\"@type\":\"ListItem\",\"position\":4,\"name\":\"Hablamos de coeducaci\u00f3n con N\u00faria Solsona\"}]},{\"@type\":\"WebSite\",\"@id\":\"https:\\\/\\\/escoles.fundesplai.org\\\/es\\\/#website\",\"url\":\"https:\\\/\\\/escoles.fundesplai.org\\\/es\\\/\",\"name\":\"Fundesplai M\u00f3n Escolar\",\"description\":\"Serveis de lleure educatiu per a escoles\",\"publisher\":{\"@id\":\"https:\\\/\\\/escoles.fundesplai.org\\\/es\\\/#organization\"},\"potentialAction\":[{\"@type\":\"SearchAction\",\"target\":{\"@type\":\"EntryPoint\",\"urlTemplate\":\"https:\\\/\\\/escoles.fundesplai.org\\\/es\\\/?s={search_term_string}\"},\"query-input\":{\"@type\":\"PropertyValueSpecification\",\"valueRequired\":true,\"valueName\":\"search_term_string\"}}],\"inLanguage\":\"es\"},{\"@type\":\"Organization\",\"@id\":\"https:\\\/\\\/escoles.fundesplai.org\\\/es\\\/#organization\",\"name\":\"Fundesplai - M\u00f3n Escolar\",\"url\":\"https:\\\/\\\/escoles.fundesplai.org\\\/es\\\/\",\"logo\":{\"@type\":\"ImageObject\",\"inLanguage\":\"es\",\"@id\":\"https:\\\/\\\/escoles.fundesplai.org\\\/es\\\/#\\\/schema\\\/logo\\\/image\\\/\",\"url\":\"https:\\\/\\\/escoles.fundesplai.org\\\/wp-content\\\/uploads\\\/2021\\\/08\\\/logo-mon-escolar.png\",\"contentUrl\":\"https:\\\/\\\/escoles.fundesplai.org\\\/wp-content\\\/uploads\\\/2021\\\/08\\\/logo-mon-escolar.png\",\"width\":468,\"height\":211,\"caption\":\"Fundesplai - M\u00f3n Escolar\"},\"image\":{\"@id\":\"https:\\\/\\\/escoles.fundesplai.org\\\/es\\\/#\\\/schema\\\/logo\\\/image\\\/\"},\"sameAs\":[\"https:\\\/\\\/www.facebook.com\\\/Fundesplai\\\/\",\"https:\\\/\\\/x.com\\\/fundesplai\",\"https:\\\/\\\/www.instagram.com\\\/fundesplai\\\/\"]},{\"@type\":\"Person\",\"@id\":\"https:\\\/\\\/escoles.fundesplai.org\\\/es\\\/#\\\/schema\\\/person\\\/76811d1ba58c8af329733060a9b10f67\",\"name\":\"cespinosa\",\"image\":{\"@type\":\"ImageObject\",\"inLanguage\":\"es\",\"@id\":\"https:\\\/\\\/secure.gravatar.com\\\/avatar\\\/5c055e483e79baf8f2898f968d705db458690241795f16b3e0ff8fd47bdac10e?s=96&d=mm&r=g\",\"url\":\"https:\\\/\\\/secure.gravatar.com\\\/avatar\\\/5c055e483e79baf8f2898f968d705db458690241795f16b3e0ff8fd47bdac10e?s=96&d=mm&r=g\",\"contentUrl\":\"https:\\\/\\\/secure.gravatar.com\\\/avatar\\\/5c055e483e79baf8f2898f968d705db458690241795f16b3e0ff8fd47bdac10e?s=96&d=mm&r=g\",\"caption\":\"cespinosa\"}}]}<\/script>\n<!-- \/ Yoast SEO plugin. -->","yoast_head_json":{"title":"Hablamos de coeducaci\u00f3n con N\u00faria Solsona - Fundesplai","description":"Hablamos de coeducaci\u00f3n con N\u00faria Solsona, de estereotipos de g\u00e9nero, de c\u00f3mo evitarlos y de c\u00f3mo la coeducaci\u00f3n nos ayuda a prevenir la violencia de g\u00e9nero.","robots":{"index":"index","follow":"follow","max-snippet":"max-snippet:-1","max-image-preview":"max-image-preview:large","max-video-preview":"max-video-preview:-1"},"canonical":"https:\/\/escoles.fundesplai.org\/es\/blog-es\/educacion-en-el-tiempo-libre\/hablamos-de-coeducacion-con-nuria-solsona\/","og_locale":"es_ES","og_type":"article","og_title":"Entrevistamos a N\u00faria Solsona, especialista en coeducaci\u00f3n - Fundesplai","og_description":"Hablamos de coeducaci\u00f3n con N\u00faria Solsona, de estereotipos de g\u00e9nero, de c\u00f3mo evitarlos y de c\u00f3mo la coeducaci\u00f3n nos ayuda a prevenir la violencia de g\u00e9nero.","og_url":"https:\/\/escoles.fundesplai.org\/es\/blog-es\/educacion-en-el-tiempo-libre\/hablamos-de-coeducacion-con-nuria-solsona\/","og_site_name":"Fundesplai M\u00f3n Escolar","article_publisher":"https:\/\/www.facebook.com\/Fundesplai\/","article_published_time":"2017-11-09T21:00:23+00:00","article_modified_time":"2021-09-10T08:38:50+00:00","og_image":[{"width":700,"height":500,"url":"https:\/\/escoles.fundesplai.org\/wp-content\/uploads\/2017\/11\/foto2_N\u00fariaSolsona.jpg","type":"image\/jpeg"}],"author":"cespinosa","twitter_card":"summary_large_image","twitter_creator":"@fundesplai","twitter_site":"@fundesplai","twitter_misc":{"Escrito por":"cespinosa","Tiempo de lectura":"8 minutos"},"schema":{"@context":"https:\/\/schema.org","@graph":[{"@type":"Article","@id":"https:\/\/escoles.fundesplai.org\/es\/blog-es\/educacion-en-el-tiempo-libre\/hablamos-de-coeducacion-con-nuria-solsona\/#article","isPartOf":{"@id":"https:\/\/escoles.fundesplai.org\/es\/blog-es\/educacion-en-el-tiempo-libre\/hablamos-de-coeducacion-con-nuria-solsona\/"},"author":{"name":"cespinosa","@id":"https:\/\/escoles.fundesplai.org\/es\/#\/schema\/person\/76811d1ba58c8af329733060a9b10f67"},"headline":"Hablamos de coeducaci\u00f3n con N\u00faria Solsona","datePublished":"2017-11-09T21:00:23+00:00","dateModified":"2021-09-10T08:38:50+00:00","mainEntityOfPage":{"@id":"https:\/\/escoles.fundesplai.org\/es\/blog-es\/educacion-en-el-tiempo-libre\/hablamos-de-coeducacion-con-nuria-solsona\/"},"wordCount":1632,"publisher":{"@id":"https:\/\/escoles.fundesplai.org\/es\/#organization"},"image":{"@id":"https:\/\/escoles.fundesplai.org\/es\/blog-es\/educacion-en-el-tiempo-libre\/hablamos-de-coeducacion-con-nuria-solsona\/#primaryimage"},"thumbnailUrl":"https:\/\/escoles.fundesplai.org\/wp-content\/uploads\/2017\/11\/foto2_N\u00fariaSolsona.jpg","keywords":["coeducaci\u00f3n","educaci\u00f3n en valores","feminismo","igualdad de g\u00e9nero","patio de la escuela","t\u00e9cnicas educativas","violencia cero"],"articleSection":["Educaci\u00f3n en el tiempo libre"],"inLanguage":"es"},{"@type":"WebPage","@id":"https:\/\/escoles.fundesplai.org\/es\/blog-es\/educacion-en-el-tiempo-libre\/hablamos-de-coeducacion-con-nuria-solsona\/","url":"https:\/\/escoles.fundesplai.org\/es\/blog-es\/educacion-en-el-tiempo-libre\/hablamos-de-coeducacion-con-nuria-solsona\/","name":"Hablamos de coeducaci\u00f3n con N\u00faria Solsona - Fundesplai","isPartOf":{"@id":"https:\/\/escoles.fundesplai.org\/es\/#website"},"primaryImageOfPage":{"@id":"https:\/\/escoles.fundesplai.org\/es\/blog-es\/educacion-en-el-tiempo-libre\/hablamos-de-coeducacion-con-nuria-solsona\/#primaryimage"},"image":{"@id":"https:\/\/escoles.fundesplai.org\/es\/blog-es\/educacion-en-el-tiempo-libre\/hablamos-de-coeducacion-con-nuria-solsona\/#primaryimage"},"thumbnailUrl":"https:\/\/escoles.fundesplai.org\/wp-content\/uploads\/2017\/11\/foto2_N\u00fariaSolsona.jpg","datePublished":"2017-11-09T21:00:23+00:00","dateModified":"2021-09-10T08:38:50+00:00","description":"Hablamos de coeducaci\u00f3n con N\u00faria Solsona, de estereotipos de g\u00e9nero, de c\u00f3mo evitarlos y de c\u00f3mo la coeducaci\u00f3n nos ayuda a prevenir la violencia de g\u00e9nero.","breadcrumb":{"@id":"https:\/\/escoles.fundesplai.org\/es\/blog-es\/educacion-en-el-tiempo-libre\/hablamos-de-coeducacion-con-nuria-solsona\/#breadcrumb"},"inLanguage":"es","potentialAction":[{"@type":"ReadAction","target":["https:\/\/escoles.fundesplai.org\/es\/blog-es\/educacion-en-el-tiempo-libre\/hablamos-de-coeducacion-con-nuria-solsona\/"]}]},{"@type":"ImageObject","inLanguage":"es","@id":"https:\/\/escoles.fundesplai.org\/es\/blog-es\/educacion-en-el-tiempo-libre\/hablamos-de-coeducacion-con-nuria-solsona\/#primaryimage","url":"https:\/\/escoles.fundesplai.org\/wp-content\/uploads\/2017\/11\/foto2_N\u00fariaSolsona.jpg","contentUrl":"https:\/\/escoles.fundesplai.org\/wp-content\/uploads\/2017\/11\/foto2_N\u00fariaSolsona.jpg","width":700,"height":500},{"@type":"BreadcrumbList","@id":"https:\/\/escoles.fundesplai.org\/es\/blog-es\/educacion-en-el-tiempo-libre\/hablamos-de-coeducacion-con-nuria-solsona\/#breadcrumb","itemListElement":[{"@type":"ListItem","position":1,"name":"Inici","item":"https:\/\/escoles.fundesplai.org\/es\/inicio\/"},{"@type":"ListItem","position":2,"name":"Blog","item":"https:\/\/escoles.fundesplai.org\/es\/blog-es\/"},{"@type":"ListItem","position":3,"name":"Educaci\u00f3n en el tiempo libre","item":"https:\/\/escoles.fundesplai.org\/es\/blog-es\/educacion-en-el-tiempo-libre\/"},{"@type":"ListItem","position":4,"name":"Hablamos de coeducaci\u00f3n con N\u00faria Solsona"}]},{"@type":"WebSite","@id":"https:\/\/escoles.fundesplai.org\/es\/#website","url":"https:\/\/escoles.fundesplai.org\/es\/","name":"Fundesplai M\u00f3n Escolar","description":"Serveis de lleure educatiu per a escoles","publisher":{"@id":"https:\/\/escoles.fundesplai.org\/es\/#organization"},"potentialAction":[{"@type":"SearchAction","target":{"@type":"EntryPoint","urlTemplate":"https:\/\/escoles.fundesplai.org\/es\/?s={search_term_string}"},"query-input":{"@type":"PropertyValueSpecification","valueRequired":true,"valueName":"search_term_string"}}],"inLanguage":"es"},{"@type":"Organization","@id":"https:\/\/escoles.fundesplai.org\/es\/#organization","name":"Fundesplai - M\u00f3n Escolar","url":"https:\/\/escoles.fundesplai.org\/es\/","logo":{"@type":"ImageObject","inLanguage":"es","@id":"https:\/\/escoles.fundesplai.org\/es\/#\/schema\/logo\/image\/","url":"https:\/\/escoles.fundesplai.org\/wp-content\/uploads\/2021\/08\/logo-mon-escolar.png","contentUrl":"https:\/\/escoles.fundesplai.org\/wp-content\/uploads\/2021\/08\/logo-mon-escolar.png","width":468,"height":211,"caption":"Fundesplai - M\u00f3n Escolar"},"image":{"@id":"https:\/\/escoles.fundesplai.org\/es\/#\/schema\/logo\/image\/"},"sameAs":["https:\/\/www.facebook.com\/Fundesplai\/","https:\/\/x.com\/fundesplai","https:\/\/www.instagram.com\/fundesplai\/"]},{"@type":"Person","@id":"https:\/\/escoles.fundesplai.org\/es\/#\/schema\/person\/76811d1ba58c8af329733060a9b10f67","name":"cespinosa","image":{"@type":"ImageObject","inLanguage":"es","@id":"https:\/\/secure.gravatar.com\/avatar\/5c055e483e79baf8f2898f968d705db458690241795f16b3e0ff8fd47bdac10e?s=96&d=mm&r=g","url":"https:\/\/secure.gravatar.com\/avatar\/5c055e483e79baf8f2898f968d705db458690241795f16b3e0ff8fd47bdac10e?s=96&d=mm&r=g","contentUrl":"https:\/\/secure.gravatar.com\/avatar\/5c055e483e79baf8f2898f968d705db458690241795f16b3e0ff8fd47bdac10e?s=96&d=mm&r=g","caption":"cespinosa"}}]}},"_links":{"self":[{"href":"https:\/\/escoles.fundesplai.org\/es\/wp-json\/wp\/v2\/posts\/28322","targetHints":{"allow":["GET"]}}],"collection":[{"href":"https:\/\/escoles.fundesplai.org\/es\/wp-json\/wp\/v2\/posts"}],"about":[{"href":"https:\/\/escoles.fundesplai.org\/es\/wp-json\/wp\/v2\/types\/post"}],"author":[{"embeddable":true,"href":"https:\/\/escoles.fundesplai.org\/es\/wp-json\/wp\/v2\/users\/3"}],"replies":[{"embeddable":true,"href":"https:\/\/escoles.fundesplai.org\/es\/wp-json\/wp\/v2\/comments?post=28322"}],"version-history":[{"count":3,"href":"https:\/\/escoles.fundesplai.org\/es\/wp-json\/wp\/v2\/posts\/28322\/revisions"}],"predecessor-version":[{"id":28327,"href":"https:\/\/escoles.fundesplai.org\/es\/wp-json\/wp\/v2\/posts\/28322\/revisions\/28327"}],"wp:featuredmedia":[{"embeddable":true,"href":"https:\/\/escoles.fundesplai.org\/es\/wp-json\/wp\/v2\/media\/28325"}],"wp:attachment":[{"href":"https:\/\/escoles.fundesplai.org\/es\/wp-json\/wp\/v2\/media?parent=28322"}],"wp:term":[{"taxonomy":"category","embeddable":true,"href":"https:\/\/escoles.fundesplai.org\/es\/wp-json\/wp\/v2\/categories?post=28322"},{"taxonomy":"post_tag","embeddable":true,"href":"https:\/\/escoles.fundesplai.org\/es\/wp-json\/wp\/v2\/tags?post=28322"}],"curies":[{"name":"wp","href":"https:\/\/api.w.org\/{rel}","templated":true}]}}