{"id":32704,"date":"2026-02-05T09:37:57","date_gmt":"2026-02-05T08:37:57","guid":{"rendered":"https:\/\/escoles.fundesplai.org\/sin-categorizar\/15-actividades-para-el-dia-de-la-mujer-en-la-ciencia\/"},"modified":"2026-04-01T09:24:01","modified_gmt":"2026-04-01T07:24:01","slug":"15-actividades-para-el-dia-de-la-mujer-en-la-ciencia","status":"publish","type":"post","link":"https:\/\/escoles.fundesplai.org\/es\/blog-es\/recursos-es\/15-actividades-para-el-dia-de-la-mujer-en-la-ciencia\/","title":{"rendered":"15 actividades por el D\u00eda de la Mujer en la Ciencia (parte 1)"},"content":{"rendered":"<p>[et_pb_section fb_built=\u00bb1&#8243; _builder_version=\u00bb4.16&#8243; _module_preset=\u00bbdefault\u00bb global_colors_info=\u00bb{}\u00bb][et_pb_row _builder_version=\u00bb4.16&#8243; _module_preset=\u00bbdefault\u00bb global_colors_info=\u00bb{}\u00bb][et_pb_column type=\u00bb4_4&#8243; _builder_version=\u00bb4.16&#8243; _module_preset=\u00bbdefault\u00bb global_colors_info=\u00bb{}\u00bb][et_pb_text admin_label=\u00bbINTRO\u00bb _builder_version=\u00bb4.27.5&#8243; _module_preset=\u00bbdefault\u00bb global_colors_info=\u00bb{}\u00bb]<\/p>\n<p>La mujer, desgraciadamente, nunca ha jugado un papel demasiado visible en el mundo de la ciencia. A pesar de haber participado activamente y de haber hecho grandes avances, a menudo solo se conocen los nombres de cient\u00edficos importantes como Albert Einstein, Louis Pasteur, Stephen Hawking o Isaac Newton. Pero, \u00bfy si te hablamos de Marie Curie, Grace Hooper, Chien Shiung Wu o Nettie Stevens? Todas ellas han sido <strong>mujeres con un papel muy importante en el mundo de la ciencia y la investigaci\u00f3n.<\/strong>   <\/p>\n<p>El d\u00eda <strong>11 de febrero es el <a href=\"https:\/\/www.un.org\/es\/observances\/women-and-girls-in-science-day\">D\u00eda Internacional de la Mujer y la Ni\u00f1a en la Ciencia<\/a>,<\/strong> que fue proclamado en 2015 por la Asamblea General de las Naciones Unidas para reivindicar <strong>el papel que tiene la mujer en el mundo cient\u00edfico y tecnol\u00f3gico<\/strong>. Con la proclamaci\u00f3n de ese d\u00eda, se quiere conseguir la igualdad en el acceso y participaci\u00f3n de la mujer en el mundo de la investigaci\u00f3n cient\u00edfica <\/p>\n<p>Desde Fundesplai, reivindicamos la igualdad de g\u00e9nero el 11 de febrero y cada d\u00eda, y promovemos actividades STEM (ciencia, tecnolog\u00eda, ingenier\u00eda y matem\u00e1ticas) para que las ni\u00f1as se sientan atra\u00eddas por estos \u00e1mbitos cient\u00edficos. Por eso te proponemos <strong>15 actividades educativas para todas las edades<\/strong> relacionadas con la b\u00fasqueda de <strong>15 mujeres cient\u00edficas.<\/strong> <\/p>\n<p>[\/et_pb_text][et_pb_text _builder_version=\u00bb4.27.5&#8243; _module_preset=\u00bbdefault\u00bb custom_margin=\u00bb20px||||false|false\u00bb global_colors_info=\u00bb{}\u00bb]<\/p>\n<h3 style=\"text-align: left;\">\u00bfQU\u00c9 CIENT\u00cdFICAS Y ACTIVIDADES ENCONTRAR\u00c1S EN ESTA ENTRADA?<\/h3>\n<p>Puedes pulsar en cada uno de los apartados para tener un acceso r\u00e1pido a aquella cient\u00edfica y actividad. \u00a1Esperamos que te guste la propuesta! <\/p>\n<p>[\/et_pb_text][\/et_pb_column][\/et_pb_row][et_pb_row column_structure=\u00bb1_2,1_2&#8243; _builder_version=\u00bb4.16&#8243; _module_preset=\u00bbdefault\u00bb global_colors_info=\u00bb{}\u00bb][et_pb_column type=\u00bb1_2&#8243; _builder_version=\u00bb4.16&#8243; _module_preset=\u00bbdefault\u00bb global_colors_info=\u00bb{}\u00bb][et_pb_text admin_label=\u00bbindex1&#8243; _builder_version=\u00bb4.16&#8243; _module_preset=\u00bbdefault\u00bb custom_margin=\u00bb30px||||false|false\u00bb global_colors_info=\u00bb{}\u00bb]<\/p>\n<ul>\n<li><a href=\"#activitat1\">1. Ada Lovelace &#8211; \u00a1Ponte a programar!<\/a><\/li>\n<li><a href=\"#activitat2\">2. Francisca Nneke Okeke &#8211; Las monedas que bailan<\/a><\/li>\n<li><a href=\"#activitat3\">3. Fran\u00e7oise Barr\u00e9-Sinoussi &#8211; Todo bien limpio<\/a><\/li>\n<li><a href=\"#activitat4\">4. Jane Goodall &#8211; Conoce a los chimpanc\u00e9s<\/a><\/li>\n<li><a href=\"#activitat5\">5. Josefina Castellv\u00ed &#8211; Experimenta con los cubitos de hielo<\/a><\/li>\n<li><a href=\"#activitat6\">6. Kathrina Barboza Marquez &#8211; Haz cajas nido para murci\u00e9lagos<\/a><\/li>\n<li><a href=\"#activitat7\">7. Mary Anning &#8211; Crea tus f\u00f3siles<\/a><\/li>\n<\/ul>\n<p>[\/et_pb_text][\/et_pb_column][et_pb_column type=\u00bb1_2&#8243; _builder_version=\u00bb4.16&#8243; _module_preset=\u00bbdefault\u00bb global_colors_info=\u00bb{}\u00bb][et_pb_text admin_label=\u00bbindex2&#8243; _builder_version=\u00bb4.16&#8243; _module_preset=\u00bbdefault\u00bb custom_margin=\u00bb30px||||false|false\u00bb global_colors_info=\u00bb{}\u00bb]<\/p>\n<ul>\n<li><a href=\"#activitat8\">8. Maria Sibylla Merian &#8211; Haz un hotel de insectos<\/a><\/li>\n<li><a href=\"#activitat9\">9. Michiyo Tsujimura &#8211; Las plantas medicinales<\/a><\/li>\n<li><a href=\"#activitat10\">10. Patricia Bath &#8211; Una mano 3D<\/a><\/li>\n<li><a href=\"#activitat11\">11. Rachel Carson &#8211; Crea pociones contra las plagas<\/a><\/li>\n<li><a href=\"#activitat12\">12. Rosalind Franklin &#8211; Extrae el ADN<\/a><\/li>\n<li><a href=\"#activitat13\">13. Valentina Tereshkova &#8211; \u00a1Dale la vuelta al vaso!<\/a><\/li>\n<li><a href=\"#activitat14\">14. Wang Zhenyi &#8211; Haz una maqueta de eclipses<\/a><\/li>\n<li><a href=\"#activitat15\">15. Wangari Muta Maathai &#8211; \u00a1Ponte a plantar!<\/a><\/li>\n<\/ul>\n<p>&nbsp;<\/p>\n<p>[\/et_pb_text][\/et_pb_column][\/et_pb_row][et_pb_row _builder_version=\u00bb4.22.2&#8243; _module_preset=\u00bbdefault\u00bb global_colors_info=\u00bb{}\u00bb][et_pb_column type=\u00bb4_4&#8243; _builder_version=\u00bb4.22.2&#8243; _module_preset=\u00bbdefault\u00bb global_colors_info=\u00bb{}\u00bb][et_pb_text _builder_version=\u00bb4.27.5&#8243; _module_preset=\u00bbdefault\u00bb custom_margin=\u00bb||||false|false\u00bb global_colors_info=\u00bb{}\u00bb]<\/p>\n<p>Si quieres ampliar la lista de mujeres cient\u00edficas y de actividades, echa un vistazo a la entrada <a href=\"https:\/\/escoles.fundesplai.org\/es\/blog-es\/recursos-es\/10-actividades-por-el-dia-de-la-mujer-en-la-ciencia-parte-2\/\">10 actividades para el D\u00eda de la Mujer en la ciencia<\/a>, con la que podr\u00e1s ampliar tu repertorio y adem\u00e1s podr\u00e1s <strong>descargarte una gu\u00eda con un total de 25 mujeres cient\u00edficas y 25 actividades<\/strong> relacionadas con su campo de investigaci\u00f3n. \u00a1No te la pierdas! <\/p>\n<p>[\/et_pb_text][\/et_pb_column][\/et_pb_row][et_pb_row _builder_version=\u00bb4.16&#8243; _module_preset=\u00bbdefault\u00bb global_colors_info=\u00bb{}\u00bb][et_pb_column type=\u00bb4_4&#8243; _builder_version=\u00bb4.16&#8243; _module_preset=\u00bbdefault\u00bb global_colors_info=\u00bb{}\u00bb][et_pb_text admin_label=\u00bbLA DONA I LA CI\u00c8NCIA\u00bb _builder_version=\u00bb4.27.4&#8243; _module_preset=\u00bbdefault\u00bb custom_margin=\u00bb30px||||false|false\u00bb global_colors_info=\u00bb{}\u00bb]<\/p>\n<h3>LA MUJER Y LA CIENCIA<\/h3>\n<p>Seg\u00fan la <a href=\"https:\/\/www.unesco.org\/es\">UNESCO<\/a>, en Europa, <strong>las mujeres son menos del 45% en la comunidad cient\u00edfica<\/strong>. En el \u00e1mbito de la inteligencia artificial, un sector en pleno crecimiento y de los m\u00e1s l\u00edderes, solo hay un 10 y 15% de mujeres, <a href=\"https:\/\/media-edg.barcelona.cat\/wp-content\/uploads\/2020\/06\/04111603\/CELEX_52020DC0152_ES_TXT-1.pdf\">seg\u00fan la Comisi\u00f3n Europea<\/a>. Estos datos son un reflejo de los estereotipos que durante a\u00f1os se han arrastrado a la sociedad y que todav\u00eda actualmente hacen que la desigualdad entre hombres y mujeres sea evidente en estos \u00e1mbitos.  <\/p>\n<p>Hay varios <a href=\"https:\/\/www.science.org\/doi\/full\/10.1126\/science.aah6524\">estudios<\/a> que destacan que las ni\u00f1as se sienten inferiores en relaci\u00f3n al \u00e1mbito STEM, siendo a menudo los ni\u00f1os quienes tienen m\u00e1s motivaci\u00f3n y predisposici\u00f3n a escoger asignaturas y carreras relacionadas con la ciencia y la tecnolog\u00eda. Hay muchos estereotipos de g\u00e9nero y <strong>carencias de referentes femeninos<\/strong> que hacen que las ni\u00f1as y chicas no se vean ilusionadas en escoger estos \u00e1mbitos de investigaci\u00f3n. <\/p>\n<p>Adem\u00e1s, tambi\u00e9n existen todav\u00eda desigualdades en cuanto a la elecci\u00f3n de <a href=\"https:\/\/escoles.fundesplai.org\/es\/blog-es\/acogidas-y-extraescolares\/hay-igualdad-de-genero-en-las-extraescolares\/\">actividades extraescolares<\/a>, en las que los estereotipos familiares y la presi\u00f3n social hacen que haya una gran diferencia en la participaci\u00f3n de ni\u00f1os y ni\u00f1as seg\u00fan el \u00e1mbito de la actividad.<\/p>\n<p><strong>Todos los ni\u00f1os y ni\u00f1as, independientemente de su g\u00e9nero, tienen derecho a ser grandes cient\u00edficos y cient\u00edficas<\/strong>, exploradores y exploradoras o investigadores e investigadoras, pues \u00a1dej\u00e9mosles ser!<\/p>\n<p>[\/et_pb_text][et_pb_image src=\u00bbhttps:\/\/escoles.fundesplai.org\/wp-content\/uploads\/2022\/02\/Ciencia-nenes-Fundesplai.jpg\u00bb alt=\u00bbCiencia ni\u00f1as Fundesplai\u00bb title_text=\u00bbCiencia ni\u00f1as Fundesplai\u00bb _builder_version=\u00bb4.16&#8243; _module_preset=\u00bbdefault\u00bb custom_margin=\u00bb20px||||false|false\u00bb global_colors_info=\u00bb{}\u00bb][\/et_pb_image][et_pb_text admin_label=\u00bbEFECTE MATILDA\u00bb _builder_version=\u00bb4.27.5&#8243; _module_preset=\u00bbdefault\u00bb custom_margin=\u00bb30px||||false|false\u00bb global_colors_info=\u00bb{}\u00bb]<\/p>\n<h3>EL EFECTO MATILDA<\/h3>\n<p>La <strong>falta de referentes femeninos en los libros<\/strong> es uno de los elementos que reivindica la <a href=\"https:\/\/www.amit-es.org\/\">AMIT<\/a> (Asociaci\u00f3n de Mujeres Investigadoras y Tecn\u00f3logas), con el proyecto <strong>#Nomorematildas<\/strong>. Y es que el hecho de que en los libros de texto escolar no aparezcan nombres de mujeres que han conseguido grandes hitos cient\u00edficos, hace que, ni\u00f1as que podr\u00edan ser las nuevas cient\u00edficas ganadoras de un Premio Nobel, no se vean identificadas. <\/p>\n<p>Con este proyecto se quiere inspirar y fomentar la vocaci\u00f3n cient\u00edfica a las ni\u00f1as y adolescentes, para que puedan lograr lo que quieren. Echa un vistazo <a href=\"https:\/\/www.gettingbetter.es\/portfolio\/no-more-matildas\/\">a su material<\/a> para poder hablar de ello en el aula y dar visibilidad a las mujeres cient\u00edficas. <\/p>\n<p>Para tener m\u00e1s <strong>referentes femeninos<\/strong> en todos los \u00e1mbitos te recomendamos que eches un vistazo a esta entrada:<\/p>\n<blockquote>\n<p><a href=\"https:\/\/escoles.fundesplai.org\/es\/blog-es\/promocion-de-la-salud\/guia-de-cuentos-y-novelas-por-la-igualdad-de-genero-y-la-violencia-cero\/\">Gu\u00eda de cuentos y novelas por la igualdad de g\u00e9nero y la violencia cero<\/a><\/p>\n<\/blockquote>\n<p>&nbsp;<\/p>\n<p>[\/et_pb_text][\/et_pb_column][\/et_pb_row][et_pb_row _builder_version=\u00bb4.16&#8243; _module_preset=\u00bbdefault\u00bb global_colors_info=\u00bb{}\u00bb][et_pb_column type=\u00bb4_4&#8243; _builder_version=\u00bb4.16&#8243; _module_preset=\u00bbdefault\u00bb global_colors_info=\u00bb{}\u00bb][et_pb_divider _builder_version=\u00bb4.27.5&#8243; _module_preset=\u00bbdefault\u00bb global_colors_info=\u00bb{}\u00bb][\/et_pb_divider][et_pb_text admin_label=\u00bb15 CIENT\u00cdFIQUES I 15 ACTIVITATS\u00bb _builder_version=\u00bb4.27.5&#8243; _module_preset=\u00bbdefault\u00bb global_colors_info=\u00bb{}\u00bb]<\/p>\n<h3 style=\"text-align: center;\"><strong>15 CIENT\u00cdFICAS + 15 ACTIVIDADES<\/strong><\/h3>\n<p>[\/et_pb_text][et_pb_divider _builder_version=\u00bb4.27.5&#8243; _module_preset=\u00bbdefault\u00bb global_colors_info=\u00bb{}\u00bb][\/et_pb_divider][et_pb_text admin_label=\u00bbtext\u00bb _builder_version=\u00bb4.27.5&#8243; _module_preset=\u00bbdefault\u00bb custom_margin=\u00bb30px||||false|false\u00bb global_colors_info=\u00bb{}\u00bb]<\/p>\n<p><strong>Hay muchas mujeres<\/strong> de todo el planeta que a lo largo de la historia han sido, y siguen siendo, muy importantes en los campos de la investigaci\u00f3n y la investigaci\u00f3n, y es que, aunque no se les ha dado la importancia que merec\u00edan, sus descubrimientos son esenciales para la ciencia. Con motivo del D\u00eda Internacional de la Mujer y la Ni\u00f1a en la Ciencia, queremos que conozcas <strong>15 cient\u00edficas y 15 actividades asociadas a su \u00e1mbito de investigaci\u00f3n<\/strong> . <\/p>\n<p>Nos gustar\u00eda que las ni\u00f1as y adolescentes que tienes en el aula puedan ver que tambi\u00e9n hay referentes en este \u00e1mbito, y que no pierdan las ganas que tengan de querer dedicarse a este mundo. <strong>Educamos hoy y cada d\u00eda por la igualdad de g\u00e9nero en la escuela, en el esplai y en todos los \u00e1mbitos de la sociedad.<\/strong><\/p>\n<p>[\/et_pb_text][\/et_pb_column][\/et_pb_row][et_pb_row _builder_version=\u00bb4.16&#8243; _module_preset=\u00bbdefault\u00bb global_colors_info=\u00bb{}\u00bb][et_pb_column type=\u00bb4_4&#8243; _builder_version=\u00bb4.16&#8243; _module_preset=\u00bbdefault\u00bb global_colors_info=\u00bb{}\u00bb][et_pb_text admin_label=\u00bbADA LOVELACE\u00bb module_id=\u00bbactivitat1&#8243; _builder_version=\u00bb4.16&#8243; _module_preset=\u00bbdefault\u00bb custom_margin=\u00bb30px||||false|false\u00bb global_colors_info=\u00bb{}\u00bb]<\/p>\n<h3>1. ADA LOVELACE (1815 &#8211; 1852)<\/h3>\n<p>[\/et_pb_text][\/et_pb_column][\/et_pb_row][et_pb_row column_structure=\u00bb1_4,3_4&#8243; _builder_version=\u00bb4.16&#8243; _module_preset=\u00bbdefault\u00bb global_colors_info=\u00bb{}\u00bb][et_pb_column type=\u00bb1_4&#8243; _builder_version=\u00bb4.16&#8243; _module_preset=\u00bbdefault\u00bb global_colors_info=\u00bb{}\u00bb][et_pb_image src=\u00bbhttps:\/\/escoles.fundesplai.org\/wp-content\/uploads\/2022\/01\/Ada-Lovelace-Fundesplai.png\u00bb alt=\u00bbAda Lovelace Fundesplai\u00bb title_text=\u00bbAda Lovelace Fundesplai\u00bb _builder_version=\u00bb4.16&#8243; _module_preset=\u00bbdefault\u00bb custom_margin=\u00bb30px||||false|false\u00bb custom_padding=\u00bb|10px|||false|false\u00bb global_colors_info=\u00bb{}\u00bb][\/et_pb_image][\/et_pb_column][et_pb_column type=\u00bb3_4&#8243; _builder_version=\u00bb4.16&#8243; _module_preset=\u00bbdefault\u00bb global_colors_info=\u00bb{}\u00bb][et_pb_text admin_label=\u00bbAda Lovelace\u00bb _builder_version=\u00bb4.16&#8243; _module_preset=\u00bbdefault\u00bb custom_margin=\u00bb30px||||false|false\u00bb custom_padding=\u00bb20px||||false|false\u00bb global_colors_info=\u00bb{}\u00bb]<\/p>\n<p><a href=\"https:\/\/ca.wikipedia.org\/wiki\/Ada_Lovelace\">Ada Lovelace<\/a> fue una condesa y cient\u00edfica inglesa, considerada <strong>la primera programadora de la historia<\/strong>. Gracias a sus estudios y estatus social, conoci\u00f3 a grandes cient\u00edficos de la \u00e9poca, desarroll\u00f3 una gran pasi\u00f3n por los c\u00f3digos y <strong>cre\u00f3<\/strong> <strong>algoritmos<\/strong> espec\u00edficos para la m\u00e1quina anal\u00edtica de Babbage. Ada cre\u00eda que la m\u00e1quina pod\u00eda ir mucho m\u00e1s all\u00e1 de hacer simples c\u00e1lculos, y tuvo raz\u00f3n. Esto le hizo convertirse en la primera programadora de la historia.   <\/p>\n<p>[\/et_pb_text][\/et_pb_column][\/et_pb_row][et_pb_row _builder_version=\u00bb4.16&#8243; _module_preset=\u00bbdefault\u00bb global_colors_info=\u00bb{}\u00bb][et_pb_column type=\u00bb4_4&#8243; _builder_version=\u00bb4.16&#8243; _module_preset=\u00bbdefault\u00bb global_colors_info=\u00bb{}\u00bb][et_pb_text admin_label=\u00bbActivitat: programar poemes\u00bb _builder_version=\u00bb4.16&#8243; _module_preset=\u00bbdefault\u00bb custom_margin=\u00bb30px||||false|false\u00bb global_colors_info=\u00bb{}\u00bb]<\/p>\n<h3>ACTIVIDAD 1: \u00abPONTE A PROGRAMAR\u00bb<\/h3>\n<p>[\/et_pb_text][\/et_pb_column][\/et_pb_row][et_pb_row column_structure=\u00bb1_3,1_3,1_3&#8243; _builder_version=\u00bb4.16&#8243; _module_preset=\u00bbdefault\u00bb global_colors_info=\u00bb{}\u00bb][et_pb_column type=\u00bb1_3&#8243; _builder_version=\u00bb4.16&#8243; _module_preset=\u00bbdefault\u00bb global_colors_info=\u00bb{}\u00bb][et_pb_text admin_label=\u00bbPOEMES\u00bb _builder_version=\u00bb4.22.2&#8243; _module_preset=\u00bbdefault\u00bb custom_margin=\u00bb20px||||false|false\u00bb custom_padding=\u00bb|10px||10px|false|false\u00bb global_colors_info=\u00bb{}\u00bb]<\/p>\n<p>https:\/\/esplai.fundesplai.org\/recurs\/programa-poemes-ada-lovelace\/<\/p>\n<p>[\/et_pb_text][\/et_pb_column][et_pb_column type=\u00bb1_3&#8243; _builder_version=\u00bb4.16&#8243; _module_preset=\u00bbdefault\u00bb global_colors_info=\u00bb{}\u00bb][et_pb_text admin_label=\u00bbGIRL IN TECH\u00bb _builder_version=\u00bb4.16&#8243; _module_preset=\u00bbdefault\u00bb custom_margin=\u00bb20px||||false|false\u00bb custom_padding=\u00bb|10px||10px|false|false\u00bb global_colors_info=\u00bb{}\u00bb]<\/p>\n<p>https:\/\/esplai.fundesplai.org\/recurs\/videojoc-3-chicas-in-tech\/<\/p>\n<p>[\/et_pb_text][\/et_pb_column][et_pb_column type=\u00bb1_3&#8243; _builder_version=\u00bb4.16&#8243; _module_preset=\u00bbdefault\u00bb global_colors_info=\u00bb{}\u00bb][et_pb_text admin_label=\u00bb20APPS\u00bb _builder_version=\u00bb4.16&#8243; _module_preset=\u00bbdefault\u00bb custom_margin=\u00bb20px||||false|false\u00bb custom_padding=\u00bb|10px||10px|false|false\u00bb global_colors_info=\u00bb{}\u00bb]<\/p>\n<blockquote class=\"wp-embedded-content\" data-secret=\"w6bOC0xWhp\"><p><a href=\"https:\/\/escoles.fundesplai.org\/blog\/acollides-i-extraescolars\/20-apps-i-recursos-per-aprendre-a-programar\/\">20 apps i recursos per aprendre a programar<\/a><\/p><\/blockquote>\n<p><iframe loading=\"lazy\" class=\"wp-embedded-content\" sandbox=\"allow-scripts\" security=\"restricted\" style=\"position: absolute; clip: rect(1px, 1px, 1px, 1px);\" title=\"&#8220;20 apps i recursos per aprendre a programar&#8221; &#8212; Fundesplai M\u00f3n Escolar\" src=\"https:\/\/escoles.fundesplai.org\/blog\/acollides-i-extraescolars\/20-apps-i-recursos-per-aprendre-a-programar\/embed\/#?secret=4si8yNVsAi#?secret=w6bOC0xWhp\" data-secret=\"w6bOC0xWhp\" width=\"600\" height=\"338\" frameborder=\"0\" marginwidth=\"0\" marginheight=\"0\" scrolling=\"no\"><\/iframe><\/p>\n<p>[\/et_pb_text][\/et_pb_column][\/et_pb_row][et_pb_row _builder_version=\u00bb4.16&#8243; _module_preset=\u00bbdefault\u00bb global_colors_info=\u00bb{}\u00bb][et_pb_column type=\u00bb4_4&#8243; _builder_version=\u00bb4.16&#8243; _module_preset=\u00bbdefault\u00bb global_colors_info=\u00bb{}\u00bb][et_pb_text admin_label=\u00bbFRANCISCA NNEKE OKEKE\u00bb module_id=\u00bbactivitat2&#8243; _builder_version=\u00bb4.16&#8243; _module_preset=\u00bbdefault\u00bb custom_margin=\u00bb30px||||false|false\u00bb global_colors_info=\u00bb{}\u00bb]<\/p>\n<h3>2. FRANCISCA NNEKE OKEKE ( 1956 &#8211; )<\/h3>\n<p>[\/et_pb_text][\/et_pb_column][\/et_pb_row][et_pb_row column_structure=\u00bb1_4,3_4&#8243; _builder_version=\u00bb4.16&#8243; _module_preset=\u00bbdefault\u00bb global_colors_info=\u00bb{}\u00bb][et_pb_column type=\u00bb1_4&#8243; _builder_version=\u00bb4.16&#8243; _module_preset=\u00bbdefault\u00bb global_colors_info=\u00bb{}\u00bb][et_pb_image src=\u00bbhttps:\/\/escoles.fundesplai.org\/wp-content\/uploads\/2022\/01\/Francisca-Nneke-Okeke-Fundesplai.png\u00bb alt=\u00bbFrancisca Nneke Okeke Fundesplai\u00bb title_text=\u00bbFrancisca Nneke Okeke Fundesplai\u00bb _builder_version=\u00bb4.16&#8243; _module_preset=\u00bbdefault\u00bb custom_margin=\u00bb30px||||false|false\u00bb custom_padding=\u00bb|10px|||false|false\u00bb global_colors_info=\u00bb{}\u00bb][\/et_pb_image][\/et_pb_column][et_pb_column type=\u00bb3_4&#8243; _builder_version=\u00bb4.16&#8243; _module_preset=\u00bbdefault\u00bb global_colors_info=\u00bb{}\u00bb][et_pb_text admin_label=\u00bbFrancisca Nneke Okeke\u00bb _builder_version=\u00bb4.16&#8243; _module_preset=\u00bbdefault\u00bb custom_margin=\u00bb30px||||false|false\u00bb custom_padding=\u00bb20px||||false|false\u00bb global_colors_info=\u00bb{}\u00bb]<\/p>\n<p><a href=\"https:\/\/es.wikipedia.org\/wiki\/Francisca_Nneka_Okeke\">Francisca Nneke Okeke<\/a> es una <strong>cient\u00edfica nigeriana<\/strong>, profesora de f\u00edsica en la Universidad de Nigeria, y tambi\u00e9n la <strong>primera mujer Jefe de Departamento de F\u00edsica de la Universidad<\/strong>. Su investigaci\u00f3n se ha centrado en la <a href=\"https:\/\/ca.wikipedia.org\/wiki\/Ionosfera\">ionosfera<\/a>, a fin de entender los cambios en las corrientes de la atm\u00f3sfera que pueden aportar <strong>informaci\u00f3n sobre el cambio clim\u00e1tico<\/strong>. En un pa\u00eds donde no todo el mundo puede acceder a la educaci\u00f3n, y a menudo las ni\u00f1as menos, Francisca se ha convertido en referente y mentora de aquellas ni\u00f1as y estudiantes nigerianas.  <\/p>\n<p>[\/et_pb_text][\/et_pb_column][\/et_pb_row][et_pb_row _builder_version=\u00bb4.16&#8243; _module_preset=\u00bbdefault\u00bb global_colors_info=\u00bb{}\u00bb][et_pb_column type=\u00bb4_4&#8243; _builder_version=\u00bb4.16&#8243; _module_preset=\u00bbdefault\u00bb global_colors_info=\u00bb{}\u00bb][et_pb_text admin_label=\u00bbActivitat: moendes que ballen\u00bb _builder_version=\u00bb4.22.2&#8243; _module_preset=\u00bbdefault\u00bb custom_margin=\u00bb30px||||false|false\u00bb global_colors_info=\u00bb{}\u00bb]<\/p>\n<h3>ACTIVIDAD 2 \u00abLAS MONEDAS QUE BAILAN\u00bb<\/h3>\n<p>[\/et_pb_text][\/et_pb_column][\/et_pb_row][et_pb_row column_structure=\u00bb1_3,1_3,1_3&#8243; _builder_version=\u00bb4.16&#8243; _module_preset=\u00bbdefault\u00bb global_colors_info=\u00bb{}\u00bb][et_pb_column type=\u00bb1_3&#8243; _builder_version=\u00bb4.16&#8243; _module_preset=\u00bbdefault\u00bb global_colors_info=\u00bb{}\u00bb][et_pb_text admin_label=\u00bbActivitat: monedes que ballen\u00bb _builder_version=\u00bb4.22.2&#8243; _module_preset=\u00bbdefault\u00bb custom_margin=\u00bb20px||||false|false\u00bb custom_padding=\u00bb|10px||10px|false|false\u00bb global_colors_info=\u00bb{}\u00bb]<\/p>\n<p>https:\/\/esplai.fundesplai.org\/recurs\/les-monedes-que-ballen\/<\/p>\n<p>[\/et_pb_text][\/et_pb_column][et_pb_column type=\u00bb1_3&#8243; _builder_version=\u00bb4.16&#8243; _module_preset=\u00bbdefault\u00bb global_colors_info=\u00bb{}\u00bb][et_pb_text admin_label=\u00bbActivitat: monedes que ballen\u00bb _builder_version=\u00bb4.22.2&#8243; _module_preset=\u00bbdefault\u00bb custom_margin=\u00bb20px||||false|false\u00bb custom_padding=\u00bb|10px||10px|false|false\u00bb global_colors_info=\u00bb{}\u00bb]<\/p>\n<blockquote class=\"wp-embedded-content\" data-secret=\"VAwWRf2ioF\"><p><a href=\"https:\/\/escoles.fundesplai.org\/blog\/educacio-ambiental\/10-activitats-per-un-planeta-sense-contaminacio-atmosferica\/\">10 Activitats per un planeta sense contaminaci\u00f3 atmosf\u00e8rica<\/a><\/p><\/blockquote>\n<p><iframe loading=\"lazy\" class=\"wp-embedded-content\" sandbox=\"allow-scripts\" security=\"restricted\" style=\"position: absolute; visibility: hidden;\" title=\"&#8220;10 Activitats per un planeta sense contaminaci\u00f3 atmosf\u00e8rica&#8221; &#8212; Fundesplai M\u00f3n Escolar\" src=\"https:\/\/escoles.fundesplai.org\/blog\/educacio-ambiental\/10-activitats-per-un-planeta-sense-contaminacio-atmosferica\/embed\/#?secret=J8LMAxnC85#?secret=VAwWRf2ioF\" data-secret=\"VAwWRf2ioF\" width=\"600\" height=\"338\" frameborder=\"0\" marginwidth=\"0\" marginheight=\"0\" scrolling=\"no\"><\/iframe><\/p>\n<p>[\/et_pb_text][\/et_pb_column][et_pb_column type=\u00bb1_3&#8243; _builder_version=\u00bb4.16&#8243; _module_preset=\u00bbdefault\u00bb global_colors_info=\u00bb{}\u00bb][et_pb_text admin_label=\u00bbActivitat: monedes que ballen\u00bb _builder_version=\u00bb4.22.2&#8243; _module_preset=\u00bbdefault\u00bb custom_margin=\u00bb20px||||false|false\u00bb custom_padding=\u00bb|10px||10px|false|false\u00bb global_colors_info=\u00bb{}\u00bb]<\/p>\n<blockquote class=\"wp-embedded-content\" data-secret=\"jM84HV8OUv\"><p><a href=\"https:\/\/escoles.fundesplai.org\/blog\/educacio-ambiental\/canvi-climatic-a-laula-guies-didactiques\/\">Canvi clim\u00e0tic a l&#8217;aula: recull de 8 guies did\u00e0ctiques<\/a><\/p><\/blockquote>\n<p><iframe loading=\"lazy\" class=\"wp-embedded-content\" sandbox=\"allow-scripts\" security=\"restricted\" style=\"position: absolute; visibility: hidden;\" title=\"&#8220;Canvi clim\u00e0tic a l&#8217;aula: recull de 8 guies did\u00e0ctiques&#8221; &#8212; Fundesplai M\u00f3n Escolar\" src=\"https:\/\/escoles.fundesplai.org\/blog\/educacio-ambiental\/canvi-climatic-a-laula-guies-didactiques\/embed\/#?secret=tvzgYwVYAN#?secret=jM84HV8OUv\" data-secret=\"jM84HV8OUv\" width=\"600\" height=\"338\" frameborder=\"0\" marginwidth=\"0\" marginheight=\"0\" scrolling=\"no\"><\/iframe><\/p>\n<p>[\/et_pb_text][\/et_pb_column][\/et_pb_row][et_pb_row _builder_version=\u00bb4.16&#8243; _module_preset=\u00bbdefault\u00bb global_colors_info=\u00bb{}\u00bb][et_pb_column type=\u00bb4_4&#8243; _builder_version=\u00bb4.16&#8243; _module_preset=\u00bbdefault\u00bb global_colors_info=\u00bb{}\u00bb][et_pb_text admin_label=\u00bbFRAN\u00c7OISE BARRE\u00bb module_id=\u00bbactivitat3&#8243; _builder_version=\u00bb4.16&#8243; _module_preset=\u00bbdefault\u00bb custom_margin=\u00bb30px||||false|false\u00bb global_colors_info=\u00bb{}\u00bb]<\/p>\n<h3>3. FRAN\u00c7OISE BARR\u00c9-SINOUSSI ( 1947 &#8211; )<\/h3>\n<p>[\/et_pb_text][\/et_pb_column][\/et_pb_row][et_pb_row column_structure=\u00bb1_4,3_4&#8243; _builder_version=\u00bb4.16&#8243; _module_preset=\u00bbdefault\u00bb global_colors_info=\u00bb{}\u00bb][et_pb_column type=\u00bb1_4&#8243; _builder_version=\u00bb4.16&#8243; _module_preset=\u00bbdefault\u00bb global_colors_info=\u00bb{}\u00bb][et_pb_image src=\u00bbhttps:\/\/escoles.fundesplai.org\/wp-content\/uploads\/2022\/02\/Francois-Barre-Fundesplai.png\u00bb alt=\u00bbFran\u00e7ois Barr\u00e9 Fundesplai\u00bb title_text=\u00bbFran\u00e7ois Barr\u00e9 Fundesplai\u00bb _builder_version=\u00bb4.16&#8243; _module_preset=\u00bbdefault\u00bb custom_margin=\u00bb30px||||false|false\u00bb custom_padding=\u00bb|10px|||false|false\u00bb global_colors_info=\u00bb{}\u00bb][\/et_pb_image][\/et_pb_column][et_pb_column type=\u00bb3_4&#8243; _builder_version=\u00bb4.16&#8243; _module_preset=\u00bbdefault\u00bb global_colors_info=\u00bb{}\u00bb][et_pb_text admin_label=\u00bbFran\u00e7oise Barre\u00bb _builder_version=\u00bb4.16&#8243; _module_preset=\u00bbdefault\u00bb custom_margin=\u00bb30px||||false|false\u00bb custom_padding=\u00bb20px||||false|false\u00bb global_colors_info=\u00bb{}\u00bb]<\/p>\n<p><a href=\"https:\/\/ca.wikipedia.org\/wiki\/Fran%C3%A7oise_Barr%C3%A9-Sinoussi\">Fran\u00e7oise Barr\u00e9-Sinoussi<\/a> es una vir\u00f3loga francesa, que centr\u00f3 sus investigaciones en <strong>identificar el virus de la inmunodeficiencia humana<\/strong> (VIH) como causante del Sida. Fue gracias a este descubrimiento que en 2008 recibi\u00f3 el <strong>Premio Nobel de Medicina<\/strong>. Su carrera se ha centrado en la lucha contra el Sida en todo el mundo, implementando programas y en pa\u00edses como Camboya o Vietnam para diagnosticar y tratar la enfermedad. Actualmente es la directora de la Unidad de Regulaci\u00f3n de Infecciones Retrovirales del Institut Pasteur y la presidenta de la International AIDS Society.   <\/p>\n<p>[\/et_pb_text][\/et_pb_column][\/et_pb_row][et_pb_row _builder_version=\u00bb4.16&#8243; _module_preset=\u00bbdefault\u00bb global_colors_info=\u00bb{}\u00bb][et_pb_column type=\u00bb4_4&#8243; _builder_version=\u00bb4.16&#8243; _module_preset=\u00bbdefault\u00bb global_colors_info=\u00bb{}\u00bb][et_pb_text admin_label=\u00bbActivitat: tot ben net\u00bb _builder_version=\u00bb4.22.2&#8243; _module_preset=\u00bbdefault\u00bb custom_margin=\u00bb30px||||false|false\u00bb global_colors_info=\u00bb{}\u00bb]<\/p>\n<h3>ACTIVIDAD 3 \u00abTODO BIEN LIMPIO\u00bb<\/h3>\n<p>[\/et_pb_text][\/et_pb_column][\/et_pb_row][et_pb_row column_structure=\u00bb1_2,1_2&#8243; _builder_version=\u00bb4.16&#8243; _module_preset=\u00bbdefault\u00bb global_colors_info=\u00bb{}\u00bb][et_pb_column type=\u00bb1_2&#8243; _builder_version=\u00bb4.16&#8243; _module_preset=\u00bbdefault\u00bb global_colors_info=\u00bb{}\u00bb][et_pb_text admin_label=\u00bbActivitat: HIGIENE\u00bb _builder_version=\u00bb4.22.2&#8243; _module_preset=\u00bbdefault\u00bb custom_margin=\u00bb20px||||false|false\u00bb global_colors_info=\u00bb{}\u00bb]<\/p>\n<p>https:\/\/esplai.fundesplai.org\/recurs\/mans-netes\/<\/p>\n<p>[\/et_pb_text][\/et_pb_column][et_pb_column type=\u00bb1_2&#8243; _builder_version=\u00bb4.16&#8243; _module_preset=\u00bbdefault\u00bb global_colors_info=\u00bb{}\u00bb][et_pb_text admin_label=\u00bbActivitat: esternut\u00bb _builder_version=\u00bb4.22.2&#8243; _module_preset=\u00bbdefault\u00bb custom_margin=\u00bb20px||||false|false\u00bb custom_padding=\u00bb|10px||10px|false|false\u00bb global_colors_info=\u00bb{}\u00bb]<\/p>\n<blockquote class=\"wp-embedded-content\" data-secret=\"cEpGlXOhMJ\"><p><a href=\"https:\/\/fundesplai.org\/banc-recursos\/recurs\/fins-on-arriba-un-esternut\/\">Fins on arriba un esternut?<\/a><\/p><\/blockquote>\n<p><iframe loading=\"lazy\" class=\"wp-embedded-content\" sandbox=\"allow-scripts\" security=\"restricted\" style=\"position: absolute; visibility: hidden;\" title=\"&#8220;Fins on arriba un esternut?&#8221; &#8212; Banc de recursos - Fundesplai\" src=\"https:\/\/fundesplai.org\/banc-recursos\/recurs\/fins-on-arriba-un-esternut\/embed\/#?secret=IyDp1LQ8cm#?secret=cEpGlXOhMJ\" data-secret=\"cEpGlXOhMJ\" width=\"600\" height=\"338\" frameborder=\"0\" marginwidth=\"0\" marginheight=\"0\" scrolling=\"no\"><\/iframe><\/p>\n<p>[\/et_pb_text][\/et_pb_column][\/et_pb_row][et_pb_row _builder_version=\u00bb4.16&#8243; _module_preset=\u00bbdefault\u00bb global_colors_info=\u00bb{}\u00bb][et_pb_column type=\u00bb4_4&#8243; _builder_version=\u00bb4.16&#8243; _module_preset=\u00bbdefault\u00bb global_colors_info=\u00bb{}\u00bb][et_pb_text admin_label=\u00bbJANE GOODALL\u00bb module_id=\u00bbactivitat4&#8243; _builder_version=\u00bb4.27.5&#8243; _module_preset=\u00bbdefault\u00bb custom_margin=\u00bb30px||||false|false\u00bb global_colors_info=\u00bb{}\u00bb]<\/p>\n<h3>4. JANE GOODALL (1934 &#8211; 2025)<\/h3>\n<p>[\/et_pb_text][\/et_pb_column][\/et_pb_row][et_pb_row column_structure=\u00bb1_4,3_4&#8243; _builder_version=\u00bb4.16&#8243; _module_preset=\u00bbdefault\u00bb global_colors_info=\u00bb{}\u00bb][et_pb_column type=\u00bb1_4&#8243; _builder_version=\u00bb4.16&#8243; _module_preset=\u00bbdefault\u00bb global_colors_info=\u00bb{}\u00bb][et_pb_image src=\u00bbhttps:\/\/escoles.fundesplai.org\/wp-content\/uploads\/2022\/01\/Jane-Goodall-Fundesplai.png\u00bb alt=\u00bbJane Goodall Fundesplai\u00bb title_text=\u00bbJane Goodall Fundesplai\u00bb _builder_version=\u00bb4.16&#8243; _module_preset=\u00bbdefault\u00bb custom_margin=\u00bb30px||||false|false\u00bb custom_padding=\u00bb|10px|||false|false\u00bb global_colors_info=\u00bb{}\u00bb][\/et_pb_image][\/et_pb_column][et_pb_column type=\u00bb3_4&#8243; _builder_version=\u00bb4.16&#8243; _module_preset=\u00bbdefault\u00bb global_colors_info=\u00bb{}\u00bb][et_pb_text admin_label=\u00bbJane Goodall\u00bb _builder_version=\u00bb4.16&#8243; _module_preset=\u00bbdefault\u00bb custom_margin=\u00bb30px||||false|false\u00bb custom_padding=\u00bb20px||||false|false\u00bb global_colors_info=\u00bb{}\u00bb]<\/p>\n<p><a href=\"https:\/\/ca.wikipedia.org\/wiki\/Jane_Goodall\">Jane Goodall<\/a> es una de las <strong>primat\u00f3logas, et\u00f3logas y antrop\u00f3logas<\/strong> inglesa m\u00e1s reconocidas de todos los tiempos. Su vida ha girado en torno a la observaci\u00f3n y el <strong>estudio de los chimpanc\u00e9s<\/strong> en Kenia y Tanzania. Su estima y conocimientos sobre los primates y su comportamiento, le han llevado a dar conferencias en todo el mundo ya convertirse en \u00abla <strong>embajadora mundial de los chimpanc\u00e9s<\/strong>\u00ab. En 2002 la nombraron Mensajera de la Paz de las Naciones Unidas por su labor para la protecci\u00f3n de esta especie animal.   <\/p>\n<p>[\/et_pb_text][\/et_pb_column][\/et_pb_row][et_pb_row _builder_version=\u00bb4.16&#8243; _module_preset=\u00bbdefault\u00bb global_colors_info=\u00bb{}\u00bb][et_pb_column type=\u00bb4_4&#8243; _builder_version=\u00bb4.16&#8243; _module_preset=\u00bbdefault\u00bb global_colors_info=\u00bb{}\u00bb][et_pb_text admin_label=\u00bbActivitat: visita FUNDACIO MONA + gimcana\u00bb _builder_version=\u00bb4.27.4&#8243; _module_preset=\u00bbdefault\u00bb custom_margin=\u00bb30px||||false|false\u00bb global_colors_info=\u00bb{}\u00bb]<\/p>\n<h3>ACTIVIDAD 4 \u00abCONOCE LOS CHIMPANC\u00c9S\u00bb<\/h3>\n<p>Te proponemos que para <strong>aprender m\u00e1s sobre los chimpanc\u00e9s<\/strong> hagas una visita a la <a href=\"https:\/\/fundaciomona.org\/\">Fundaci\u00f3n Mona<\/a>, que trabajan por el bienestar de animales que han sido maltratados o que han sido artistas de circo, anuncios o mascotas. Se realizan <a href=\"https:\/\/fundaciomona.org\/visita-mona\/\">visitas guiadas<\/a> al centro de rehabilitaci\u00f3n para conocer la labor de esta fundaci\u00f3n de la mano de las personas especializadas que trabajan en ella. <\/p>\n<p>[\/et_pb_text][\/et_pb_column][\/et_pb_row][et_pb_row column_structure=\u00bb1_2,1_2&#8243; _builder_version=\u00bb4.16&#8243; _module_preset=\u00bbdefault\u00bb global_colors_info=\u00bb{}\u00bb][et_pb_column type=\u00bb1_2&#8243; _builder_version=\u00bb4.16&#8243; _module_preset=\u00bbdefault\u00bb global_colors_info=\u00bb{}\u00bb][et_pb_text admin_label=\u00bbGIMCANA\u00bb _builder_version=\u00bb4.16&#8243; _module_preset=\u00bbdefault\u00bb custom_margin=\u00bb20px||||false|false\u00bb custom_padding=\u00bb|10px||10px|false|false\u00bb global_colors_info=\u00bb{}\u00bb]<\/p>\n<p>https:\/\/esplai.fundesplai.org\/recurs\/fes-el-mico\/<\/p>\n<p>[\/et_pb_text][\/et_pb_column][et_pb_column type=\u00bb1_2&#8243; _builder_version=\u00bb4.16&#8243; _module_preset=\u00bbdefault\u00bb global_colors_info=\u00bb{}\u00bb][et_pb_text admin_label=\u00bbTRAFIC\u00bb _builder_version=\u00bb4.16&#8243; _module_preset=\u00bbdefault\u00bb custom_margin=\u00bb20px||||false|false\u00bb custom_padding=\u00bb|10px||10px|false|false\u00bb global_colors_info=\u00bb{}\u00bb]<\/p>\n<p>https:\/\/esplai.fundesplai.org\/recurs\/aturem-el-trafic-illegal-despecies\/<\/p>\n<p>[\/et_pb_text][\/et_pb_column][\/et_pb_row][et_pb_row _builder_version=\u00bb4.16&#8243; _module_preset=\u00bbdefault\u00bb global_colors_info=\u00bb{}\u00bb][et_pb_column type=\u00bb4_4&#8243; _builder_version=\u00bb4.16&#8243; _module_preset=\u00bbdefault\u00bb global_colors_info=\u00bb{}\u00bb][et_pb_text admin_label=\u00bbJOSEFINA CASTELLVI\u00bb module_id=\u00bbactivitat5&#8243; _builder_version=\u00bb4.27.5&#8243; _module_preset=\u00bbdefault\u00bb custom_margin=\u00bb30px||||false|false\u00bb global_colors_info=\u00bb{}\u00bb]<\/p>\n<h3>5. JOSEFINA CASTELLV\u00cd (1935 &#8211; 2026)<\/h3>\n<p>[\/et_pb_text][\/et_pb_column][\/et_pb_row][et_pb_row column_structure=\u00bb1_4,3_4&#8243; _builder_version=\u00bb4.16&#8243; _module_preset=\u00bbdefault\u00bb global_colors_info=\u00bb{}\u00bb][et_pb_column type=\u00bb1_4&#8243; _builder_version=\u00bb4.16&#8243; _module_preset=\u00bbdefault\u00bb global_colors_info=\u00bb{}\u00bb][et_pb_image src=\u00bbhttps:\/\/escoles.fundesplai.org\/wp-content\/uploads\/2022\/02\/Josefina-Castellvi-Fundesplai.png\u00bb alt=\u00bbJosefina Castellv\u00ed Fundesplai\u00bb title_text=\u00bbJosefina Castellv\u00ed Fundesplai\u00bb _builder_version=\u00bb4.16&#8243; _module_preset=\u00bbdefault\u00bb custom_margin=\u00bb30px||||false|false\u00bb custom_padding=\u00bb|10px|||false|false\u00bb global_colors_info=\u00bb{}\u00bb][\/et_pb_image][\/et_pb_column][et_pb_column type=\u00bb3_4&#8243; _builder_version=\u00bb4.16&#8243; _module_preset=\u00bbdefault\u00bb global_colors_info=\u00bb{}\u00bb][et_pb_text admin_label=\u00bbJosefina Castellvi\u00bb _builder_version=\u00bb4.16&#8243; _module_preset=\u00bbdefault\u00bb custom_margin=\u00bb30px||||false|false\u00bb custom_padding=\u00bb20px||||false|false\u00bb global_colors_info=\u00bb{}\u00bb]<\/p>\n<p><a href=\"https:\/\/ca.wikipedia.org\/wiki\/Josefina_Castellv%C3%AD_i_Piulachs\">Josefina Castellv\u00ed<\/a> es una ocean\u00f3grafa catalana que fue la <strong>primera mujer<\/strong> del estado en tener <strong>presencia en la Ant\u00e1rtida.<\/strong> Inici\u00f3 sus estudios en biolog\u00eda y se march\u00f3 a Par\u00eds para especializarse en oceanograf\u00eda. En 1984 fue la primera mujer que particip\u00f3 en una expedici\u00f3n a la Ant\u00e1rtida y tambi\u00e9n se convirti\u00f3 en <strong>la primera en dirigir una base ant\u00e1rtica<\/strong> en 1986 en la isla de Livingstone, y m\u00e1s adelante la Base Espa\u00f1ola Juan Carlos I. Esto permiti\u00f3 que el Estado espa\u00f1ol entrara a formar parte del Tratado Ant. Cerca de la base instalada hay un pico con su nombre, \u00abel Pic Castellv\u00ed\u00bb en su honor.  <\/p>\n<p>[\/et_pb_text][\/et_pb_column][\/et_pb_row][et_pb_row _builder_version=\u00bb4.16&#8243; _module_preset=\u00bbdefault\u00bb global_colors_info=\u00bb{}\u00bb][et_pb_column type=\u00bb4_4&#8243; _builder_version=\u00bb4.16&#8243; _module_preset=\u00bbdefault\u00bb global_colors_info=\u00bb{}\u00bb][et_pb_text admin_label=\u00bbActivitat: bloc de gel\u00bb _builder_version=\u00bb4.16&#8243; _module_preset=\u00bbdefault\u00bb custom_margin=\u00bb30px||||false|false\u00bb global_colors_info=\u00bb{}\u00bb]<\/p>\n<h3>ACTIVIDAD 5 \u00abEXPERIMENTA CON LOS CUBITOS\u00bb<\/h3>\n<p>https:\/\/esplai.fundesplai.org\/recurs\/experimenta-amb-els-glacons\/<\/p>\n<p>[\/et_pb_text][\/et_pb_column][\/et_pb_row][et_pb_row _builder_version=\u00bb4.16&#8243; _module_preset=\u00bbdefault\u00bb global_colors_info=\u00bb{}\u00bb][et_pb_column type=\u00bb4_4&#8243; _builder_version=\u00bb4.16&#8243; _module_preset=\u00bbdefault\u00bb global_colors_info=\u00bb{}\u00bb][et_pb_text admin_label=\u00bbKATHRIN BARBOZA MARQUEZ \u00bb module_id=\u00bbactivitat6&#8243; _builder_version=\u00bb4.27.5&#8243; _module_preset=\u00bbdefault\u00bb custom_margin=\u00bb30px||||false|false\u00bb global_colors_info=\u00bb{}\u00bb]<\/p>\n<h3>6. KATHRIN BARBOZA MARQUEZ (1983-)<\/h3>\n<p>[\/et_pb_text][\/et_pb_column][\/et_pb_row][et_pb_row column_structure=\u00bb1_4,3_4&#8243; _builder_version=\u00bb4.16&#8243; _module_preset=\u00bbdefault\u00bb global_colors_info=\u00bb{}\u00bb][et_pb_column type=\u00bb1_4&#8243; _builder_version=\u00bb4.16&#8243; _module_preset=\u00bbdefault\u00bb global_colors_info=\u00bb{}\u00bb][et_pb_image src=\u00bbhttps:\/\/escoles.fundesplai.org\/wp-content\/uploads\/2022\/02\/Kathrin-Barboza-Fundesplai.png\u00bb alt=\u00bbKathrin Barboza Fundesplai\u00bb title_text=\u00bbKathrin Barboza Fundesplai\u00bb _builder_version=\u00bb4.16&#8243; _module_preset=\u00bbdefault\u00bb custom_margin=\u00bb30px||||false|false\u00bb custom_padding=\u00bb|10px|||false|false\u00bb global_colors_info=\u00bb{}\u00bb][\/et_pb_image][\/et_pb_column][et_pb_column type=\u00bb3_4&#8243; _builder_version=\u00bb4.16&#8243; _module_preset=\u00bbdefault\u00bb global_colors_info=\u00bb{}\u00bb][et_pb_text admin_label=\u00bbKathrin Barboza\u00bb _builder_version=\u00bb4.16&#8243; _module_preset=\u00bbdefault\u00bb custom_margin=\u00bb30px||||false|false\u00bb custom_padding=\u00bb20px||||false|false\u00bb global_colors_info=\u00bb{}\u00bb]<\/p>\n<p><a href=\"https:\/\/es.wikipedia.org\/wiki\/Kathrin_Barboza_M%C3%A1rquez\">Kathrina Barboza M\u00e1rquez<\/a> es una bi\u00f3loga boliviana que ha centrado sus estudios y sus investigaciones en los murci\u00e9lagos. Con s\u00f3lo 23 a\u00f1os, junto a otra compa\u00f1era, se adentraron en una investigaci\u00f3n sobre los <strong>murci\u00e9lagos de nariz de espada,<\/strong> que se cre\u00eda que se hab\u00edan extinguido en su pa\u00eds 74 a\u00f1os antes. Gracias a este descubrimiento ahora esta especie se encuentra en una zona protegida, la primera para murci\u00e9lagos de Am\u00e9rica del Sur. En 2010 fue la <strong>primera boliviana en ganar el premio L&#8217;\u00d3real-UNESCO<\/strong> que le ha permitido seguir investigando sobre los ultrasonidos de estos mam\u00edferos.   <\/p>\n<p>[\/et_pb_text][\/et_pb_column][\/et_pb_row][et_pb_row column_structure=\u00bb2_3,1_3&#8243; _builder_version=\u00bb4.16&#8243; _module_preset=\u00bbdefault\u00bb global_colors_info=\u00bb{}\u00bb][et_pb_column type=\u00bb2_3&#8243; _builder_version=\u00bb4.16&#8243; _module_preset=\u00bbdefault\u00bb global_colors_info=\u00bb{}\u00bb][et_pb_text admin_label=\u00bbActivitat: ratpenat\u00bb _builder_version=\u00bb4.16&#8243; _module_preset=\u00bbdefault\u00bb custom_margin=\u00bb30px||||false|false\u00bb custom_padding=\u00bb|10px|||false|false\u00bb global_colors_info=\u00bb{}\u00bb]<\/p>\n<h3>ACTIVIDAD 6 \u00abHAZ CAJAS NIDO PARA MURCI\u00c9LAGOS\u00bb<\/h3>\n<p>Los murci\u00e9lagos son animales con gran importancia ecol\u00f3gica y de control de plagas, ya que se comen insectos como mosquitos o la procesionaria. Hay que cuidarlos porque el cambio clim\u00e1tico, el uso de pesticidas y la carencia de espacios donde poder hacer los nidos, amenazan su conservaci\u00f3n. Por eso te proponemos que crees <strong>cajas nido de murci\u00e9lagos<\/strong>. Aprende qu\u00e9 especies pueden vivir en las cajas nido y todos los pasos para crear y colocar en las mejores localizaciones. \u00a1Ayudemos a los murci\u00e9lagos!    <\/p>\n<p>[\/et_pb_text][\/et_pb_column][et_pb_column type=\u00bb1_3&#8243; _builder_version=\u00bb4.16&#8243; _module_preset=\u00bbdefault\u00bb global_colors_info=\u00bb{}\u00bb][et_pb_text admin_label=\u00bbActivitat: ratpenat\u00bb _builder_version=\u00bb4.16&#8243; _module_preset=\u00bbdefault\u00bb custom_margin=\u00bb30px||||false|false\u00bb custom_padding=\u00bb|10px||10px|false|false\u00bb global_colors_info=\u00bb{}\u00bb]<\/p>\n<blockquote class=\"wp-embedded-content\" data-secret=\"LpeXyPlmeB\"><p><a href=\"https:\/\/cases.fundesplai.org\/es\/blog-es\/naturaleza\/como-hacer-cajas-nido-para-murcielagos\/\">C\u00f3mo hacer cajas nido para murci\u00e9lagos<\/a><\/p><\/blockquote>\n<p><iframe loading=\"lazy\" class=\"wp-embedded-content\" sandbox=\"allow-scripts\" security=\"restricted\" style=\"position: absolute; visibility: hidden;\" title=\"\u00abC\u00f3mo hacer cajas nido para murci\u00e9lagos\u00bb \u2014 Cases de col\u00f2nies - Fundesplai\" src=\"https:\/\/cases.fundesplai.org\/es\/blog-es\/naturaleza\/como-hacer-cajas-nido-para-murcielagos\/embed\/#?secret=I1Hlet49zz#?secret=LpeXyPlmeB\" data-secret=\"LpeXyPlmeB\" width=\"600\" height=\"338\" frameborder=\"0\" marginwidth=\"0\" marginheight=\"0\" scrolling=\"no\"><\/iframe><\/p>\n<p>[\/et_pb_text][\/et_pb_column][\/et_pb_row][et_pb_row _builder_version=\u00bb4.16&#8243; _module_preset=\u00bbdefault\u00bb global_colors_info=\u00bb{}\u00bb][et_pb_column type=\u00bb4_4&#8243; _builder_version=\u00bb4.16&#8243; _module_preset=\u00bbdefault\u00bb global_colors_info=\u00bb{}\u00bb][et_pb_text admin_label=\u00bbMARY ANNING\u00bb module_id=\u00bbactivitat7&#8243; _builder_version=\u00bb4.27.5&#8243; _module_preset=\u00bbdefault\u00bb custom_margin=\u00bb30px||||false|false\u00bb global_colors_info=\u00bb{}\u00bb]<\/p>\n<h3>7. MARY ANNING (1799 &#8211; 1847)<\/h3>\n<p>[\/et_pb_text][\/et_pb_column][\/et_pb_row][et_pb_row column_structure=\u00bb1_4,3_4&#8243; _builder_version=\u00bb4.16&#8243; _module_preset=\u00bbdefault\u00bb global_colors_info=\u00bb{}\u00bb][et_pb_column type=\u00bb1_4&#8243; _builder_version=\u00bb4.16&#8243; _module_preset=\u00bbdefault\u00bb global_colors_info=\u00bb{}\u00bb][et_pb_image src=\u00bbhttps:\/\/escoles.fundesplai.org\/wp-content\/uploads\/2022\/01\/Mary-Anning-Fundesplai.png\u00bb alt=\u00bbMary Anning Fundesplai\u00bb title_text=\u00bbMary Anning Fundesplai\u00bb _builder_version=\u00bb4.16&#8243; _module_preset=\u00bbdefault\u00bb custom_margin=\u00bb30px||||false|false\u00bb custom_padding=\u00bb|10px|||false|false\u00bb global_colors_info=\u00bb{}\u00bb][\/et_pb_image][\/et_pb_column][et_pb_column type=\u00bb3_4&#8243; _builder_version=\u00bb4.16&#8243; _module_preset=\u00bbdefault\u00bb global_colors_info=\u00bb{}\u00bb][et_pb_text admin_label=\u00bbMary Anning\u00bb _builder_version=\u00bb4.16&#8243; _module_preset=\u00bbdefault\u00bb custom_margin=\u00bb30px||||false|false\u00bb custom_padding=\u00bb20px||||false|false\u00bb global_colors_info=\u00bb{}\u00bb]<\/p>\n<p><a href=\"https:\/\/ca.wikipedia.org\/wiki\/Mary_Anning\">Mary Anning<\/a> fue <strong>una gran paleont\u00f3loga<\/strong> que inici\u00f3 su afici\u00f3n desde peque\u00f1a. Fue una persona clave en el <strong>descubrimiento de f\u00f3siles<\/strong> de especies nunca conocidas hasta el momento como el <a href=\"https:\/\/ca.wikipedia.org\/wiki\/Ictiosaures_(ordre)\">ictiosaurio<\/a>, o el <a href=\"https:\/\/ca.wikipedia.org\/wiki\/Plesiosaures_(ordre)\">plesiosaurio<\/a>. La dificultad de ser mujer en aquella \u00e9poca y de baja condici\u00f3n social, hac\u00eda que no reconocieran su trabajo, y que los f\u00f3siles que encontraba debiera venderlos para poder sobrevivir. Gracias a sus descubrimientos se pudieron realizar otros muchos estudios de especies extinguidas.   <\/p>\n<p>[\/et_pb_text][\/et_pb_column][\/et_pb_row][et_pb_row _builder_version=\u00bb4.16&#8243; _module_preset=\u00bbdefault\u00bb global_colors_info=\u00bb{}\u00bb][et_pb_column type=\u00bb4_4&#8243; _builder_version=\u00bb4.16&#8243; _module_preset=\u00bbdefault\u00bb global_colors_info=\u00bb{}\u00bb][et_pb_text admin_label=\u00bbActivitat: fer f\u00f2ssil en fang\u00bb _builder_version=\u00bb4.22.2&#8243; _module_preset=\u00bbdefault\u00bb custom_margin=\u00bb30px||||false|false\u00bb global_colors_info=\u00bb{}\u00bb]<\/p>\n<h3>ACTIVIDAD 7 \u00abCREA TUS F\u00d3SILES\u00bb<\/h3>\n<p>https:\/\/esplai.fundesplai.org\/recurs\/crea-els-teus-fossils\/<\/p>\n<p>[\/et_pb_text][\/et_pb_column][\/et_pb_row][et_pb_row _builder_version=\u00bb4.16&#8243; _module_preset=\u00bbdefault\u00bb global_colors_info=\u00bb{}\u00bb][et_pb_column type=\u00bb4_4&#8243; _builder_version=\u00bb4.16&#8243; _module_preset=\u00bbdefault\u00bb global_colors_info=\u00bb{}\u00bb][et_pb_text admin_label=\u00bbMARIA SIBYLLA MERIAN\u00bb module_id=\u00bbactivitat8&#8243; _builder_version=\u00bb4.27.5&#8243; _module_preset=\u00bbdefault\u00bb custom_margin=\u00bb30px||||false|false\u00bb global_colors_info=\u00bb{}\u00bb]<\/p>\n<h3>8. MARIA SIBYLLA MERIAN (1647 &#8211; 1717)<\/h3>\n<p>[\/et_pb_text][\/et_pb_column][\/et_pb_row][et_pb_row column_structure=\u00bb1_4,3_4&#8243; _builder_version=\u00bb4.16&#8243; _module_preset=\u00bbdefault\u00bb global_colors_info=\u00bb{}\u00bb][et_pb_column type=\u00bb1_4&#8243; _builder_version=\u00bb4.16&#8243; _module_preset=\u00bbdefault\u00bb global_colors_info=\u00bb{}\u00bb][et_pb_image src=\u00bbhttps:\/\/escoles.fundesplai.org\/wp-content\/uploads\/2022\/01\/Maria-Sibyla-Merian-Fundesplai.png\u00bb alt=\u00bbMaria Sibylla Merian Fundesplai\u00bb title_text=\u00bbMaria Sibylla Merian Fundesplai\u00bb _builder_version=\u00bb4.16&#8243; _module_preset=\u00bbdefault\u00bb custom_margin=\u00bb30px||||false|false\u00bb custom_padding=\u00bb|10px|||false|false\u00bb global_colors_info=\u00bb{}\u00bb][\/et_pb_image][\/et_pb_column][et_pb_column type=\u00bb3_4&#8243; _builder_version=\u00bb4.16&#8243; _module_preset=\u00bbdefault\u00bb global_colors_info=\u00bb{}\u00bb][et_pb_text admin_label=\u00bbMaria Sibylla Merian\u00bb _builder_version=\u00bb4.16&#8243; _module_preset=\u00bbdefault\u00bb custom_margin=\u00bb30px||||false|false\u00bb custom_padding=\u00bb20px||||false|false\u00bb global_colors_info=\u00bb{}\u00bb]<\/p>\n<p><a href=\"https:\/\/ca.wikipedia.org\/wiki\/Maria_Sibylla_Merian\">Maria Sibylla Merian<\/a> fue una <strong>exploradora, <a href=\"https:\/\/es.wikipedia.org\/wiki\/Entomolog%C3%ADa\">entom\u00f3loga<\/a> y pintora alemana<\/strong> reconocida por sus detalles en las ilustraciones naturalistas. Le apasionaba observar los procesos de cambio de la fauna y la flora y destaca por ilustrar el proceso de la metamorfosis, que acab\u00f3 publicando en un libro <em>La oruga, maravillosa transformaci\u00f3n y extra\u00f1a alimentaci\u00f3n floral,<\/em> que la llev\u00f3 a ser reconocida entre la sociedad cient\u00edfica. Gracias a sus viajes a Surinam pudo plasmar especies nunca vistas todav\u00eda en Europa, algo que fascin\u00f3 a la sociedad.  <\/p>\n<p>[\/et_pb_text][\/et_pb_column][\/et_pb_row][et_pb_row _builder_version=\u00bb4.16&#8243; _module_preset=\u00bbdefault\u00bb global_colors_info=\u00bb{}\u00bb][et_pb_column type=\u00bb4_4&#8243; _builder_version=\u00bb4.16&#8243; _module_preset=\u00bbdefault\u00bb global_colors_info=\u00bb{}\u00bb][et_pb_text admin_label=\u00bbActivitat: insectes\u00bb _builder_version=\u00bb4.22.2&#8243; _module_preset=\u00bbdefault\u00bb custom_margin=\u00bb30px||||false|false\u00bb global_colors_info=\u00bb{}\u00bb]<\/p>\n<h3>ACTIVIDAD 8 \u00abLOS INSECTOS\u00bb<\/h3>\n<p>[\/et_pb_text][\/et_pb_column][\/et_pb_row][et_pb_row column_structure=\u00bb1_2,1_2&#8243; _builder_version=\u00bb4.16&#8243; _module_preset=\u00bbdefault\u00bb global_colors_info=\u00bb{}\u00bb][et_pb_column type=\u00bb1_2&#8243; _builder_version=\u00bb4.16&#8243; _module_preset=\u00bbdefault\u00bb global_colors_info=\u00bb{}\u00bb][et_pb_text admin_label=\u00bbhotel insectes\u00bb _builder_version=\u00bb4.22.2&#8243; _module_preset=\u00bbdefault\u00bb custom_margin=\u00bb20px||||false|false\u00bb custom_padding=\u00bb|10px||10px|false|false\u00bb global_colors_info=\u00bb{}\u00bb]<\/p>\n<blockquote class=\"wp-embedded-content\" data-secret=\"dUx5q4h8xU\"><p><a href=\"https:\/\/escoles.fundesplai.org\/blog\/educacio-ambiental\/com-fer-un-hotel-dinsectes-a-lescola-o-lesplai\/\">Com fer un hotel d&#8217;insectes a l&#8217;escola o l&#8217;esplai<\/a><\/p><\/blockquote>\n<p><iframe loading=\"lazy\" class=\"wp-embedded-content\" sandbox=\"allow-scripts\" security=\"restricted\" style=\"position: absolute; clip: rect(1px, 1px, 1px, 1px);\" title=\"&#8220;Com fer un hotel d&#8217;insectes a l&#8217;escola o l&#8217;esplai&#8221; &#8212; Fundesplai M\u00f3n Escolar\" src=\"https:\/\/escoles.fundesplai.org\/blog\/educacio-ambiental\/com-fer-un-hotel-dinsectes-a-lescola-o-lesplai\/embed\/#?secret=SErZ8vYNnt#?secret=dUx5q4h8xU\" data-secret=\"dUx5q4h8xU\" width=\"600\" height=\"338\" frameborder=\"0\" marginwidth=\"0\" marginheight=\"0\" scrolling=\"no\"><\/iframe><\/p>\n<p>[\/et_pb_text][\/et_pb_column][et_pb_column type=\u00bb1_2&#8243; _builder_version=\u00bb4.16&#8243; _module_preset=\u00bbdefault\u00bb global_colors_info=\u00bb{}\u00bb][et_pb_text admin_label=\u00bbhotel insectes\u00bb _builder_version=\u00bb4.22.2&#8243; _module_preset=\u00bbdefault\u00bb custom_margin=\u00bb20px||||false|false\u00bb custom_padding=\u00bb|10px||10px|false|false\u00bb global_colors_info=\u00bb{}\u00bb]<\/p>\n<blockquote class=\"wp-embedded-content\" data-secret=\"IT54h4bPAC\"><p><a href=\"https:\/\/cases.fundesplai.org\/blog\/animals\/23-plantes-abelles\/\">23 plantes per afavorir les abelles<\/a><\/p><\/blockquote>\n<p><iframe loading=\"lazy\" class=\"wp-embedded-content\" sandbox=\"allow-scripts\" security=\"restricted\" style=\"position: absolute; visibility: hidden;\" title=\"&#8220;23 plantes per afavorir les abelles&#8221; &#8212; Cases de col\u00f2nies - Fundesplai\" src=\"https:\/\/cases.fundesplai.org\/blog\/animals\/23-plantes-abelles\/embed\/#?secret=KH7tCe3avA#?secret=IT54h4bPAC\" data-secret=\"IT54h4bPAC\" width=\"600\" height=\"338\" frameborder=\"0\" marginwidth=\"0\" marginheight=\"0\" scrolling=\"no\"><\/iframe><\/p>\n<p>[\/et_pb_text][\/et_pb_column][\/et_pb_row][et_pb_row _builder_version=\u00bb4.16&#8243; _module_preset=\u00bbdefault\u00bb global_colors_info=\u00bb{}\u00bb][et_pb_column type=\u00bb4_4&#8243; _builder_version=\u00bb4.16&#8243; _module_preset=\u00bbdefault\u00bb global_colors_info=\u00bb{}\u00bb][et_pb_text admin_label=\u00bbMICHIYO TSUJIMURA\u00bb module_id=\u00bbactivitat9&#8243; _builder_version=\u00bb4.16&#8243; _module_preset=\u00bbdefault\u00bb custom_margin=\u00bb30px||||false|false\u00bb global_colors_info=\u00bb{}\u00bb]<\/p>\n<h3>9. MICHIYO TSUJIMURA (1888 &#8211; 1969)<\/h3>\n<p>[\/et_pb_text][\/et_pb_column][\/et_pb_row][et_pb_row column_structure=\u00bb1_4,3_4&#8243; _builder_version=\u00bb4.16&#8243; _module_preset=\u00bbdefault\u00bb global_colors_info=\u00bb{}\u00bb][et_pb_column type=\u00bb1_4&#8243; _builder_version=\u00bb4.16&#8243; _module_preset=\u00bbdefault\u00bb global_colors_info=\u00bb{}\u00bb][et_pb_image src=\u00bbhttps:\/\/escoles.fundesplai.org\/wp-content\/uploads\/2022\/02\/Michiyo-Tsujimura-Fundesplai.png\u00bb alt=\u00bbMichiyo Tsujimura Fundesplai\u00bb title_text=\u00bbMichiyo Tsujimura Fundesplai\u00bb _builder_version=\u00bb4.16&#8243; _module_preset=\u00bbdefault\u00bb custom_margin=\u00bb30px||||false|false\u00bb custom_padding=\u00bb|10px|||false|false\u00bb global_colors_info=\u00bb{}\u00bb][\/et_pb_image][\/et_pb_column][et_pb_column type=\u00bb3_4&#8243; _builder_version=\u00bb4.16&#8243; _module_preset=\u00bbdefault\u00bb global_colors_info=\u00bb{}\u00bb][et_pb_text admin_label=\u00bbMichyio Tsujimura\u00bb _builder_version=\u00bb4.16&#8243; _module_preset=\u00bbdefault\u00bb custom_margin=\u00bb30px||||false|false\u00bb custom_padding=\u00bb20px||||false|false\u00bb global_colors_info=\u00bb{}\u00bb]<\/p>\n<p><a href=\"https:\/\/es.wikipedia.org\/wiki\/Michiyo_Tsujimura\">Michiyo Tsujimura<\/a> fue una cient\u00edfica agr\u00edcola y bioqu\u00edmica japonesa, que centr\u00f3 su investigaci\u00f3n en <strong>los componentes y las propiedades del t\u00e9 verde<\/strong>. Fue la <strong>primera mujer japonesa<\/strong> en recibir un <strong>doctorado en agricultura.<\/strong> Sus investigaciones sobre el t\u00e9 verde, hicieron que descubriera la presencia de la vitamina C en sus hojas. Siguiendo sus investigaciones logr\u00f3 aislar otros componentes relacionados con la amargura del t\u00e9 y en 1935 patent\u00f3 un m\u00e9todo para extraer cristales de vitamina C de las plantas.  <\/p>\n<p>[\/et_pb_text][\/et_pb_column][\/et_pb_row][et_pb_row _builder_version=\u00bb4.16&#8243; _module_preset=\u00bbdefault\u00bb global_colors_info=\u00bb{}\u00bb][et_pb_column type=\u00bb4_4&#8243; _builder_version=\u00bb4.16&#8243; _module_preset=\u00bbdefault\u00bb global_colors_info=\u00bb{}\u00bb][et_pb_text _builder_version=\u00bb4.16&#8243; _module_preset=\u00bbdefault\u00bb custom_margin=\u00bb30px||||false|false\u00bb global_colors_info=\u00bb{}\u00bb]<\/p>\n<h3>ACTIVIDAD 9 \u00abLAS PLANTAS MEDICINALES\u00bb<\/h3>\n<p>[\/et_pb_text][\/et_pb_column][\/et_pb_row][et_pb_row column_structure=\u00bb1_2,1_2&#8243; _builder_version=\u00bb4.16&#8243; _module_preset=\u00bbdefault\u00bb global_colors_info=\u00bb{}\u00bb][et_pb_column type=\u00bb1_2&#8243; _builder_version=\u00bb4.16&#8243; _module_preset=\u00bbdefault\u00bb global_colors_info=\u00bb{}\u00bb][et_pb_text admin_label=\u00bbActivitat: plantes medicinals\u00bb _builder_version=\u00bb4.16&#8243; _module_preset=\u00bbdefault\u00bb custom_margin=\u00bb10px||||false|false\u00bb custom_padding=\u00bb|10px|||false|false\u00bb global_colors_info=\u00bb{}\u00bb]<\/p>\n<blockquote class=\"wp-embedded-content\" data-secret=\"mTSP3Dy17F\"><p><a href=\"https:\/\/cases.fundesplai.org\/blog\/plantes\/9-aplicacions-per-a-les-plantes-medicinals\/\">9 Aplicacions per a les plantes medicinals<\/a><\/p><\/blockquote>\n<p><iframe loading=\"lazy\" class=\"wp-embedded-content\" sandbox=\"allow-scripts\" security=\"restricted\" style=\"position: absolute; clip: rect(1px, 1px, 1px, 1px);\" title=\"&#8220;9 Aplicacions per a les plantes medicinals&#8221; &#8212; Cases de col\u00f2nies - Fundesplai\" src=\"https:\/\/cases.fundesplai.org\/blog\/plantes\/9-aplicacions-per-a-les-plantes-medicinals\/embed\/#?secret=WKuk4XNlng#?secret=mTSP3Dy17F\" data-secret=\"mTSP3Dy17F\" width=\"600\" height=\"338\" frameborder=\"0\" marginwidth=\"0\" marginheight=\"0\" scrolling=\"no\"><\/iframe><\/p>\n<p>[\/et_pb_text][\/et_pb_column][et_pb_column type=\u00bb1_2&#8243; _builder_version=\u00bb4.16&#8243; _module_preset=\u00bbdefault\u00bb global_colors_info=\u00bb{}\u00bb][et_pb_text admin_label=\u00bbActivitat: plantes medicinals\u00bb _builder_version=\u00bb4.16&#8243; _module_preset=\u00bbdefault\u00bb custom_margin=\u00bb10px||||false|false\u00bb custom_padding=\u00bb|10px||10px|false|false\u00bb global_colors_info=\u00bb{}\u00bb]<\/p>\n<blockquote class=\"wp-embedded-content\" data-secret=\"eL0VQJoG5E\"><p><a href=\"https:\/\/cases.fundesplai.org\/es\/blog-es\/plantas\/20-plantas-medicinales-de-primavera\/\">20 plantas medicinales de primavera<\/a><\/p><\/blockquote>\n<p><iframe loading=\"lazy\" class=\"wp-embedded-content\" sandbox=\"allow-scripts\" security=\"restricted\" style=\"position: absolute; visibility: hidden;\" title=\"\u00ab20 plantas medicinales de primavera\u00bb \u2014 Cases de col\u00f2nies - Fundesplai\" src=\"https:\/\/cases.fundesplai.org\/es\/blog-es\/plantas\/20-plantas-medicinales-de-primavera\/embed\/#?secret=HWD2138IVd#?secret=eL0VQJoG5E\" data-secret=\"eL0VQJoG5E\" width=\"600\" height=\"338\" frameborder=\"0\" marginwidth=\"0\" marginheight=\"0\" scrolling=\"no\"><\/iframe><\/p>\n<p>[\/et_pb_text][\/et_pb_column][\/et_pb_row][et_pb_row _builder_version=\u00bb4.16&#8243; _module_preset=\u00bbdefault\u00bb global_colors_info=\u00bb{}\u00bb][et_pb_column type=\u00bb4_4&#8243; _builder_version=\u00bb4.16&#8243; _module_preset=\u00bbdefault\u00bb global_colors_info=\u00bb{}\u00bb][et_pb_text admin_label=\u00bbPATRICIA BATH\u00bb module_id=\u00bbactivitat10&#8243; _builder_version=\u00bb4.16&#8243; _module_preset=\u00bbdefault\u00bb custom_margin=\u00bb30px||||false|false\u00bb global_colors_info=\u00bb{}\u00bb]<\/p>\n<h3>10. PATRICIA BATH (1942 &#8211; 2019)<\/h3>\n<p>[\/et_pb_text][\/et_pb_column][\/et_pb_row][et_pb_row column_structure=\u00bb1_4,3_4&#8243; _builder_version=\u00bb4.16&#8243; _module_preset=\u00bbdefault\u00bb global_colors_info=\u00bb{}\u00bb][et_pb_column type=\u00bb1_4&#8243; _builder_version=\u00bb4.16&#8243; _module_preset=\u00bbdefault\u00bb global_colors_info=\u00bb{}\u00bb][et_pb_image src=\u00bbhttps:\/\/escoles.fundesplai.org\/wp-content\/uploads\/2022\/01\/Patricia-Bath-Fundesplai.png\u00bb alt=\u00bbPatricia Bath Fundesplai\u00bb title_text=\u00bbPatricia Bath Fundesplai\u00bb _builder_version=\u00bb4.16&#8243; _module_preset=\u00bbdefault\u00bb custom_margin=\u00bb30px||||false|false\u00bb custom_padding=\u00bb|10px|||false|false\u00bb global_colors_info=\u00bb{}\u00bb][\/et_pb_image][\/et_pb_column][et_pb_column type=\u00bb3_4&#8243; _builder_version=\u00bb4.16&#8243; _module_preset=\u00bbdefault\u00bb global_colors_info=\u00bb{}\u00bb][et_pb_text admin_label=\u00bbPatricia Bath\u00bb _builder_version=\u00bb4.16&#8243; _module_preset=\u00bbdefault\u00bb custom_margin=\u00bb30px||||false|false\u00bb custom_padding=\u00bb20px||||false|false\u00bb global_colors_info=\u00bb{}\u00bb]<\/p>\n<p><a href=\"https:\/\/ca.wikipedia.org\/wiki\/Patricia_Bath\">Patricia Bath<\/a> fue una <strong>oftalm\u00f3loga, inventora y acad\u00e9mica<\/strong>, que destac\u00f3 por ser la <strong>primera mujer afroamericana<\/strong> en recibir una <strong>patente con fines m\u00e9dicos<\/strong>. Estudi\u00f3 qu\u00edmica y posteriormente medicina, y centr\u00f3 sus investigaciones en tratar y prevenir la ceguera. Gracias a sus estudios <strong>cre\u00f3 un aparato<\/strong>, el Lasesrphaco, que ha permitido <strong>tratar las cataratas<\/strong> de forma r\u00e1pida y sin dolor.   El a\u00f1o 1976 funda el Instituto Americano para la Prevenci\u00f3n de la Ceguera en Washington DC. <\/p>\n<p>[\/et_pb_text][\/et_pb_column][\/et_pb_row][et_pb_row _builder_version=\u00bb4.16&#8243; _module_preset=\u00bbdefault\u00bb global_colors_info=\u00bb{}\u00bb][et_pb_column type=\u00bb4_4&#8243; _builder_version=\u00bb4.16&#8243; _module_preset=\u00bbdefault\u00bb global_colors_info=\u00bb{}\u00bb][et_pb_text admin_label=\u00bbACTIVITAT 10&#8243; _builder_version=\u00bb4.22.2&#8243; _module_preset=\u00bbdefault\u00bb custom_margin=\u00bb30px||||false|false\u00bb global_colors_info=\u00bb{}\u00bb]<\/p>\n<h3>ACTIVIDAD 10 \u00abLA VISTA\u00bb<\/h3>\n<p>[\/et_pb_text][\/et_pb_column][\/et_pb_row][et_pb_row column_structure=\u00bb1_3,1_3,1_3&#8243; _builder_version=\u00bb4.16&#8243; _module_preset=\u00bbdefault\u00bb global_colors_info=\u00bb{}\u00bb][et_pb_column type=\u00bb1_3&#8243; _builder_version=\u00bb4.16&#8243; _module_preset=\u00bbdefault\u00bb global_colors_info=\u00bb{}\u00bb][et_pb_text admin_label=\u00bbActivitat: M\u00c0 3D\u00bb _builder_version=\u00bb4.22.2&#8243; _module_preset=\u00bbdefault\u00bb custom_margin=\u00bb20px||||false|false\u00bb custom_padding=\u00bb|||10px|false|false\u00bb global_colors_info=\u00bb{}\u00bb]<\/p>\n<p>https:\/\/esplai.fundesplai.org\/recurs\/una-ma-en-3d\/<\/p>\n<p>[\/et_pb_text][\/et_pb_column][et_pb_column type=\u00bb1_3&#8243; _builder_version=\u00bb4.16&#8243; _module_preset=\u00bbdefault\u00bb global_colors_info=\u00bb{}\u00bb][et_pb_text admin_label=\u00bbActivitat: cadires adaotat\u00bb _builder_version=\u00bb4.22.2&#8243; _module_preset=\u00bbdefault\u00bb custom_margin=\u00bb20px||||false|false\u00bb custom_padding=\u00bb|||10px|false|false\u00bb global_colors_info=\u00bb{}\u00bb]<\/p>\n<blockquote class=\"wp-embedded-content\" data-secret=\"bQCzcPyvWQ\"><p><a href=\"https:\/\/fundesplai.org\/banc-recursos\/recurs\/joc-cadires-adaptat\/\">Joc de les cadires adaptat<\/a><\/p><\/blockquote>\n<p><iframe loading=\"lazy\" class=\"wp-embedded-content\" sandbox=\"allow-scripts\" security=\"restricted\" style=\"position: absolute; visibility: hidden;\" title=\"&#8220;Joc de les cadires adaptat&#8221; &#8212; Banc de recursos - Fundesplai\" src=\"https:\/\/fundesplai.org\/banc-recursos\/recurs\/joc-cadires-adaptat\/embed\/#?secret=UYC6Oj5Vfz#?secret=bQCzcPyvWQ\" data-secret=\"bQCzcPyvWQ\" width=\"600\" height=\"338\" frameborder=\"0\" marginwidth=\"0\" marginheight=\"0\" scrolling=\"no\"><\/iframe><\/p>\n<p>[\/et_pb_text][\/et_pb_column][et_pb_column type=\u00bb1_3&#8243; _builder_version=\u00bb4.16&#8243; _module_preset=\u00bbdefault\u00bb global_colors_info=\u00bb{}\u00bb][et_pb_text admin_label=\u00bbActivitat: mocador adaptat\u00bb _builder_version=\u00bb4.22.2&#8243; _module_preset=\u00bbdefault\u00bb custom_margin=\u00bb20px||||false|false\u00bb custom_padding=\u00bb|||10px|false|false\u00bb global_colors_info=\u00bb{}\u00bb]<\/p>\n<blockquote class=\"wp-embedded-content\" data-secret=\"nXYPcZmOIZ\"><p><a href=\"https:\/\/fundesplai.org\/banc-recursos\/recurs\/mocador-cooperatiu-i-adaptat\/\">Mocador cooperatiu i adaptat<\/a><\/p><\/blockquote>\n<p><iframe loading=\"lazy\" class=\"wp-embedded-content\" sandbox=\"allow-scripts\" security=\"restricted\" style=\"position: absolute; visibility: hidden;\" title=\"&#8220;Mocador cooperatiu i adaptat&#8221; &#8212; Banc de recursos - Fundesplai\" src=\"https:\/\/fundesplai.org\/banc-recursos\/recurs\/mocador-cooperatiu-i-adaptat\/embed\/#?secret=nn1YCjywZu#?secret=nXYPcZmOIZ\" data-secret=\"nXYPcZmOIZ\" width=\"600\" height=\"338\" frameborder=\"0\" marginwidth=\"0\" marginheight=\"0\" scrolling=\"no\"><\/iframe><\/p>\n<p>[\/et_pb_text][\/et_pb_column][\/et_pb_row][et_pb_row _builder_version=\u00bb4.16&#8243; _module_preset=\u00bbdefault\u00bb global_colors_info=\u00bb{}\u00bb][et_pb_column type=\u00bb4_4&#8243; _builder_version=\u00bb4.16&#8243; _module_preset=\u00bbdefault\u00bb global_colors_info=\u00bb{}\u00bb][et_pb_text admin_label=\u00bbRACHEL CARSON\u00bb module_id=\u00bbactivitat11&#8243; _builder_version=\u00bb4.16&#8243; _module_preset=\u00bbdefault\u00bb custom_margin=\u00bb30px||||false|false\u00bb global_colors_info=\u00bb{}\u00bb]<\/p>\n<h3>11. RACHEL CARSON (1907 &#8211; 1964)<\/h3>\n<p>[\/et_pb_text][\/et_pb_column][\/et_pb_row][et_pb_row column_structure=\u00bb1_4,3_4&#8243; _builder_version=\u00bb4.16&#8243; _module_preset=\u00bbdefault\u00bb global_colors_info=\u00bb{}\u00bb][et_pb_column type=\u00bb1_4&#8243; _builder_version=\u00bb4.16&#8243; _module_preset=\u00bbdefault\u00bb global_colors_info=\u00bb{}\u00bb][et_pb_image src=\u00bbhttps:\/\/escoles.fundesplai.org\/wp-content\/uploads\/2022\/01\/Rachel-Carson-Fundesplai.png\u00bb alt=\u00bbRachel Carson Fundesplai\u00bb title_text=\u00bbRachel Carson Fundesplai\u00bb _builder_version=\u00bb4.16&#8243; _module_preset=\u00bbdefault\u00bb custom_margin=\u00bb30px||||false|false\u00bb custom_padding=\u00bb|10px|||false|false\u00bb global_colors_info=\u00bb{}\u00bb][\/et_pb_image][\/et_pb_column][et_pb_column type=\u00bb3_4&#8243; _builder_version=\u00bb4.16&#8243; _module_preset=\u00bbdefault\u00bb global_colors_info=\u00bb{}\u00bb][et_pb_text admin_label=\u00bbRachel Carson\u00bb _builder_version=\u00bb4.16&#8243; _module_preset=\u00bbdefault\u00bb custom_margin=\u00bb30px||||false|false\u00bb custom_padding=\u00bb20px||||false|false\u00bb global_colors_info=\u00bb{}\u00bb]<\/p>\n<p><a href=\"https:\/\/ca.wikipedia.org\/wiki\/Rachel_Carson\">Rachel Carson<\/a> fue una <strong>bi\u00f3loga marina<\/strong> norteamericana considerada una de las <strong>pioneras del movimiento ecologista<\/strong> contempor\u00e1neo. Trabaj\u00f3 durante a\u00f1os escribiendo documentos educativos sobre el medio marino, y a trav\u00e9s de sus investigaciones y observaciones analiz\u00f3 los <strong>efectos nocivos<\/strong> que ten\u00edan y siguen teniendo <strong>los insecticidas en los ecosistemas.<\/strong> Su libro <em>Primavera<\/em> silenciosa plasma todas sus conclusiones de sus estudios, que fueron apoyados por muchos expertos, pero no por la industria qu\u00edmica. <strong><br \/><\/strong><\/p>\n<p>[\/et_pb_text][\/et_pb_column][\/et_pb_row][et_pb_row _builder_version=\u00bb4.16&#8243; _module_preset=\u00bbdefault\u00bb global_colors_info=\u00bb{}\u00bb][et_pb_column type=\u00bb4_4&#8243; _builder_version=\u00bb4.16&#8243; _module_preset=\u00bbdefault\u00bb global_colors_info=\u00bb{}\u00bb][et_pb_text admin_label=\u00bbACTIVITAT 11&#8243; _builder_version=\u00bb4.22.2&#8243; _module_preset=\u00bbdefault\u00bb custom_margin=\u00bb30px||||false|false\u00bb global_colors_info=\u00bb{}\u00bb]<\/p>\n<h3>ACTIVIDAD 11 \u00abCREA POCIONES CONTRA LAS PLAGAS\u00bb<\/h3>\n<p>[\/et_pb_text][\/et_pb_column][\/et_pb_row][et_pb_row column_structure=\u00bb1_2,1_2&#8243; _builder_version=\u00bb4.16&#8243; _module_preset=\u00bbdefault\u00bb global_colors_info=\u00bb{}\u00bb][et_pb_column type=\u00bb1_2&#8243; _builder_version=\u00bb4.16&#8243; _module_preset=\u00bbdefault\u00bb global_colors_info=\u00bb{}\u00bb][et_pb_text admin_label=\u00bbActivitat: POCIONS PLAGUES\u00bb _builder_version=\u00bb4.22.2&#8243; _module_preset=\u00bbdefault\u00bb custom_margin=\u00bb20px||||false|false\u00bb custom_padding=\u00bb|10px||10px|false|false\u00bb global_colors_info=\u00bb{}\u00bb]<\/p>\n<p>https:\/\/esplai.fundesplai.org\/recurs\/pocions-i-trucs-contra-les-plagues\/<\/p>\n<p>[\/et_pb_text][\/et_pb_column][et_pb_column type=\u00bb1_2&#8243; _builder_version=\u00bb4.16&#8243; _module_preset=\u00bbdefault\u00bb global_colors_info=\u00bb{}\u00bb][et_pb_text admin_label=\u00bbActivitat: PUGONS I MARIETES\u00bb _builder_version=\u00bb4.22.2&#8243; _module_preset=\u00bbdefault\u00bb custom_margin=\u00bb20px||||false|false\u00bb custom_padding=\u00bb|10px||10px|false|false\u00bb global_colors_info=\u00bb{}\u00bb]<\/p>\n<blockquote class=\"wp-embedded-content\" data-secret=\"Sh4ORnVvhS\"><p><a href=\"https:\/\/fundesplai.org\/banc-recursos\/recurs\/pugons-i-marietes\/\">Pugons i marietes<\/a><\/p><\/blockquote>\n<p><iframe loading=\"lazy\" class=\"wp-embedded-content\" sandbox=\"allow-scripts\" security=\"restricted\" style=\"position: absolute; visibility: hidden;\" title=\"&#8220;Pugons i marietes&#8221; &#8212; Banc de recursos - Fundesplai\" src=\"https:\/\/fundesplai.org\/banc-recursos\/recurs\/pugons-i-marietes\/embed\/#?secret=CsUS1SkOKO#?secret=Sh4ORnVvhS\" data-secret=\"Sh4ORnVvhS\" width=\"600\" height=\"338\" frameborder=\"0\" marginwidth=\"0\" marginheight=\"0\" scrolling=\"no\"><\/iframe><\/p>\n<p>[\/et_pb_text][\/et_pb_column][\/et_pb_row][et_pb_row _builder_version=\u00bb4.16&#8243; _module_preset=\u00bbdefault\u00bb global_colors_info=\u00bb{}\u00bb][et_pb_column type=\u00bb4_4&#8243; _builder_version=\u00bb4.16&#8243; _module_preset=\u00bbdefault\u00bb global_colors_info=\u00bb{}\u00bb][et_pb_text admin_label=\u00bbROSALIND FRANKLIN\u00bb module_id=\u00bbactivitat12&#8243; _builder_version=\u00bb4.16&#8243; _module_preset=\u00bbdefault\u00bb custom_margin=\u00bb30px||||false|false\u00bb global_colors_info=\u00bb{}\u00bb]<\/p>\n<h3>12. ROSALIND FRANKLIN (1920 &#8211; 1958)<\/h3>\n<p>[\/et_pb_text][\/et_pb_column][\/et_pb_row][et_pb_row column_structure=\u00bb1_4,3_4&#8243; _builder_version=\u00bb4.16&#8243; _module_preset=\u00bbdefault\u00bb global_colors_info=\u00bb{}\u00bb][et_pb_column type=\u00bb1_4&#8243; _builder_version=\u00bb4.16&#8243; _module_preset=\u00bbdefault\u00bb global_colors_info=\u00bb{}\u00bb][et_pb_image src=\u00bbhttps:\/\/escoles.fundesplai.org\/wp-content\/uploads\/2022\/01\/Rosalind-Franklin-Fundesplai.png\u00bb alt=\u00bbRosalind Franklin Fundesplai\u00bb title_text=\u00bbRosalind Franklin Fundesplai\u00bb _builder_version=\u00bb4.16&#8243; _module_preset=\u00bbdefault\u00bb custom_margin=\u00bb30px||||false|false\u00bb custom_padding=\u00bb|10px|||false|false\u00bb global_colors_info=\u00bb{}\u00bb][\/et_pb_image][\/et_pb_column][et_pb_column type=\u00bb3_4&#8243; _builder_version=\u00bb4.16&#8243; _module_preset=\u00bbdefault\u00bb global_colors_info=\u00bb{}\u00bb][et_pb_text admin_label=\u00bbRosalind Franklin\u00bb _builder_version=\u00bb4.16&#8243; _module_preset=\u00bbdefault\u00bb custom_margin=\u00bb30px||||false|false\u00bb custom_padding=\u00bb20px||||false|false\u00bb global_colors_info=\u00bb{}\u00bb]<\/p>\n<p><a href=\"https:\/\/ca.wikipedia.org\/wiki\/Rosalind_Franklin\">Rosalind Franklin<\/a> fue una <strong>cient\u00edfica inglesa<\/strong> que destac\u00f3 por <strong>descubrir la estructura del ADN<\/strong>. Sus estudios se centraron en la qu\u00edmica, en 1945 se doctor\u00f3 en qu\u00edmica f\u00edsica, convirti\u00e9ndose en una <strong>experta en cristalograf\u00eda de los rayos X<\/strong> a nivel mundial. A partir de esta t\u00e9cnica y experimentaciones pudo estudiar la mol\u00e9cula del ADN, aplicando observaciones muy precisas sobre su estructura. Nunca fue reconocida por su trabajo por ser mujer y nunca la nominaron al Premio Nobel de Medicina.   <\/p>\n<p>[\/et_pb_text][\/et_pb_column][\/et_pb_row][et_pb_row _builder_version=\u00bb4.16&#8243; _module_preset=\u00bbdefault\u00bb global_colors_info=\u00bb{}\u00bb][et_pb_column type=\u00bb4_4&#8243; _builder_version=\u00bb4.16&#8243; _module_preset=\u00bbdefault\u00bb global_colors_info=\u00bb{}\u00bb][et_pb_text admin_label=\u00bbActivitat: extreure ADN\u00bb _builder_version=\u00bb4.16&#8243; _module_preset=\u00bbdefault\u00bb custom_margin=\u00bb30px||||false|false\u00bb global_colors_info=\u00bb{}\u00bb]<\/p>\n<h3>ACTIVIDAD 12 \u00abEXTRAE EL ADN\u00bb<\/h3>\n<p>https:\/\/esplai.fundesplai.org\/recurs\/extreu-ladn-de-la-teva-saliva\/<\/p>\n<p>[\/et_pb_text][\/et_pb_column][\/et_pb_row][et_pb_row _builder_version=\u00bb4.16&#8243; _module_preset=\u00bbdefault\u00bb global_colors_info=\u00bb{}\u00bb][et_pb_column type=\u00bb4_4&#8243; _builder_version=\u00bb4.16&#8243; _module_preset=\u00bbdefault\u00bb global_colors_info=\u00bb{}\u00bb][et_pb_text admin_label=\u00bbVALENTINA TERESHKOVA\u00bb module_id=\u00bbactivitat13&#8243; _builder_version=\u00bb4.16&#8243; _module_preset=\u00bbdefault\u00bb custom_margin=\u00bb30px||||false|false\u00bb global_colors_info=\u00bb{}\u00bb]<\/p>\n<h3>13. VALENTINA TERESHKOVA (1937 &#8211; )<\/h3>\n<p>[\/et_pb_text][\/et_pb_column][\/et_pb_row][et_pb_row column_structure=\u00bb1_4,3_4&#8243; _builder_version=\u00bb4.16&#8243; _module_preset=\u00bbdefault\u00bb global_colors_info=\u00bb{}\u00bb][et_pb_column type=\u00bb1_4&#8243; _builder_version=\u00bb4.16&#8243; _module_preset=\u00bbdefault\u00bb global_colors_info=\u00bb{}\u00bb][et_pb_image src=\u00bbhttps:\/\/escoles.fundesplai.org\/wp-content\/uploads\/2022\/01\/Valentina-Tereshkova-Fundesplai.png\u00bb alt=\u00bbValentina Tereshkova Fundesplai\u00bb title_text=\u00bbValentina Tereshkova Fundesplai\u00bb _builder_version=\u00bb4.16&#8243; _module_preset=\u00bbdefault\u00bb custom_margin=\u00bb30px||||false|false\u00bb custom_padding=\u00bb|10px|||false|false\u00bb global_colors_info=\u00bb{}\u00bb][\/et_pb_image][\/et_pb_column][et_pb_column type=\u00bb3_4&#8243; _builder_version=\u00bb4.16&#8243; _module_preset=\u00bbdefault\u00bb global_colors_info=\u00bb{}\u00bb][et_pb_text admin_label=\u00bbValentina Tereshkova\u00bb _builder_version=\u00bb4.16&#8243; _module_preset=\u00bbdefault\u00bb custom_margin=\u00bb30px||||false|false\u00bb custom_padding=\u00bb20px||||false|false\u00bb global_colors_info=\u00bb{}\u00bb]<\/p>\n<p><a href=\"https:\/\/ca.wikipedia.org\/wiki\/Valentina_Tereixkova\">Valentina Tereshkova<\/a> fue una astronauta rusa y <strong>la primera mujer en viajar al espacio<\/strong>. Ten\u00eda mucho inter\u00e9s por el paracaidismo y con 22 a\u00f1os dio su primer salto. Complet\u00f3 una misi\u00f3n especial en solitario por el espacio en 1963 con solo 26 a\u00f1os. <strong>Dio 48 vueltas a la Tierra durante 70 horas<\/strong>, un hito hist\u00f3rico que le permiti\u00f3 seguir colaborando con el programa especial sovi\u00e9tico, a estudiar ingenier\u00eda especial hasta conseguir su doctorado e incluso a formar parte de la vida pol\u00edtica del pa\u00eds. Desde ese momento m\u00e1s mujeres han formado parte de misiones especiales.   <\/p>\n<p>[\/et_pb_text][\/et_pb_column][\/et_pb_row][et_pb_row _builder_version=\u00bb4.16&#8243; _module_preset=\u00bbdefault\u00bb global_colors_info=\u00bb{}\u00bb][et_pb_column type=\u00bb4_4&#8243; _builder_version=\u00bb4.16&#8243; _module_preset=\u00bbdefault\u00bb global_colors_info=\u00bb{}\u00bb][et_pb_text admin_label=\u00bbActivitat: girar got aigua\u00bb _builder_version=\u00bb4.16&#8243; _module_preset=\u00bbdefault\u00bb custom_margin=\u00bb30px||||false|false\u00bb global_colors_info=\u00bb{}\u00bb]<\/p>\n<h3>ACTIVIDAD 13 \u00ab\u00a1DALE LA VUELTA AL VASO!\u00bb<\/h3>\n<p>https:\/\/esplai.fundesplai.org\/recurs\/dona-li-la-volta-al-got\/<\/p>\n<p>[\/et_pb_text][\/et_pb_column][\/et_pb_row][et_pb_row _builder_version=\u00bb4.16&#8243; _module_preset=\u00bbdefault\u00bb global_colors_info=\u00bb{}\u00bb][et_pb_column type=\u00bb4_4&#8243; _builder_version=\u00bb4.16&#8243; _module_preset=\u00bbdefault\u00bb global_colors_info=\u00bb{}\u00bb][et_pb_text admin_label=\u00bbWANG ZHENYI\u00bb module_id=\u00bbactivitat14&#8243; _builder_version=\u00bb4.16&#8243; _module_preset=\u00bbdefault\u00bb custom_margin=\u00bb30px||||false|false\u00bb global_colors_info=\u00bb{}\u00bb]<\/p>\n<h3>14. WANG ZHENYI (1769 &#8211; 1797)<\/h3>\n<p>[\/et_pb_text][\/et_pb_column][\/et_pb_row][et_pb_row column_structure=\u00bb1_4,3_4&#8243; _builder_version=\u00bb4.16&#8243; _module_preset=\u00bbdefault\u00bb global_colors_info=\u00bb{}\u00bb][et_pb_column type=\u00bb1_4&#8243; _builder_version=\u00bb4.16&#8243; _module_preset=\u00bbdefault\u00bb global_colors_info=\u00bb{}\u00bb][et_pb_image src=\u00bbhttps:\/\/escoles.fundesplai.org\/wp-content\/uploads\/2022\/01\/C-C-C-P1.png\u00bb alt=\u00bbWang Zhenyi Fundesplai\u00bb title_text=\u00bbWang Zhenyi Fundesplai\u00bb _builder_version=\u00bb4.16&#8243; _module_preset=\u00bbdefault\u00bb custom_margin=\u00bb30px||||false|false\u00bb custom_padding=\u00bb|10px|||false|false\u00bb global_colors_info=\u00bb{}\u00bb][\/et_pb_image][\/et_pb_column][et_pb_column type=\u00bb3_4&#8243; _builder_version=\u00bb4.16&#8243; _module_preset=\u00bbdefault\u00bb global_colors_info=\u00bb{}\u00bb][et_pb_text admin_label=\u00bbWang Zhenyi\u00bb _builder_version=\u00bb4.16&#8243; _module_preset=\u00bbdefault\u00bb custom_margin=\u00bb30px||||false|false\u00bb custom_padding=\u00bb20px||||false|false\u00bb global_colors_info=\u00bb{}\u00bb]<\/p>\n<p><a href=\"https:\/\/es.wikipedia.org\/wiki\/Wang_Zhenyi\">Wang Zhenyi<\/a> vivi\u00f3 durante la dinast\u00eda china Qing (la que fue la \u00faltima dinast\u00eda imperial de China), estudi\u00f3 <strong>astronom\u00eda, matem\u00e1ticas, geograf\u00eda y medicina<\/strong>, en una \u00e9poca y una dinast\u00eda en la que las mujeres no pod\u00edan estudiar. Fue una autodidacta, que logr\u00f3 descubrir el funcionamiento de los <strong>eclipses lunares<\/strong>. Para explicarlo cre\u00f3 unas maquetas que lo hac\u00edan muy comprensible. Adem\u00e1s de su vertiente cient\u00edfica, tambi\u00e9n fue <strong>una gran poetisa<\/strong>, que inspirada por sus viajes y conocimiento plasmaba la vida de la \u00e9poca en versos.   <\/p>\n<p>[\/et_pb_text][\/et_pb_column][\/et_pb_row][et_pb_row _builder_version=\u00bb4.16&#8243; _module_preset=\u00bbdefault\u00bb global_colors_info=\u00bb{}\u00bb][et_pb_column type=\u00bb4_4&#8243; _builder_version=\u00bb4.16&#8243; _module_preset=\u00bbdefault\u00bb global_colors_info=\u00bb{}\u00bb][et_pb_text admin_label=\u00bbActivitat: fer una maqueta eclipsi\u00bb _builder_version=\u00bb4.16&#8243; _module_preset=\u00bbdefault\u00bb custom_margin=\u00bb30px||||false|false\u00bb global_colors_info=\u00bb{}\u00bb]<\/p>\n<h3>ACTIVIDAD 14 \u00abHAZ UNA MAQUETA DE ECLIPSES\u00bb<\/h3>\n<p>https:\/\/esplai.fundesplai.org\/recurs\/els-eclipsis\/<\/p>\n<p>[\/et_pb_text][\/et_pb_column][\/et_pb_row][et_pb_row _builder_version=\u00bb4.16&#8243; _module_preset=\u00bbdefault\u00bb global_colors_info=\u00bb{}\u00bb][et_pb_column type=\u00bb4_4&#8243; _builder_version=\u00bb4.16&#8243; _module_preset=\u00bbdefault\u00bb global_colors_info=\u00bb{}\u00bb][et_pb_text admin_label=\u00bbWANGARI MUTA MAATHAI\u00bb module_id=\u00bbactivitat15&#8243; _builder_version=\u00bb4.16&#8243; _module_preset=\u00bbdefault\u00bb custom_margin=\u00bb30px||||false|false\u00bb global_colors_info=\u00bb{}\u00bb]<\/p>\n<h3>15. WANGARI MUTA MAATHAI ( 1940 &#8211; 2011)<\/h3>\n<p>[\/et_pb_text][\/et_pb_column][\/et_pb_row][et_pb_row column_structure=\u00bb1_4,3_4&#8243; _builder_version=\u00bb4.16&#8243; _module_preset=\u00bbdefault\u00bb global_colors_info=\u00bb{}\u00bb][et_pb_column type=\u00bb1_4&#8243; _builder_version=\u00bb4.16&#8243; _module_preset=\u00bbdefault\u00bb global_colors_info=\u00bb{}\u00bb][et_pb_image src=\u00bbhttps:\/\/escoles.fundesplai.org\/wp-content\/uploads\/2022\/01\/Wangari-Muta-Maathai-Fundesplai.png\u00bb alt=\u00bbWangari Muta Maathai Fundesplai\u00bb title_text=\u00bbWangari Muta Maathai Fundesplai\u00bb _builder_version=\u00bb4.16&#8243; _module_preset=\u00bbdefault\u00bb custom_margin=\u00bb30px||||false|false\u00bb custom_padding=\u00bb|10px|||false|false\u00bb global_colors_info=\u00bb{}\u00bb][\/et_pb_image][\/et_pb_column][et_pb_column type=\u00bb3_4&#8243; _builder_version=\u00bb4.16&#8243; _module_preset=\u00bbdefault\u00bb global_colors_info=\u00bb{}\u00bb][et_pb_text admin_label=\u00bbWangari Muta Maathai\u00bb _builder_version=\u00bb4.16&#8243; _module_preset=\u00bbdefault\u00bb custom_margin=\u00bb30px||||false|false\u00bb custom_padding=\u00bb20px||||false|false\u00bb global_colors_info=\u00bb{}\u00bb]<\/p>\n<p><a href=\"https:\/\/ca.wikipedia.org\/wiki\/Wangari_Maathai\">Wangari Muta Maathai<\/a> ha sido <strong>bi\u00f3loga<\/strong> y una de las <strong>ecologistas<\/strong> y <strong>activistas pol\u00edticas keniana<\/strong> m\u00e1s importantes de su pa\u00eds. Fue la <strong>primera esposa de \u00c1frica con titulaci\u00f3n universitaria.<\/strong> Su preocupaci\u00f3n por la situaci\u00f3n de pobreza de las mujeres kenianas le llev\u00f3 a crear el movimiento <a href=\"https:\/\/www.ecointeligencia.com\/2015\/09\/movimiento-cinturon-verde\/\">Cintur\u00f3n Verde<\/a>, para mejorar sus condiciones econ\u00f3micas y luchar contra la deforestaci\u00f3n y la sequ\u00eda del continente. Fue elegida diputada del Parlamento de Kenia y secretaria de Estado de Medio Ambiente. Su carrera la llev\u00f3 a recibir el <strong>Premio Nobel de la Paz en 2004<\/strong>.   <\/p>\n<p>[\/et_pb_text][\/et_pb_column][\/et_pb_row][et_pb_row _builder_version=\u00bb4.16&#8243; _module_preset=\u00bbdefault\u00bb global_colors_info=\u00bb{}\u00bb][et_pb_column type=\u00bb4_4&#8243; _builder_version=\u00bb4.16&#8243; _module_preset=\u00bbdefault\u00bb global_colors_info=\u00bb{}\u00bb][et_pb_text admin_label=\u00bbActivitat: plantar\u00bb _builder_version=\u00bb4.16&#8243; _module_preset=\u00bbdefault\u00bb custom_margin=\u00bb30px||||false|false\u00bb global_colors_info=\u00bb{}\u00bb]<\/p>\n<h3>ACTIVIDAD 15 \u00ab\u00a1PONTE A PLANTAR!\u00bb<\/h3>\n<p>[\/et_pb_text][\/et_pb_column][\/et_pb_row][et_pb_row column_structure=\u00bb1_3,1_3,1_3&#8243; _builder_version=\u00bb4.16&#8243; _module_preset=\u00bbdefault\u00bb global_colors_info=\u00bb{}\u00bb][et_pb_column type=\u00bb1_3&#8243; _builder_version=\u00bb4.16&#8243; _module_preset=\u00bbdefault\u00bb global_colors_info=\u00bb{}\u00bb][et_pb_text admin_label=\u00bbAROMATIQUES\u00bb _builder_version=\u00bb4.16&#8243; _module_preset=\u00bbdefault\u00bb custom_margin=\u00bb20px||||false|false\u00bb custom_padding=\u00bb|10px||10px|false|false\u00bb global_colors_info=\u00bb{}\u00bb]<\/p>\n<p>https:\/\/esplai.fundesplai.org\/recurs\/el-raco-de-les-plantes-aromatiques\/<\/p>\n<p>[\/et_pb_text][\/et_pb_column][et_pb_column type=\u00bb1_3&#8243; _builder_version=\u00bb4.16&#8243; _module_preset=\u00bbdefault\u00bb global_colors_info=\u00bb{}\u00bb][et_pb_text admin_label=\u00bbPLANTER\u00bb _builder_version=\u00bb4.16&#8243; _module_preset=\u00bbdefault\u00bb custom_margin=\u00bb20px||||false|false\u00bb custom_padding=\u00bb|10px||10px|false|false\u00bb global_colors_info=\u00bb{}\u00bb]<\/p>\n<p>https:\/\/esplai.fundesplai.org\/recurs\/preparem-el-planter\/<\/p>\n<p>[\/et_pb_text][\/et_pb_column][et_pb_column type=\u00bb1_3&#8243; _builder_version=\u00bb4.16&#8243; _module_preset=\u00bbdefault\u00bb global_colors_info=\u00bb{}\u00bb][et_pb_text admin_label=\u00bbMONIATO\u00bb _builder_version=\u00bb4.22.2&#8243; _module_preset=\u00bbdefault\u00bb custom_margin=\u00bb20px||||false|false\u00bb custom_padding=\u00bb|10px||10px|false|false\u00bb global_colors_info=\u00bb{}\u00bb]<\/p>\n<blockquote class=\"wp-embedded-content\" data-secret=\"tNi4ZdEIxV\"><p><a href=\"https:\/\/fundesplai.org\/banc-recursos\/recurs\/fem-germinar-un-moniato\/\">Fem germinar un moniato<\/a><\/p><\/blockquote>\n<p><iframe loading=\"lazy\" class=\"wp-embedded-content\" sandbox=\"allow-scripts\" security=\"restricted\" style=\"position: absolute; visibility: hidden;\" title=\"&#8220;Fem germinar un moniato&#8221; &#8212; Banc de recursos - Fundesplai\" src=\"https:\/\/fundesplai.org\/banc-recursos\/recurs\/fem-germinar-un-moniato\/embed\/#?secret=wyKQlL51Vm#?secret=tNi4ZdEIxV\" data-secret=\"tNi4ZdEIxV\" width=\"600\" height=\"338\" frameborder=\"0\" marginwidth=\"0\" marginheight=\"0\" scrolling=\"no\"><\/iframe><\/p>\n<p>[\/et_pb_text][\/et_pb_column][\/et_pb_row][et_pb_row _builder_version=\u00bb4.16&#8243; _module_preset=\u00bbdefault\u00bb global_colors_info=\u00bb{}\u00bb][et_pb_column type=\u00bb4_4&#8243; _builder_version=\u00bb4.16&#8243; _module_preset=\u00bbdefault\u00bb global_colors_info=\u00bb{}\u00bb][et_pb_divider _builder_version=\u00bb4.16&#8243; _module_preset=\u00bbdefault\u00bb custom_margin=\u00bb30px||||false|false\u00bb global_colors_info=\u00bb{}\u00bb][\/et_pb_divider][et_pb_text _builder_version=\u00bb4.22.2&#8243; _module_preset=\u00bbdefault\u00bb custom_margin=\u00bb20px||||false|false\u00bb global_colors_info=\u00bb{}\u00bb]<\/p>\n<p>Aqu\u00ed solo te hemos mencionado 15 cient\u00edficas, \u00a1pero hay tantas que no acabar\u00edamos nunca! \u00a1Investiga, aprende qu\u00e9 hizo, descubre en qu\u00e9 \u00e9poca vivieron, y sobre todo emp\u00e1pate de sus descubrimientos e investigaciones! <\/p>\n<p>&nbsp;<\/p>\n<h3>LECTURAS SOBRE MUJERES CIENT\u00cdFICAS<\/h3>\n<ul>\n<li><a href=\"https:\/\/www.grup62.cat\/llibre-dones-de-ciencia\/274737\">Mujeres de ciencia. 50 pioneras valientes que cambiaron el mundo <\/a>. Estrella Polar. 2018.<\/li>\n<li><a href=\"https:\/\/shackletonkids.com\/libros\/mis-pequenos-heroes\/cientifiques\/\">Cient\u00edficas<\/a>. Schakleton Books.  2021.<\/li>\n<li><a href=\"https:\/\/www.penguinlibros.com\/es\/biografias-e-historias-reales\/30206-libro-las-chicas-son-de-ciencias-9788490438824\">Las chicas son ciencias<\/a>. Montena.  2021.<\/li>\n<li><a href=\"https:\/\/www.planetadelibros.com\/libro-supermujeres-superinventoras\/262467\">Supermujeres, superinventoras<\/a>. Lunwerg Editores.  2018.<\/li>\n<li><a href=\"https:\/\/edicioneswanafrica.com\/producto\/dones-negras-en-la-ciencia\/\">Mujeres negras en la ciencia<\/a>. Wan\u00e1frica Ediciones.  2020.<\/li>\n<li><a href=\"https:\/\/www.editorialflamboyant.com\/ca\/libro\/inventores-i-els-seus-invents\/\">Inventoras y sus inventos<\/a>. Flamboyant.  2018.<\/li>\n<\/ul>\n<blockquote>\n<p>Descubre la <a href=\"https:\/\/fundacionesplai.org\/wp-content\/uploads\/2020\/10\/guia-completa-web.pdf\">Gu\u00eda Did\u00e1ctica #ChicasInTech de Fundaci\u00f3n Esplai<\/a>, para crear y organizar actividades cient\u00edficas y tecnol\u00f3gicas con perspectiva de g\u00e9nero.<\/p>\n<\/blockquote>\n<p>Y si echas un vistazo a la entrada <a href=\"https:\/\/escoles.fundesplai.org\/es\/blog-es\/recursos-es\/15-juegos-de-mesa-por-la-igualdad-de-genero\/\">15 juegos de mesa por la igualdad de g\u00e9nero<\/a>, tambi\u00e9n encontrar\u00e1s juegos centrados en cient\u00edficas de la historia!<\/p>\n<p>[\/et_pb_text][et_pb_text _builder_version=\u00bb4.16&#8243; _module_preset=\u00bbdefault\u00bb custom_margin=\u00bb30px||||false|false\u00bb global_colors_info=\u00bb{}\u00bb]<\/p>\n<p style=\"text-align: center;\"><strong>\u00a1Ahora ya has podido aprender algo m\u00e1s sobre mujeres cient\u00edficas!<br \/>Si te ha gustado, comparte esta entrada en las redes, \u00a1y damos a conocer todos estos nombres!<br \/><\/strong><\/p>\n<p>[\/et_pb_text][\/et_pb_column][\/et_pb_row][\/et_pb_section]<\/p>\n","protected":false},"excerpt":{"rendered":"<p>Para el D\u00eda Internacional de la mujer y la ni\u00f1a en la ciencia, te presentamos 15 cient\u00edficas y 15 actividades STEM relacionadas para poder trabajar en el aula, en casa o en el esplai. <\/p>\n","protected":false},"author":26,"featured_media":32246,"comment_status":"closed","ping_status":"closed","sticky":false,"template":"","format":"standard","meta":{"_et_pb_use_builder":"on","_et_pb_old_content":"","_et_gb_content_width":"","footnotes":""},"categories":[282,272],"tags":[275,610,611,609,438],"class_list":["post-32704","post","type-post","status-publish","format-standard","has-post-thumbnail","hentry","category-educacion-en-el-tiempo-libre","category-recursos-es","tag-actividades","tag-ciencia-es","tag-dia-internacional-mujer-ciencia","tag-experimentar-es","tag-mujer"],"yoast_head":"<!-- This site is optimized with the Yoast SEO plugin v27.5 - https:\/\/yoast.com\/product\/yoast-seo-wordpress\/ -->\n<title>15 actividades por el D\u00eda de la Mujer en la Ciencia (parte 1) - Fundesplai M\u00f3n Escolar<\/title>\n<meta name=\"description\" content=\"Por el D\u00eda de la Mujer y la Ni\u00f1a en la Ciencia, te presentamos 15 cient\u00edficas y 15 actividades relacionadas con su investigaci\u00f3n.\" \/>\n<meta name=\"robots\" content=\"index, follow, max-snippet:-1, max-image-preview:large, max-video-preview:-1\" \/>\n<link rel=\"canonical\" href=\"https:\/\/escoles.fundesplai.org\/es\/blog-es\/recursos-es\/15-actividades-para-el-dia-de-la-mujer-en-la-ciencia\/\" \/>\n<meta property=\"og:locale\" content=\"es_ES\" \/>\n<meta property=\"og:type\" content=\"article\" \/>\n<meta property=\"og:title\" content=\"15 actividades por el D\u00eda de la Mujer en la Ciencia (parte 1) - Fundesplai M\u00f3n Escolar\" \/>\n<meta property=\"og:description\" content=\"Por el D\u00eda de la Mujer y la Ni\u00f1a en la Ciencia, te presentamos 15 cient\u00edficas y 15 actividades relacionadas con su investigaci\u00f3n.\" \/>\n<meta property=\"og:url\" content=\"https:\/\/escoles.fundesplai.org\/es\/blog-es\/recursos-es\/15-actividades-para-el-dia-de-la-mujer-en-la-ciencia\/\" \/>\n<meta property=\"og:site_name\" content=\"Fundesplai M\u00f3n Escolar\" \/>\n<meta property=\"article:publisher\" content=\"https:\/\/www.facebook.com\/Fundesplai\/\" \/>\n<meta property=\"article:published_time\" content=\"2026-02-05T08:37:57+00:00\" \/>\n<meta property=\"article:modified_time\" content=\"2026-04-01T07:24:01+00:00\" \/>\n<meta property=\"og:image\" content=\"https:\/\/escoles.fundesplai.org\/wp-content\/uploads\/2022\/01\/Dia-dona-i-nena-ciencia-Fundesplai.jpg\" \/>\n\t<meta property=\"og:image:width\" content=\"1888\" \/>\n\t<meta property=\"og:image:height\" content=\"900\" \/>\n\t<meta property=\"og:image:type\" content=\"image\/jpeg\" \/>\n<meta name=\"author\" content=\"Mariona Duch\" \/>\n<meta name=\"twitter:card\" content=\"summary_large_image\" \/>\n<meta name=\"twitter:creator\" content=\"@fundesplai\" \/>\n<meta name=\"twitter:site\" content=\"@fundesplai\" \/>\n<meta name=\"twitter:label1\" content=\"Escrito por\" \/>\n\t<meta name=\"twitter:data1\" content=\"Mariona Duch\" \/>\n\t<meta name=\"twitter:label2\" content=\"Tiempo de lectura\" \/>\n\t<meta name=\"twitter:data2\" content=\"40 minutos\" \/>\n<script type=\"application\/ld+json\" class=\"yoast-schema-graph\">{\"@context\":\"https:\\\/\\\/schema.org\",\"@graph\":[{\"@type\":\"Article\",\"@id\":\"https:\\\/\\\/escoles.fundesplai.org\\\/es\\\/blog-es\\\/recursos-es\\\/15-actividades-para-el-dia-de-la-mujer-en-la-ciencia\\\/#article\",\"isPartOf\":{\"@id\":\"https:\\\/\\\/escoles.fundesplai.org\\\/es\\\/blog-es\\\/recursos-es\\\/15-actividades-para-el-dia-de-la-mujer-en-la-ciencia\\\/\"},\"author\":{\"name\":\"Mariona Duch\",\"@id\":\"https:\\\/\\\/escoles.fundesplai.org\\\/es\\\/#\\\/schema\\\/person\\\/2ca12c7f6e427a577b996c3c7f432211\"},\"headline\":\"15 actividades por el D\u00eda de la Mujer en la Ciencia (parte 1)\",\"datePublished\":\"2026-02-05T08:37:57+00:00\",\"dateModified\":\"2026-04-01T07:24:01+00:00\",\"mainEntityOfPage\":{\"@id\":\"https:\\\/\\\/escoles.fundesplai.org\\\/es\\\/blog-es\\\/recursos-es\\\/15-actividades-para-el-dia-de-la-mujer-en-la-ciencia\\\/\"},\"wordCount\":8087,\"publisher\":{\"@id\":\"https:\\\/\\\/escoles.fundesplai.org\\\/es\\\/#organization\"},\"image\":{\"@id\":\"https:\\\/\\\/escoles.fundesplai.org\\\/es\\\/blog-es\\\/recursos-es\\\/15-actividades-para-el-dia-de-la-mujer-en-la-ciencia\\\/#primaryimage\"},\"thumbnailUrl\":\"https:\\\/\\\/escoles.fundesplai.org\\\/wp-content\\\/uploads\\\/2022\\\/01\\\/Dia-dona-i-nena-ciencia-Fundesplai.jpg\",\"keywords\":[\"actividades\",\"ciencia\",\"d\u00eda internacional mujer ciencia\",\"experimentar\",\"mujer\"],\"articleSection\":[\"Educaci\u00f3n en el tiempo libre\",\"Recursos\"],\"inLanguage\":\"es\"},{\"@type\":\"WebPage\",\"@id\":\"https:\\\/\\\/escoles.fundesplai.org\\\/es\\\/blog-es\\\/recursos-es\\\/15-actividades-para-el-dia-de-la-mujer-en-la-ciencia\\\/\",\"url\":\"https:\\\/\\\/escoles.fundesplai.org\\\/es\\\/blog-es\\\/recursos-es\\\/15-actividades-para-el-dia-de-la-mujer-en-la-ciencia\\\/\",\"name\":\"15 actividades por el D\u00eda de la Mujer en la Ciencia (parte 1) - Fundesplai M\u00f3n Escolar\",\"isPartOf\":{\"@id\":\"https:\\\/\\\/escoles.fundesplai.org\\\/es\\\/#website\"},\"primaryImageOfPage\":{\"@id\":\"https:\\\/\\\/escoles.fundesplai.org\\\/es\\\/blog-es\\\/recursos-es\\\/15-actividades-para-el-dia-de-la-mujer-en-la-ciencia\\\/#primaryimage\"},\"image\":{\"@id\":\"https:\\\/\\\/escoles.fundesplai.org\\\/es\\\/blog-es\\\/recursos-es\\\/15-actividades-para-el-dia-de-la-mujer-en-la-ciencia\\\/#primaryimage\"},\"thumbnailUrl\":\"https:\\\/\\\/escoles.fundesplai.org\\\/wp-content\\\/uploads\\\/2022\\\/01\\\/Dia-dona-i-nena-ciencia-Fundesplai.jpg\",\"datePublished\":\"2026-02-05T08:37:57+00:00\",\"dateModified\":\"2026-04-01T07:24:01+00:00\",\"description\":\"Por el D\u00eda de la Mujer y la Ni\u00f1a en la Ciencia, te presentamos 15 cient\u00edficas y 15 actividades relacionadas con su investigaci\u00f3n.\",\"breadcrumb\":{\"@id\":\"https:\\\/\\\/escoles.fundesplai.org\\\/es\\\/blog-es\\\/recursos-es\\\/15-actividades-para-el-dia-de-la-mujer-en-la-ciencia\\\/#breadcrumb\"},\"inLanguage\":\"es\",\"potentialAction\":[{\"@type\":\"ReadAction\",\"target\":[\"https:\\\/\\\/escoles.fundesplai.org\\\/es\\\/blog-es\\\/recursos-es\\\/15-actividades-para-el-dia-de-la-mujer-en-la-ciencia\\\/\"]}]},{\"@type\":\"ImageObject\",\"inLanguage\":\"es\",\"@id\":\"https:\\\/\\\/escoles.fundesplai.org\\\/es\\\/blog-es\\\/recursos-es\\\/15-actividades-para-el-dia-de-la-mujer-en-la-ciencia\\\/#primaryimage\",\"url\":\"https:\\\/\\\/escoles.fundesplai.org\\\/wp-content\\\/uploads\\\/2022\\\/01\\\/Dia-dona-i-nena-ciencia-Fundesplai.jpg\",\"contentUrl\":\"https:\\\/\\\/escoles.fundesplai.org\\\/wp-content\\\/uploads\\\/2022\\\/01\\\/Dia-dona-i-nena-ciencia-Fundesplai.jpg\",\"width\":1888,\"height\":900,\"caption\":\"D\u00eda mujer y ni\u00f1a ciencia Fundesplai\"},{\"@type\":\"BreadcrumbList\",\"@id\":\"https:\\\/\\\/escoles.fundesplai.org\\\/es\\\/blog-es\\\/recursos-es\\\/15-actividades-para-el-dia-de-la-mujer-en-la-ciencia\\\/#breadcrumb\",\"itemListElement\":[{\"@type\":\"ListItem\",\"position\":1,\"name\":\"Inici\",\"item\":\"https:\\\/\\\/escoles.fundesplai.org\\\/es\\\/inicio\\\/\"},{\"@type\":\"ListItem\",\"position\":2,\"name\":\"Blog\",\"item\":\"https:\\\/\\\/escoles.fundesplai.org\\\/es\\\/blog-es\\\/\"},{\"@type\":\"ListItem\",\"position\":3,\"name\":\"Recursos\",\"item\":\"https:\\\/\\\/escoles.fundesplai.org\\\/es\\\/blog-es\\\/recursos-es\\\/\"},{\"@type\":\"ListItem\",\"position\":4,\"name\":\"15 actividades por el D\u00eda de la Mujer en la Ciencia (parte 1)\"}]},{\"@type\":\"WebSite\",\"@id\":\"https:\\\/\\\/escoles.fundesplai.org\\\/es\\\/#website\",\"url\":\"https:\\\/\\\/escoles.fundesplai.org\\\/es\\\/\",\"name\":\"Fundesplai M\u00f3n Escolar\",\"description\":\"Serveis de lleure educatiu per a escoles\",\"publisher\":{\"@id\":\"https:\\\/\\\/escoles.fundesplai.org\\\/es\\\/#organization\"},\"potentialAction\":[{\"@type\":\"SearchAction\",\"target\":{\"@type\":\"EntryPoint\",\"urlTemplate\":\"https:\\\/\\\/escoles.fundesplai.org\\\/es\\\/?s={search_term_string}\"},\"query-input\":{\"@type\":\"PropertyValueSpecification\",\"valueRequired\":true,\"valueName\":\"search_term_string\"}}],\"inLanguage\":\"es\"},{\"@type\":\"Organization\",\"@id\":\"https:\\\/\\\/escoles.fundesplai.org\\\/es\\\/#organization\",\"name\":\"Fundesplai - M\u00f3n Escolar\",\"url\":\"https:\\\/\\\/escoles.fundesplai.org\\\/es\\\/\",\"logo\":{\"@type\":\"ImageObject\",\"inLanguage\":\"es\",\"@id\":\"https:\\\/\\\/escoles.fundesplai.org\\\/es\\\/#\\\/schema\\\/logo\\\/image\\\/\",\"url\":\"https:\\\/\\\/escoles.fundesplai.org\\\/wp-content\\\/uploads\\\/2021\\\/08\\\/logo-mon-escolar.png\",\"contentUrl\":\"https:\\\/\\\/escoles.fundesplai.org\\\/wp-content\\\/uploads\\\/2021\\\/08\\\/logo-mon-escolar.png\",\"width\":468,\"height\":211,\"caption\":\"Fundesplai - M\u00f3n Escolar\"},\"image\":{\"@id\":\"https:\\\/\\\/escoles.fundesplai.org\\\/es\\\/#\\\/schema\\\/logo\\\/image\\\/\"},\"sameAs\":[\"https:\\\/\\\/www.facebook.com\\\/Fundesplai\\\/\",\"https:\\\/\\\/x.com\\\/fundesplai\",\"https:\\\/\\\/www.instagram.com\\\/fundesplai\\\/\"]},{\"@type\":\"Person\",\"@id\":\"https:\\\/\\\/escoles.fundesplai.org\\\/es\\\/#\\\/schema\\\/person\\\/2ca12c7f6e427a577b996c3c7f432211\",\"name\":\"Mariona Duch\",\"image\":{\"@type\":\"ImageObject\",\"inLanguage\":\"es\",\"@id\":\"https:\\\/\\\/secure.gravatar.com\\\/avatar\\\/678f8dc5592155106183c2dba5a10542029cee6b53d56fa163cb5ba0b4db9386?s=96&d=mm&r=g\",\"url\":\"https:\\\/\\\/secure.gravatar.com\\\/avatar\\\/678f8dc5592155106183c2dba5a10542029cee6b53d56fa163cb5ba0b4db9386?s=96&d=mm&r=g\",\"contentUrl\":\"https:\\\/\\\/secure.gravatar.com\\\/avatar\\\/678f8dc5592155106183c2dba5a10542029cee6b53d56fa163cb5ba0b4db9386?s=96&d=mm&r=g\",\"caption\":\"Mariona Duch\"}}]}<\/script>\n<!-- \/ Yoast SEO plugin. -->","yoast_head_json":{"title":"15 actividades por el D\u00eda de la Mujer en la Ciencia (parte 1) - Fundesplai M\u00f3n Escolar","description":"Por el D\u00eda de la Mujer y la Ni\u00f1a en la Ciencia, te presentamos 15 cient\u00edficas y 15 actividades relacionadas con su investigaci\u00f3n.","robots":{"index":"index","follow":"follow","max-snippet":"max-snippet:-1","max-image-preview":"max-image-preview:large","max-video-preview":"max-video-preview:-1"},"canonical":"https:\/\/escoles.fundesplai.org\/es\/blog-es\/recursos-es\/15-actividades-para-el-dia-de-la-mujer-en-la-ciencia\/","og_locale":"es_ES","og_type":"article","og_title":"15 actividades por el D\u00eda de la Mujer en la Ciencia (parte 1) - Fundesplai M\u00f3n Escolar","og_description":"Por el D\u00eda de la Mujer y la Ni\u00f1a en la Ciencia, te presentamos 15 cient\u00edficas y 15 actividades relacionadas con su investigaci\u00f3n.","og_url":"https:\/\/escoles.fundesplai.org\/es\/blog-es\/recursos-es\/15-actividades-para-el-dia-de-la-mujer-en-la-ciencia\/","og_site_name":"Fundesplai M\u00f3n Escolar","article_publisher":"https:\/\/www.facebook.com\/Fundesplai\/","article_published_time":"2026-02-05T08:37:57+00:00","article_modified_time":"2026-04-01T07:24:01+00:00","og_image":[{"width":1888,"height":900,"url":"https:\/\/escoles.fundesplai.org\/wp-content\/uploads\/2022\/01\/Dia-dona-i-nena-ciencia-Fundesplai.jpg","type":"image\/jpeg"}],"author":"Mariona Duch","twitter_card":"summary_large_image","twitter_creator":"@fundesplai","twitter_site":"@fundesplai","twitter_misc":{"Escrito por":"Mariona Duch","Tiempo de lectura":"40 minutos"},"schema":{"@context":"https:\/\/schema.org","@graph":[{"@type":"Article","@id":"https:\/\/escoles.fundesplai.org\/es\/blog-es\/recursos-es\/15-actividades-para-el-dia-de-la-mujer-en-la-ciencia\/#article","isPartOf":{"@id":"https:\/\/escoles.fundesplai.org\/es\/blog-es\/recursos-es\/15-actividades-para-el-dia-de-la-mujer-en-la-ciencia\/"},"author":{"name":"Mariona Duch","@id":"https:\/\/escoles.fundesplai.org\/es\/#\/schema\/person\/2ca12c7f6e427a577b996c3c7f432211"},"headline":"15 actividades por el D\u00eda de la Mujer en la Ciencia (parte 1)","datePublished":"2026-02-05T08:37:57+00:00","dateModified":"2026-04-01T07:24:01+00:00","mainEntityOfPage":{"@id":"https:\/\/escoles.fundesplai.org\/es\/blog-es\/recursos-es\/15-actividades-para-el-dia-de-la-mujer-en-la-ciencia\/"},"wordCount":8087,"publisher":{"@id":"https:\/\/escoles.fundesplai.org\/es\/#organization"},"image":{"@id":"https:\/\/escoles.fundesplai.org\/es\/blog-es\/recursos-es\/15-actividades-para-el-dia-de-la-mujer-en-la-ciencia\/#primaryimage"},"thumbnailUrl":"https:\/\/escoles.fundesplai.org\/wp-content\/uploads\/2022\/01\/Dia-dona-i-nena-ciencia-Fundesplai.jpg","keywords":["actividades","ciencia","d\u00eda internacional mujer ciencia","experimentar","mujer"],"articleSection":["Educaci\u00f3n en el tiempo libre","Recursos"],"inLanguage":"es"},{"@type":"WebPage","@id":"https:\/\/escoles.fundesplai.org\/es\/blog-es\/recursos-es\/15-actividades-para-el-dia-de-la-mujer-en-la-ciencia\/","url":"https:\/\/escoles.fundesplai.org\/es\/blog-es\/recursos-es\/15-actividades-para-el-dia-de-la-mujer-en-la-ciencia\/","name":"15 actividades por el D\u00eda de la Mujer en la Ciencia (parte 1) - Fundesplai M\u00f3n Escolar","isPartOf":{"@id":"https:\/\/escoles.fundesplai.org\/es\/#website"},"primaryImageOfPage":{"@id":"https:\/\/escoles.fundesplai.org\/es\/blog-es\/recursos-es\/15-actividades-para-el-dia-de-la-mujer-en-la-ciencia\/#primaryimage"},"image":{"@id":"https:\/\/escoles.fundesplai.org\/es\/blog-es\/recursos-es\/15-actividades-para-el-dia-de-la-mujer-en-la-ciencia\/#primaryimage"},"thumbnailUrl":"https:\/\/escoles.fundesplai.org\/wp-content\/uploads\/2022\/01\/Dia-dona-i-nena-ciencia-Fundesplai.jpg","datePublished":"2026-02-05T08:37:57+00:00","dateModified":"2026-04-01T07:24:01+00:00","description":"Por el D\u00eda de la Mujer y la Ni\u00f1a en la Ciencia, te presentamos 15 cient\u00edficas y 15 actividades relacionadas con su investigaci\u00f3n.","breadcrumb":{"@id":"https:\/\/escoles.fundesplai.org\/es\/blog-es\/recursos-es\/15-actividades-para-el-dia-de-la-mujer-en-la-ciencia\/#breadcrumb"},"inLanguage":"es","potentialAction":[{"@type":"ReadAction","target":["https:\/\/escoles.fundesplai.org\/es\/blog-es\/recursos-es\/15-actividades-para-el-dia-de-la-mujer-en-la-ciencia\/"]}]},{"@type":"ImageObject","inLanguage":"es","@id":"https:\/\/escoles.fundesplai.org\/es\/blog-es\/recursos-es\/15-actividades-para-el-dia-de-la-mujer-en-la-ciencia\/#primaryimage","url":"https:\/\/escoles.fundesplai.org\/wp-content\/uploads\/2022\/01\/Dia-dona-i-nena-ciencia-Fundesplai.jpg","contentUrl":"https:\/\/escoles.fundesplai.org\/wp-content\/uploads\/2022\/01\/Dia-dona-i-nena-ciencia-Fundesplai.jpg","width":1888,"height":900,"caption":"D\u00eda mujer y ni\u00f1a ciencia Fundesplai"},{"@type":"BreadcrumbList","@id":"https:\/\/escoles.fundesplai.org\/es\/blog-es\/recursos-es\/15-actividades-para-el-dia-de-la-mujer-en-la-ciencia\/#breadcrumb","itemListElement":[{"@type":"ListItem","position":1,"name":"Inici","item":"https:\/\/escoles.fundesplai.org\/es\/inicio\/"},{"@type":"ListItem","position":2,"name":"Blog","item":"https:\/\/escoles.fundesplai.org\/es\/blog-es\/"},{"@type":"ListItem","position":3,"name":"Recursos","item":"https:\/\/escoles.fundesplai.org\/es\/blog-es\/recursos-es\/"},{"@type":"ListItem","position":4,"name":"15 actividades por el D\u00eda de la Mujer en la Ciencia (parte 1)"}]},{"@type":"WebSite","@id":"https:\/\/escoles.fundesplai.org\/es\/#website","url":"https:\/\/escoles.fundesplai.org\/es\/","name":"Fundesplai M\u00f3n Escolar","description":"Serveis de lleure educatiu per a escoles","publisher":{"@id":"https:\/\/escoles.fundesplai.org\/es\/#organization"},"potentialAction":[{"@type":"SearchAction","target":{"@type":"EntryPoint","urlTemplate":"https:\/\/escoles.fundesplai.org\/es\/?s={search_term_string}"},"query-input":{"@type":"PropertyValueSpecification","valueRequired":true,"valueName":"search_term_string"}}],"inLanguage":"es"},{"@type":"Organization","@id":"https:\/\/escoles.fundesplai.org\/es\/#organization","name":"Fundesplai - M\u00f3n Escolar","url":"https:\/\/escoles.fundesplai.org\/es\/","logo":{"@type":"ImageObject","inLanguage":"es","@id":"https:\/\/escoles.fundesplai.org\/es\/#\/schema\/logo\/image\/","url":"https:\/\/escoles.fundesplai.org\/wp-content\/uploads\/2021\/08\/logo-mon-escolar.png","contentUrl":"https:\/\/escoles.fundesplai.org\/wp-content\/uploads\/2021\/08\/logo-mon-escolar.png","width":468,"height":211,"caption":"Fundesplai - M\u00f3n Escolar"},"image":{"@id":"https:\/\/escoles.fundesplai.org\/es\/#\/schema\/logo\/image\/"},"sameAs":["https:\/\/www.facebook.com\/Fundesplai\/","https:\/\/x.com\/fundesplai","https:\/\/www.instagram.com\/fundesplai\/"]},{"@type":"Person","@id":"https:\/\/escoles.fundesplai.org\/es\/#\/schema\/person\/2ca12c7f6e427a577b996c3c7f432211","name":"Mariona Duch","image":{"@type":"ImageObject","inLanguage":"es","@id":"https:\/\/secure.gravatar.com\/avatar\/678f8dc5592155106183c2dba5a10542029cee6b53d56fa163cb5ba0b4db9386?s=96&d=mm&r=g","url":"https:\/\/secure.gravatar.com\/avatar\/678f8dc5592155106183c2dba5a10542029cee6b53d56fa163cb5ba0b4db9386?s=96&d=mm&r=g","contentUrl":"https:\/\/secure.gravatar.com\/avatar\/678f8dc5592155106183c2dba5a10542029cee6b53d56fa163cb5ba0b4db9386?s=96&d=mm&r=g","caption":"Mariona Duch"}}]}},"_links":{"self":[{"href":"https:\/\/escoles.fundesplai.org\/es\/wp-json\/wp\/v2\/posts\/32704","targetHints":{"allow":["GET"]}}],"collection":[{"href":"https:\/\/escoles.fundesplai.org\/es\/wp-json\/wp\/v2\/posts"}],"about":[{"href":"https:\/\/escoles.fundesplai.org\/es\/wp-json\/wp\/v2\/types\/post"}],"author":[{"embeddable":true,"href":"https:\/\/escoles.fundesplai.org\/es\/wp-json\/wp\/v2\/users\/26"}],"replies":[{"embeddable":true,"href":"https:\/\/escoles.fundesplai.org\/es\/wp-json\/wp\/v2\/comments?post=32704"}],"version-history":[{"count":10,"href":"https:\/\/escoles.fundesplai.org\/es\/wp-json\/wp\/v2\/posts\/32704\/revisions"}],"predecessor-version":[{"id":69456,"href":"https:\/\/escoles.fundesplai.org\/es\/wp-json\/wp\/v2\/posts\/32704\/revisions\/69456"}],"wp:featuredmedia":[{"embeddable":true,"href":"https:\/\/escoles.fundesplai.org\/es\/wp-json\/wp\/v2\/media\/32246"}],"wp:attachment":[{"href":"https:\/\/escoles.fundesplai.org\/es\/wp-json\/wp\/v2\/media?parent=32704"}],"wp:term":[{"taxonomy":"category","embeddable":true,"href":"https:\/\/escoles.fundesplai.org\/es\/wp-json\/wp\/v2\/categories?post=32704"},{"taxonomy":"post_tag","embeddable":true,"href":"https:\/\/escoles.fundesplai.org\/es\/wp-json\/wp\/v2\/tags?post=32704"}],"curies":[{"name":"wp","href":"https:\/\/api.w.org\/{rel}","templated":true}]}}