{"id":34688,"date":"2022-04-04T13:16:28","date_gmt":"2022-04-04T11:16:28","guid":{"rendered":"https:\/\/escoles.fundesplai.org\/sin-categorizar\/7-ideas-para-desayunos-y-meriendas-saludables\/"},"modified":"2025-07-31T16:22:32","modified_gmt":"2025-07-31T14:22:32","slug":"7-ideas-para-desayunos-y-meriendas-saludables","status":"publish","type":"post","link":"https:\/\/escoles.fundesplai.org\/es\/blog-es\/comedor-escolar\/7-ideas-para-desayunos-y-meriendas-saludables\/","title":{"rendered":"7 ideas para desayunos y meriendas saludables"},"content":{"rendered":"<p>[et_pb_section fb_built=\u00bb1&#8243; _builder_version=\u00bb4.16&#8243; _module_preset=\u00bbdefault\u00bb global_colors_info=\u00bb{}\u00bb][et_pb_row _builder_version=\u00bb4.16&#8243; _module_preset=\u00bbdefault\u00bb global_colors_info=\u00bb{}\u00bb][et_pb_column type=\u00bb4_4&#8243; _builder_version=\u00bb4.16&#8243; _module_preset=\u00bbdefault\u00bb global_colors_info=\u00bb{}\u00bb][et_pb_text admin_label=\u00bbINTRO\u00bb _builder_version=\u00bb4.16&#8243; _module_preset=\u00bbdefault\u00bb global_colors_info=\u00bb{}\u00bb]<\/p>\n<p>El d\u00eda 7 de abril es el <a href=\"https:\/\/www.who.int\/es\/campaigns\/world-health-day\/2022\">D\u00eda Mundial de la Salud<\/a>, un d\u00eda que sirve para sensibilizar a la poblaci\u00f3n de la importancia de conseguir y mantener un bienestar f\u00edsico, mental y social. Es importante que nuestros ni\u00f1os, ni\u00f1as y j\u00f3venes tengan una vida sana y activa, con juegos, actividades, talleres, una dieta saludable, sostenible y de proximidad. <\/p>\n<p>Recientemente, el Ministerio de Consumo y la <a href=\"https:\/\/www.gasolfoundation.org\/ca\/\">Gasol Foundation<\/a> lanzaron <strong>la campa\u00f1a #LoReconozco<\/strong>, que utiliza el humor para promover desayunos y meriendas saludables en los hogares. La iniciativa naci\u00f3 como respuesta a <strong>la problem\u00e1tica del sobrepeso y la obesidad infantil en Espa\u00f1a.<\/strong> <\/p>\n<p>[\/et_pb_text][\/et_pb_column][\/et_pb_row][et_pb_row column_structure=\u00bb1_5,3_5,1_5&#8243; _builder_version=\u00bb4.16&#8243; _module_preset=\u00bbdefault\u00bb global_colors_info=\u00bb{}\u00bb][et_pb_column type=\u00bb1_5&#8243; _builder_version=\u00bb4.16&#8243; _module_preset=\u00bbdefault\u00bb global_colors_info=\u00bb{}\u00bb][\/et_pb_column][et_pb_column type=\u00bb3_5&#8243; _builder_version=\u00bb4.16&#8243; _module_preset=\u00bbdefault\u00bb global_colors_info=\u00bb{}\u00bb][et_pb_video src=\u00bbhttps:\/\/www.youtube.com\/watch?v=tP_0qxuBgWo\u00bb _builder_version=\u00bb4.16&#8243; _module_preset=\u00bbdefault\u00bb custom_margin=\u00bb30px||||false|false\u00bb global_colors_info=\u00bb{}\u00bb][\/et_pb_video][\/et_pb_column][et_pb_column type=\u00bb1_5&#8243; _builder_version=\u00bb4.16&#8243; _module_preset=\u00bbdefault\u00bb global_colors_info=\u00bb{}\u00bb][\/et_pb_column][\/et_pb_row][et_pb_row _builder_version=\u00bb4.16&#8243; _module_preset=\u00bbdefault\u00bb global_colors_info=\u00bb{}\u00bb][et_pb_column type=\u00bb4_4&#8243; _builder_version=\u00bb4.16&#8243; _module_preset=\u00bbdefault\u00bb global_colors_info=\u00bb{}\u00bb][et_pb_text admin_label=\u00bbper que campanya\u00bb _builder_version=\u00bb4.16&#8243; _module_preset=\u00bbdefault\u00bb custom_margin=\u00bb30px||||false|false\u00bb global_colors_info=\u00bb{}\u00bb]<\/p>\n<h3>\u00bfPor qu\u00e9 es necesaria una campa\u00f1a como esta?<\/h3>\n<p>Seg\u00fan un <a href=\"https:\/\/www.aesan.gob.es\/AECOSAN\/web\/nutricion\/detalle\/aladino_2019.htm\">estudio de la Agencia Espa\u00f1ola de Seguridad Alimentaria y Nutrici\u00f3n (AESAN)<\/a>, el <strong>40,6% de ni\u00f1os y ni\u00f1as de entre 6 y 9 a\u00f1os tienen sobrepeso u obesidad, en Espa\u00f1a<\/strong>. Durante la preadolescencia y adolescencia, las cifras siguen la misma l\u00ednea. En 2019 y seg\u00fan <a href=\"https:\/\/www.gasolfoundation.org\/es\/estudio-pasos\/\">un informe de la Gasol Foundation<\/a>, el 34,9% de los j\u00f3venes de entre 8 y 16 a\u00f1os ten\u00edan sobrepeso u obesidad.  <\/p>\n<p><strong>Los principales factores<\/strong> que influyen en tener sobrepeso u obesidad est\u00e1n relacionados con <strong>la actividad f\u00edsica, la alimentaci\u00f3n, el sue\u00f1o y el bienestar emocional.<\/strong> La campa\u00f1a #LoReconozco se centra en promover desayunos y meriendas saludables para cambiar esta tendencia. Seg\u00fan <a href=\"https:\/\/www.gasolfoundation.org\/es\/estudio-pasos\/\">el informe de la Gasol Foundation<\/a> de 2019, un <strong>31,7% de j\u00f3venes, ni\u00f1as y ni\u00f1os toma boller\u00eda industrial habitualmente.<\/strong> <\/p>\n<p>As\u00ed pues, se trata de una campa\u00f1a de sensibilizaci\u00f3n que <strong>se dirige a las familias que no tienen el h\u00e1bito de desayunar y merendar de forma saludable<\/strong> o que apenas se adentran. \u201c#LoReconozco\u201d pone el foco en el que el primer paso es reconocer la necesidad de mejorar para adentrarse en un proceso de aprendizaje. <\/p>\n<p>En la campa\u00f1a se transmitieron algunas ideas <strong>como que es necesario respetar el tiempo que necesita el ni\u00f1o\/a y evitar las prisas y las presiones<\/strong>, sobre todo cuando introducimos alimentos nuevos. Animar a los ni\u00f1os y ni\u00f1as a <strong>participar en la planificaci\u00f3n y la toma de decisiones<\/strong> en cuanto a comidas puede ser muy positivo. Tambi\u00e9n se recomienda <strong>no utilizar nunca la comida como premio o como castigo.<\/strong>  <\/p>\n<p>[\/et_pb_text][et_pb_text admin_label=\u00bbpetits canvis\u00bb _builder_version=\u00bb4.27.4&#8243; _module_preset=\u00bbdefault\u00bb custom_margin=\u00bb30px||||false|false\u00bb hover_enabled=\u00bb0&#8243; global_colors_info=\u00bb{}\u00bb sticky_enabled=\u00bb0&#8243;]<\/p>\n<h3>Peque\u00f1os cambios para comer mejor<\/h3>\n<p>Desde la Agencia de Salud P\u00fablica de Catalu\u00f1a y el Departamento de Salud han promovido varias gu\u00edas y documentos en esta l\u00ednea, como la gu\u00eda y el v\u00eddeo <a href=\"https:\/\/canalsalut.gencat.cat\/ca\/vida-saludable\/alimentacio\/petits-canvis-menjar-millor\/\">\u00abPetits canvis per menjar millor<\/a> .<\/p>\n<p>[\/et_pb_text][et_pb_video src=\u00bbhttps:\/\/www.youtube.com\/watch?v=Mk6Pf15xPFs\u00bb _builder_version=\u00bb4.16&#8243; _module_preset=\u00bbdefault\u00bb custom_margin=\u00bb30px||||false|false\u00bb global_colors_info=\u00bb{}\u00bb][\/et_pb_video][et_pb_text _builder_version=\u00bb4.16&#8243; _module_preset=\u00bbdefault\u00bb custom_margin=\u00bb30px||||false|false\u00bb global_colors_info=\u00bb{}\u00bb]<\/p>\n<p>Esta gu\u00eda da recomendaciones sobre como mejorar nuestra dieta con el objetivo de hacerla m\u00e1s saludable, lo que recomienda es <strong>comer m\u00e1s frutas y hortalizas<\/strong>; legumbres, frutos secos y llevar una vida activa y social. Tambi\u00e9n promueve que bebamos <strong>m\u00e1s agua; tomemos alimentos integrales y consumamos aceite de oliva virgen y alimentos de temporada y proximidad<\/strong>. Finalmente, tenemos que reducir la cantidad de az\u00facar y sal que consumimos, la carne roja y procesada y los alimentos ultraprocesados. <\/p>\n<p>Si quieres profundizar m\u00e1s en la materia, te proponemos el recurso \u201c<a href=\"https:\/\/salutpublica.gencat.cat\/web\/.content\/minisite\/aspcat\/promocio_salut\/alimentacio_saludable\/02Publicacions\/pub_alim_inf\/guia_alimentacio_saludable_etapa_escolar\/guia_alimentacio_etapa_escolar.pdf\">La alimentaci\u00f3n saludable en la etapa escolar. Gu\u00eda para familias y escuelas <\/a>\u201d en el que hay un amplio abanico de ideas para men\u00fas, desayunos, meriendas, adaptaciones para intolerancias, alergias o dietas sin prote\u00edna animal y mucho m\u00e1s.<\/p>\n<p>Tambi\u00e9n puedes consultar los 10 <a href=\"https:\/\/escoles.fundesplai.org\/es\/blog-es\/comedor-escolar\/la-alimentacion-saludable-en-el-comedor-escolar-10-principios-basicos\/\">principios b\u00e1sicos de la alimentaci\u00f3n saludable en el comedor escolar<\/a> en esta recopilaci\u00f3n de Fundesplai (Fundaci\u00f3n Catalana del Esplai).<\/p>\n<p>[\/et_pb_text][\/et_pb_column][\/et_pb_row][et_pb_row _builder_version=\u00bb4.16&#8243; _module_preset=\u00bbdefault\u00bb global_colors_info=\u00bb{}\u00bb][et_pb_column type=\u00bb4_4&#8243; _builder_version=\u00bb4.16&#8243; _module_preset=\u00bbdefault\u00bb global_colors_info=\u00bb{}\u00bb][et_pb_text admin_label=\u00bb7 idees\u00bb _builder_version=\u00bb4.16&#8243; _module_preset=\u00bbdefault\u00bb custom_margin=\u00bb30px||||false|false\u00bb global_colors_info=\u00bb{}\u00bb]<\/p>\n<h3>7 ideas para desayunos y meriendas saludables<\/h3>\n<p>A continuaci\u00f3n, sugerimos algunos <strong>desayunos y meriendas saludables<\/strong> para que puedas empezar a realizar el cambio. Nos hemos basado en la gu\u00eda \u00ab<a href=\"https:\/\/salutpublica.gencat.cat\/web\/.content\/minisite\/aspcat\/promocio_salut\/alimentacio_saludable\/02Publicacions\/pub_alim_inf\/millorem_esmorzars_i_berenars\/millorem_esmorzars_berenars.pdf\">Millorem els esmorzars i berenars dels infants<\/a>\u00ab, de l&#8217;Agencia de Salud P\u00fablica de Catalu\u00f1a. <\/p>\n<p>[\/et_pb_text][et_pb_image src=\u00bbhttps:\/\/escoles.fundesplai.org\/wp-content\/uploads\/2022\/03\/7-idees-esmorzars-i-berenars-saludables.png\u00bb alt=\u00bb7 ideas desayunos y meriendas saludables Fundesplai\u00bb title_text=\u00bb7 ideas desayunos y meriendas saludables Fundesplai\u00bb align=\u00bbcenter\u00bb _builder_version=\u00bb4.16&#8243; _module_preset=\u00bbdefault\u00bb custom_margin=\u00bb30px||||false|false\u00bb custom_padding=\u00bb|20px||20px|false|false\u00bb global_colors_info=\u00bb{}\u00bb][\/et_pb_image][et_pb_text _builder_version=\u00bb4.27.4&#8243; _module_preset=\u00bbdefault\u00bb custom_margin=\u00bb30px||||false|false\u00bb hover_enabled=\u00bb0&#8243; global_colors_info=\u00bb{}\u00bb sticky_enabled=\u00bb0&#8243;]<\/p>\n<ol>\n<li><strong>Fruta fresca<\/strong> de temporada<\/li>\n<li>Bocadillo de <strong>pan integral<\/strong> o tostadas con queso, tortilla, hummus, olivada u otros \u201cpat\u00e9s\u201d vegetales. Te proponemos que leas el art\u00edculo \u201c24 alternativas a los bocadillos de embutido\u201d para tomar inspiraci\u00f3n. <\/li>\n<li><strong>Copos de ma\u00edz<\/strong>, avena, muesli o arroz hinchado (sin az\u00facares a\u00f1adidos).<\/li>\n<li><strong>Leche o yogur natural<\/strong> (sin az\u00facares a\u00f1adidos) con muesli o fruta fresca.<\/li>\n<li><strong>Frutos secos<\/strong> (nueces, almendras, avellanas, etc.) sin sal.<\/li>\n<li><strong>Hortalizas<\/strong>: tomate, palitos de zanahoria, pepino, crema de berenjena, etc.<\/li>\n<li><strong>Batido<\/strong> con leche, fruta fresca y frutos secos.<\/li>\n<\/ol>\n<p><strong>Otros consejos:<\/strong> evitamos los zumos de fruta y acompa\u00f1amos los desayunos o meriendas con agua, ali\u00f1amos tostadas y bocadillos siempre con aceite de oliva, y sobre todo; intentamos <strong>eliminar los ultraprocesados, los az\u00facares a\u00f1adidos y los embutidos.<\/strong><\/p>\n<p>Estos son solo algunos consejos para promover h\u00e1bitos saludables en los ni\u00f1os, ni\u00f1as y adolescentes. \u00bfConoces m\u00e1s? Ven a la exposici\u00f3n <a href=\"https:\/\/menjaactuaimpacta.org\/es\/la-exposicion\/\"><strong>Menja, Actua, Impacta<\/strong><\/a> y descubre muchos m\u00e1s trucos y soluciones para hacer frente a los h\u00e1bitos poco saludables a la hora de alimentarnos.  <\/p>\n<p>&nbsp;<\/p>\n<p>[\/et_pb_text][et_pb_button button_url=\u00bbhttps:\/\/menjaactuaimpacta.org\/es\/la-exposicion\/\u00bb button_text=\u00bb\u00a1Visita la exposici\u00f3n MENJA, ACTUA, IMPACTA!\u00bb button_alignment=\u00bbcenter\u00bb _builder_version=\u00bb4.27.4&#8243; _module_preset=\u00bbdefault\u00bb custom_margin=\u00bb30px||||false|false\u00bb hover_enabled=\u00bb0&#8243; global_colors_info=\u00bb{}\u00bb sticky_enabled=\u00bb0&#8243;][\/et_pb_button][et_pb_text _builder_version=\u00bb4.16&#8243; _module_preset=\u00bbdefault\u00bb custom_margin=\u00bb30px||50px||false|false\u00bb hover_enabled=\u00bb0&#8243; global_colors_info=\u00bb{}\u00bb sticky_enabled=\u00bb0&#8243;]<\/p>\n<p style=\"text-align: center;\"><strong>Si te ha gustado esta entrada, \u00a1comp\u00e1rtela en las redes!<\/strong><\/p>\n<p>[\/et_pb_text][\/et_pb_column][\/et_pb_row][\/et_pb_section]<\/p>\n","protected":false},"excerpt":{"rendered":"<p>\u00bfQuieres ideas y trucos para promover la alimentaci\u00f3n saludable y sostenible en el d\u00eda a d\u00eda en familia? Compartimos algunas ideas para hacer m\u00e1s saludables los desayunos y meriendas de los ni\u00f1os y ni\u00f1as.<\/p>\n","protected":false},"author":26,"featured_media":34589,"comment_status":"closed","ping_status":"closed","sticky":false,"template":"","format":"standard","meta":{"_et_pb_use_builder":"on","_et_pb_old_content":"","_et_gb_content_width":"","footnotes":""},"categories":[299,303],"tags":[],"class_list":["post-34688","post","type-post","status-publish","format-standard","has-post-thumbnail","hentry","category-comedor-escolar","category-promocion-de-la-salud"],"yoast_head":"<!-- This site is optimized with the Yoast SEO plugin v27.5 - https:\/\/yoast.com\/product\/yoast-seo-wordpress\/ -->\n<title>7 ideas para desayunos y meriendas saludables - Fundesplai M\u00f3n Escolar<\/title>\n<meta name=\"description\" content=\"\u00bfQuieres ideas y trucos para promover la alimentaci\u00f3n saludable y sostenible en el d\u00eda a d\u00eda en familia? \u00a1Desayunos y meriendas saludables!\" \/>\n<meta name=\"robots\" content=\"index, follow, max-snippet:-1, max-image-preview:large, max-video-preview:-1\" \/>\n<link rel=\"canonical\" href=\"https:\/\/escoles.fundesplai.org\/es\/blog-es\/comedor-escolar\/7-ideas-para-desayunos-y-meriendas-saludables\/\" \/>\n<meta property=\"og:locale\" content=\"es_ES\" \/>\n<meta property=\"og:type\" content=\"article\" \/>\n<meta property=\"og:title\" content=\"7 ideas para desayunos y meriendas saludables - Fundesplai M\u00f3n Escolar\" \/>\n<meta property=\"og:description\" content=\"\u00bfQuieres ideas y trucos para promover la alimentaci\u00f3n saludable y sostenible en el d\u00eda a d\u00eda en familia? \u00a1Desayunos y meriendas saludables!\" \/>\n<meta property=\"og:url\" content=\"https:\/\/escoles.fundesplai.org\/es\/blog-es\/comedor-escolar\/7-ideas-para-desayunos-y-meriendas-saludables\/\" \/>\n<meta property=\"og:site_name\" content=\"Fundesplai M\u00f3n Escolar\" \/>\n<meta property=\"article:publisher\" content=\"https:\/\/www.facebook.com\/Fundesplai\/\" \/>\n<meta property=\"article:published_time\" content=\"2022-04-04T11:16:28+00:00\" \/>\n<meta property=\"article:modified_time\" content=\"2025-07-31T14:22:32+00:00\" \/>\n<meta property=\"og:image\" content=\"https:\/\/escoles.fundesplai.org\/wp-content\/uploads\/2022\/03\/esmorzars-i-berenars-saludables-xxss-Fundesplai-800x450.jpeg\" \/>\n<meta name=\"author\" content=\"Mariona Duch\" \/>\n<meta name=\"twitter:card\" content=\"summary_large_image\" \/>\n<meta name=\"twitter:creator\" content=\"@fundesplai\" \/>\n<meta name=\"twitter:site\" content=\"@fundesplai\" \/>\n<meta name=\"twitter:label1\" content=\"Escrito por\" \/>\n\t<meta name=\"twitter:data1\" content=\"Mariona Duch\" \/>\n\t<meta name=\"twitter:label2\" content=\"Tiempo de lectura\" \/>\n\t<meta name=\"twitter:data2\" content=\"7 minutos\" \/>\n<script type=\"application\/ld+json\" class=\"yoast-schema-graph\">{\"@context\":\"https:\\\/\\\/schema.org\",\"@graph\":[{\"@type\":\"Article\",\"@id\":\"https:\\\/\\\/escoles.fundesplai.org\\\/es\\\/blog-es\\\/comedor-escolar\\\/7-ideas-para-desayunos-y-meriendas-saludables\\\/#article\",\"isPartOf\":{\"@id\":\"https:\\\/\\\/escoles.fundesplai.org\\\/es\\\/blog-es\\\/comedor-escolar\\\/7-ideas-para-desayunos-y-meriendas-saludables\\\/\"},\"author\":{\"name\":\"Mariona Duch\",\"@id\":\"https:\\\/\\\/escoles.fundesplai.org\\\/es\\\/#\\\/schema\\\/person\\\/2ca12c7f6e427a577b996c3c7f432211\"},\"headline\":\"7 ideas para desayunos y meriendas saludables\",\"datePublished\":\"2022-04-04T11:16:28+00:00\",\"dateModified\":\"2025-07-31T14:22:32+00:00\",\"mainEntityOfPage\":{\"@id\":\"https:\\\/\\\/escoles.fundesplai.org\\\/es\\\/blog-es\\\/comedor-escolar\\\/7-ideas-para-desayunos-y-meriendas-saludables\\\/\"},\"wordCount\":1320,\"publisher\":{\"@id\":\"https:\\\/\\\/escoles.fundesplai.org\\\/es\\\/#organization\"},\"image\":{\"@id\":\"https:\\\/\\\/escoles.fundesplai.org\\\/es\\\/blog-es\\\/comedor-escolar\\\/7-ideas-para-desayunos-y-meriendas-saludables\\\/#primaryimage\"},\"thumbnailUrl\":\"https:\\\/\\\/escoles.fundesplai.org\\\/wp-content\\\/uploads\\\/2022\\\/03\\\/esmorzars-i-berenars-saludables-Fundesplai.jpeg\",\"articleSection\":[\"Comedor escolar\",\"Promoci\u00f3n de la salud\"],\"inLanguage\":\"es\"},{\"@type\":\"WebPage\",\"@id\":\"https:\\\/\\\/escoles.fundesplai.org\\\/es\\\/blog-es\\\/comedor-escolar\\\/7-ideas-para-desayunos-y-meriendas-saludables\\\/\",\"url\":\"https:\\\/\\\/escoles.fundesplai.org\\\/es\\\/blog-es\\\/comedor-escolar\\\/7-ideas-para-desayunos-y-meriendas-saludables\\\/\",\"name\":\"7 ideas para desayunos y meriendas saludables - Fundesplai M\u00f3n Escolar\",\"isPartOf\":{\"@id\":\"https:\\\/\\\/escoles.fundesplai.org\\\/es\\\/#website\"},\"primaryImageOfPage\":{\"@id\":\"https:\\\/\\\/escoles.fundesplai.org\\\/es\\\/blog-es\\\/comedor-escolar\\\/7-ideas-para-desayunos-y-meriendas-saludables\\\/#primaryimage\"},\"image\":{\"@id\":\"https:\\\/\\\/escoles.fundesplai.org\\\/es\\\/blog-es\\\/comedor-escolar\\\/7-ideas-para-desayunos-y-meriendas-saludables\\\/#primaryimage\"},\"thumbnailUrl\":\"https:\\\/\\\/escoles.fundesplai.org\\\/wp-content\\\/uploads\\\/2022\\\/03\\\/esmorzars-i-berenars-saludables-Fundesplai.jpeg\",\"datePublished\":\"2022-04-04T11:16:28+00:00\",\"dateModified\":\"2025-07-31T14:22:32+00:00\",\"description\":\"\u00bfQuieres ideas y trucos para promover la alimentaci\u00f3n saludable y sostenible en el d\u00eda a d\u00eda en familia? \u00a1Desayunos y meriendas saludables!\",\"breadcrumb\":{\"@id\":\"https:\\\/\\\/escoles.fundesplai.org\\\/es\\\/blog-es\\\/comedor-escolar\\\/7-ideas-para-desayunos-y-meriendas-saludables\\\/#breadcrumb\"},\"inLanguage\":\"es\",\"potentialAction\":[{\"@type\":\"ReadAction\",\"target\":[\"https:\\\/\\\/escoles.fundesplai.org\\\/es\\\/blog-es\\\/comedor-escolar\\\/7-ideas-para-desayunos-y-meriendas-saludables\\\/\"]}]},{\"@type\":\"ImageObject\",\"inLanguage\":\"es\",\"@id\":\"https:\\\/\\\/escoles.fundesplai.org\\\/es\\\/blog-es\\\/comedor-escolar\\\/7-ideas-para-desayunos-y-meriendas-saludables\\\/#primaryimage\",\"url\":\"https:\\\/\\\/escoles.fundesplai.org\\\/wp-content\\\/uploads\\\/2022\\\/03\\\/esmorzars-i-berenars-saludables-Fundesplai.jpeg\",\"contentUrl\":\"https:\\\/\\\/escoles.fundesplai.org\\\/wp-content\\\/uploads\\\/2022\\\/03\\\/esmorzars-i-berenars-saludables-Fundesplai.jpeg\",\"width\":1888,\"height\":900,\"caption\":\"esmorzars i berenars saludables Fundesplai\"},{\"@type\":\"BreadcrumbList\",\"@id\":\"https:\\\/\\\/escoles.fundesplai.org\\\/es\\\/blog-es\\\/comedor-escolar\\\/7-ideas-para-desayunos-y-meriendas-saludables\\\/#breadcrumb\",\"itemListElement\":[{\"@type\":\"ListItem\",\"position\":1,\"name\":\"Inici\",\"item\":\"https:\\\/\\\/escoles.fundesplai.org\\\/es\\\/inicio\\\/\"},{\"@type\":\"ListItem\",\"position\":2,\"name\":\"Blog\",\"item\":\"https:\\\/\\\/escoles.fundesplai.org\\\/es\\\/blog-es\\\/\"},{\"@type\":\"ListItem\",\"position\":3,\"name\":\"Comedor escolar\",\"item\":\"https:\\\/\\\/escoles.fundesplai.org\\\/es\\\/blog-es\\\/comedor-escolar\\\/\"},{\"@type\":\"ListItem\",\"position\":4,\"name\":\"7 ideas para desayunos y meriendas saludables\"}]},{\"@type\":\"WebSite\",\"@id\":\"https:\\\/\\\/escoles.fundesplai.org\\\/es\\\/#website\",\"url\":\"https:\\\/\\\/escoles.fundesplai.org\\\/es\\\/\",\"name\":\"Fundesplai M\u00f3n Escolar\",\"description\":\"Serveis de lleure educatiu per a escoles\",\"publisher\":{\"@id\":\"https:\\\/\\\/escoles.fundesplai.org\\\/es\\\/#organization\"},\"potentialAction\":[{\"@type\":\"SearchAction\",\"target\":{\"@type\":\"EntryPoint\",\"urlTemplate\":\"https:\\\/\\\/escoles.fundesplai.org\\\/es\\\/?s={search_term_string}\"},\"query-input\":{\"@type\":\"PropertyValueSpecification\",\"valueRequired\":true,\"valueName\":\"search_term_string\"}}],\"inLanguage\":\"es\"},{\"@type\":\"Organization\",\"@id\":\"https:\\\/\\\/escoles.fundesplai.org\\\/es\\\/#organization\",\"name\":\"Fundesplai - M\u00f3n Escolar\",\"url\":\"https:\\\/\\\/escoles.fundesplai.org\\\/es\\\/\",\"logo\":{\"@type\":\"ImageObject\",\"inLanguage\":\"es\",\"@id\":\"https:\\\/\\\/escoles.fundesplai.org\\\/es\\\/#\\\/schema\\\/logo\\\/image\\\/\",\"url\":\"https:\\\/\\\/escoles.fundesplai.org\\\/wp-content\\\/uploads\\\/2021\\\/08\\\/logo-mon-escolar.png\",\"contentUrl\":\"https:\\\/\\\/escoles.fundesplai.org\\\/wp-content\\\/uploads\\\/2021\\\/08\\\/logo-mon-escolar.png\",\"width\":468,\"height\":211,\"caption\":\"Fundesplai - M\u00f3n Escolar\"},\"image\":{\"@id\":\"https:\\\/\\\/escoles.fundesplai.org\\\/es\\\/#\\\/schema\\\/logo\\\/image\\\/\"},\"sameAs\":[\"https:\\\/\\\/www.facebook.com\\\/Fundesplai\\\/\",\"https:\\\/\\\/x.com\\\/fundesplai\",\"https:\\\/\\\/www.instagram.com\\\/fundesplai\\\/\"]},{\"@type\":\"Person\",\"@id\":\"https:\\\/\\\/escoles.fundesplai.org\\\/es\\\/#\\\/schema\\\/person\\\/2ca12c7f6e427a577b996c3c7f432211\",\"name\":\"Mariona Duch\",\"image\":{\"@type\":\"ImageObject\",\"inLanguage\":\"es\",\"@id\":\"https:\\\/\\\/secure.gravatar.com\\\/avatar\\\/678f8dc5592155106183c2dba5a10542029cee6b53d56fa163cb5ba0b4db9386?s=96&d=mm&r=g\",\"url\":\"https:\\\/\\\/secure.gravatar.com\\\/avatar\\\/678f8dc5592155106183c2dba5a10542029cee6b53d56fa163cb5ba0b4db9386?s=96&d=mm&r=g\",\"contentUrl\":\"https:\\\/\\\/secure.gravatar.com\\\/avatar\\\/678f8dc5592155106183c2dba5a10542029cee6b53d56fa163cb5ba0b4db9386?s=96&d=mm&r=g\",\"caption\":\"Mariona Duch\"}}]}<\/script>\n<!-- \/ Yoast SEO plugin. -->","yoast_head_json":{"title":"7 ideas para desayunos y meriendas saludables - Fundesplai M\u00f3n Escolar","description":"\u00bfQuieres ideas y trucos para promover la alimentaci\u00f3n saludable y sostenible en el d\u00eda a d\u00eda en familia? \u00a1Desayunos y meriendas saludables!","robots":{"index":"index","follow":"follow","max-snippet":"max-snippet:-1","max-image-preview":"max-image-preview:large","max-video-preview":"max-video-preview:-1"},"canonical":"https:\/\/escoles.fundesplai.org\/es\/blog-es\/comedor-escolar\/7-ideas-para-desayunos-y-meriendas-saludables\/","og_locale":"es_ES","og_type":"article","og_title":"7 ideas para desayunos y meriendas saludables - Fundesplai M\u00f3n Escolar","og_description":"\u00bfQuieres ideas y trucos para promover la alimentaci\u00f3n saludable y sostenible en el d\u00eda a d\u00eda en familia? \u00a1Desayunos y meriendas saludables!","og_url":"https:\/\/escoles.fundesplai.org\/es\/blog-es\/comedor-escolar\/7-ideas-para-desayunos-y-meriendas-saludables\/","og_site_name":"Fundesplai M\u00f3n Escolar","article_publisher":"https:\/\/www.facebook.com\/Fundesplai\/","article_published_time":"2022-04-04T11:16:28+00:00","article_modified_time":"2025-07-31T14:22:32+00:00","og_image":[{"url":"https:\/\/escoles.fundesplai.org\/wp-content\/uploads\/2022\/03\/esmorzars-i-berenars-saludables-xxss-Fundesplai-800x450.jpeg","type":"","width":"","height":""}],"author":"Mariona Duch","twitter_card":"summary_large_image","twitter_creator":"@fundesplai","twitter_site":"@fundesplai","twitter_misc":{"Escrito por":"Mariona Duch","Tiempo de lectura":"7 minutos"},"schema":{"@context":"https:\/\/schema.org","@graph":[{"@type":"Article","@id":"https:\/\/escoles.fundesplai.org\/es\/blog-es\/comedor-escolar\/7-ideas-para-desayunos-y-meriendas-saludables\/#article","isPartOf":{"@id":"https:\/\/escoles.fundesplai.org\/es\/blog-es\/comedor-escolar\/7-ideas-para-desayunos-y-meriendas-saludables\/"},"author":{"name":"Mariona Duch","@id":"https:\/\/escoles.fundesplai.org\/es\/#\/schema\/person\/2ca12c7f6e427a577b996c3c7f432211"},"headline":"7 ideas para desayunos y meriendas saludables","datePublished":"2022-04-04T11:16:28+00:00","dateModified":"2025-07-31T14:22:32+00:00","mainEntityOfPage":{"@id":"https:\/\/escoles.fundesplai.org\/es\/blog-es\/comedor-escolar\/7-ideas-para-desayunos-y-meriendas-saludables\/"},"wordCount":1320,"publisher":{"@id":"https:\/\/escoles.fundesplai.org\/es\/#organization"},"image":{"@id":"https:\/\/escoles.fundesplai.org\/es\/blog-es\/comedor-escolar\/7-ideas-para-desayunos-y-meriendas-saludables\/#primaryimage"},"thumbnailUrl":"https:\/\/escoles.fundesplai.org\/wp-content\/uploads\/2022\/03\/esmorzars-i-berenars-saludables-Fundesplai.jpeg","articleSection":["Comedor escolar","Promoci\u00f3n de la salud"],"inLanguage":"es"},{"@type":"WebPage","@id":"https:\/\/escoles.fundesplai.org\/es\/blog-es\/comedor-escolar\/7-ideas-para-desayunos-y-meriendas-saludables\/","url":"https:\/\/escoles.fundesplai.org\/es\/blog-es\/comedor-escolar\/7-ideas-para-desayunos-y-meriendas-saludables\/","name":"7 ideas para desayunos y meriendas saludables - Fundesplai M\u00f3n Escolar","isPartOf":{"@id":"https:\/\/escoles.fundesplai.org\/es\/#website"},"primaryImageOfPage":{"@id":"https:\/\/escoles.fundesplai.org\/es\/blog-es\/comedor-escolar\/7-ideas-para-desayunos-y-meriendas-saludables\/#primaryimage"},"image":{"@id":"https:\/\/escoles.fundesplai.org\/es\/blog-es\/comedor-escolar\/7-ideas-para-desayunos-y-meriendas-saludables\/#primaryimage"},"thumbnailUrl":"https:\/\/escoles.fundesplai.org\/wp-content\/uploads\/2022\/03\/esmorzars-i-berenars-saludables-Fundesplai.jpeg","datePublished":"2022-04-04T11:16:28+00:00","dateModified":"2025-07-31T14:22:32+00:00","description":"\u00bfQuieres ideas y trucos para promover la alimentaci\u00f3n saludable y sostenible en el d\u00eda a d\u00eda en familia? \u00a1Desayunos y meriendas saludables!","breadcrumb":{"@id":"https:\/\/escoles.fundesplai.org\/es\/blog-es\/comedor-escolar\/7-ideas-para-desayunos-y-meriendas-saludables\/#breadcrumb"},"inLanguage":"es","potentialAction":[{"@type":"ReadAction","target":["https:\/\/escoles.fundesplai.org\/es\/blog-es\/comedor-escolar\/7-ideas-para-desayunos-y-meriendas-saludables\/"]}]},{"@type":"ImageObject","inLanguage":"es","@id":"https:\/\/escoles.fundesplai.org\/es\/blog-es\/comedor-escolar\/7-ideas-para-desayunos-y-meriendas-saludables\/#primaryimage","url":"https:\/\/escoles.fundesplai.org\/wp-content\/uploads\/2022\/03\/esmorzars-i-berenars-saludables-Fundesplai.jpeg","contentUrl":"https:\/\/escoles.fundesplai.org\/wp-content\/uploads\/2022\/03\/esmorzars-i-berenars-saludables-Fundesplai.jpeg","width":1888,"height":900,"caption":"esmorzars i berenars saludables Fundesplai"},{"@type":"BreadcrumbList","@id":"https:\/\/escoles.fundesplai.org\/es\/blog-es\/comedor-escolar\/7-ideas-para-desayunos-y-meriendas-saludables\/#breadcrumb","itemListElement":[{"@type":"ListItem","position":1,"name":"Inici","item":"https:\/\/escoles.fundesplai.org\/es\/inicio\/"},{"@type":"ListItem","position":2,"name":"Blog","item":"https:\/\/escoles.fundesplai.org\/es\/blog-es\/"},{"@type":"ListItem","position":3,"name":"Comedor escolar","item":"https:\/\/escoles.fundesplai.org\/es\/blog-es\/comedor-escolar\/"},{"@type":"ListItem","position":4,"name":"7 ideas para desayunos y meriendas saludables"}]},{"@type":"WebSite","@id":"https:\/\/escoles.fundesplai.org\/es\/#website","url":"https:\/\/escoles.fundesplai.org\/es\/","name":"Fundesplai M\u00f3n Escolar","description":"Serveis de lleure educatiu per a escoles","publisher":{"@id":"https:\/\/escoles.fundesplai.org\/es\/#organization"},"potentialAction":[{"@type":"SearchAction","target":{"@type":"EntryPoint","urlTemplate":"https:\/\/escoles.fundesplai.org\/es\/?s={search_term_string}"},"query-input":{"@type":"PropertyValueSpecification","valueRequired":true,"valueName":"search_term_string"}}],"inLanguage":"es"},{"@type":"Organization","@id":"https:\/\/escoles.fundesplai.org\/es\/#organization","name":"Fundesplai - M\u00f3n Escolar","url":"https:\/\/escoles.fundesplai.org\/es\/","logo":{"@type":"ImageObject","inLanguage":"es","@id":"https:\/\/escoles.fundesplai.org\/es\/#\/schema\/logo\/image\/","url":"https:\/\/escoles.fundesplai.org\/wp-content\/uploads\/2021\/08\/logo-mon-escolar.png","contentUrl":"https:\/\/escoles.fundesplai.org\/wp-content\/uploads\/2021\/08\/logo-mon-escolar.png","width":468,"height":211,"caption":"Fundesplai - M\u00f3n Escolar"},"image":{"@id":"https:\/\/escoles.fundesplai.org\/es\/#\/schema\/logo\/image\/"},"sameAs":["https:\/\/www.facebook.com\/Fundesplai\/","https:\/\/x.com\/fundesplai","https:\/\/www.instagram.com\/fundesplai\/"]},{"@type":"Person","@id":"https:\/\/escoles.fundesplai.org\/es\/#\/schema\/person\/2ca12c7f6e427a577b996c3c7f432211","name":"Mariona Duch","image":{"@type":"ImageObject","inLanguage":"es","@id":"https:\/\/secure.gravatar.com\/avatar\/678f8dc5592155106183c2dba5a10542029cee6b53d56fa163cb5ba0b4db9386?s=96&d=mm&r=g","url":"https:\/\/secure.gravatar.com\/avatar\/678f8dc5592155106183c2dba5a10542029cee6b53d56fa163cb5ba0b4db9386?s=96&d=mm&r=g","contentUrl":"https:\/\/secure.gravatar.com\/avatar\/678f8dc5592155106183c2dba5a10542029cee6b53d56fa163cb5ba0b4db9386?s=96&d=mm&r=g","caption":"Mariona Duch"}}]}},"_links":{"self":[{"href":"https:\/\/escoles.fundesplai.org\/es\/wp-json\/wp\/v2\/posts\/34688","targetHints":{"allow":["GET"]}}],"collection":[{"href":"https:\/\/escoles.fundesplai.org\/es\/wp-json\/wp\/v2\/posts"}],"about":[{"href":"https:\/\/escoles.fundesplai.org\/es\/wp-json\/wp\/v2\/types\/post"}],"author":[{"embeddable":true,"href":"https:\/\/escoles.fundesplai.org\/es\/wp-json\/wp\/v2\/users\/26"}],"replies":[{"embeddable":true,"href":"https:\/\/escoles.fundesplai.org\/es\/wp-json\/wp\/v2\/comments?post=34688"}],"version-history":[{"count":5,"href":"https:\/\/escoles.fundesplai.org\/es\/wp-json\/wp\/v2\/posts\/34688\/revisions"}],"predecessor-version":[{"id":60947,"href":"https:\/\/escoles.fundesplai.org\/es\/wp-json\/wp\/v2\/posts\/34688\/revisions\/60947"}],"wp:featuredmedia":[{"embeddable":true,"href":"https:\/\/escoles.fundesplai.org\/es\/wp-json\/wp\/v2\/media\/34589"}],"wp:attachment":[{"href":"https:\/\/escoles.fundesplai.org\/es\/wp-json\/wp\/v2\/media?parent=34688"}],"wp:term":[{"taxonomy":"category","embeddable":true,"href":"https:\/\/escoles.fundesplai.org\/es\/wp-json\/wp\/v2\/categories?post=34688"},{"taxonomy":"post_tag","embeddable":true,"href":"https:\/\/escoles.fundesplai.org\/es\/wp-json\/wp\/v2\/tags?post=34688"}],"curies":[{"name":"wp","href":"https:\/\/api.w.org\/{rel}","templated":true}]}}