{"id":41885,"date":"2023-05-17T08:01:26","date_gmt":"2023-05-17T06:01:26","guid":{"rendered":"https:\/\/escoles.fundesplai.org\/sin-categorizar\/educacion-emocional-en-el-tiempo-educativo-mediodia\/"},"modified":"2025-08-07T10:57:17","modified_gmt":"2025-08-07T08:57:17","slug":"educacion-emocional-en-el-tiempo-educativo-mediodia","status":"publish","type":"post","link":"https:\/\/escoles.fundesplai.org\/es\/blog-es\/promocion-de-la-salud\/educacion-emocional-en-el-tiempo-educativo-mediodia\/","title":{"rendered":"Educaci\u00f3n emocional en el tiempo educativo mediod\u00eda"},"content":{"rendered":"<p>[et_pb_section fb_built=\u00bb1&#8243; _builder_version=\u00bb4.17.1&#8243; _module_preset=\u00bbdefault\u00bb global_colors_info=\u00bb{}\u00bb][et_pb_row _builder_version=\u00bb4.17.1&#8243; _module_preset=\u00bbdefault\u00bb global_colors_info=\u00bb{}\u00bb][et_pb_column type=\u00bb4_4&#8243; _builder_version=\u00bb4.17.1&#8243; _module_preset=\u00bbdefault\u00bb global_colors_info=\u00bb{}\u00bb][et_pb_text admin_label=\u00bbIntroducci\u00f3\u00bb _builder_version=\u00bb4.22.2&#8243; _module_preset=\u00bbdefault\u00bb hover_enabled=\u00bb0&#8243; global_colors_info=\u00bb{}\u00bb sticky_enabled=\u00bb0&#8243;]<\/p>\n<p>En esta \u00e9poca de incertidumbres y llena de cambios, hemos podido constatar la necesidad de encontrar espacios para que los ni\u00f1os y ni\u00f1as puedan parar y echar una mirada introspectiva. La situaci\u00f3n de la pandemia ha generado en los ni\u00f1os y ni\u00f1as emociones muy diversas e incluso angustias y miedos.<strong> El refuerzo desde la educaci\u00f3n emocional se hace imprescindible.<\/strong><\/p>\n<p>M\u00e1s que nunca necesitamos <strong>experiencias que conecten con las emociones<\/strong> , con lo vivido, favoreciendo los valores de la cooperaci\u00f3n, la solidaridad, la ayuda mutua, valores todos ellos muy presentes en las actividades de ocio educativo.<\/p>\n<p>El <a href=\"https:\/\/escoles.fundesplai.org\/es\/actividades-escuela\/comedor-tiempo-educativo-del-mediodia\/\">Tiempo Educativo del Mediod\u00eda<\/a> es un momento del d\u00eda <strong>muy valioso a nivel educativo<\/strong> , ya que los ni\u00f1os y ni\u00f1as participan de forma activa y desarrollan actitudes y conocimientos que favorecen su desarrollo integral. El equipo de monitorizaci\u00f3n debe realizar un <a href=\"https:\/\/escoles.fundesplai.org\/es\/blog-es\/promocion-de-la-salud\/hablamos-de-educacion-emocional-con-anna-fores\/\">acompa\u00f1amiento emocional<\/a> y escuchar, m\u00e1s que nunca, a los ni\u00f1os y ni\u00f1as con sus inquietudes, miedos y tambi\u00e9n propuestas.<\/p>\n<p>[\/et_pb_text][\/et_pb_column][\/et_pb_row][et_pb_row _builder_version=\u00bb4.17.1&#8243; _module_preset=\u00bbdefault\u00bb custom_margin=\u00bb30px||||false|false\u00bb global_colors_info=\u00bb{}\u00bb][et_pb_column type=\u00bb4_4&#8243; _builder_version=\u00bb4.17.1&#8243; _module_preset=\u00bbdefault\u00bb global_colors_info=\u00bb{}\u00bb][et_pb_text admin_label=\u00bbeducaci\u00f3 emocional\u00bb _builder_version=\u00bb4.22.2&#8243; _module_preset=\u00bbdefault\u00bb hover_enabled=\u00bb0&#8243; global_colors_info=\u00bb{}\u00bb sticky_enabled=\u00bb0&#8243;]<\/p>\n<h3>Importancia de la educaci\u00f3n emocional<\/h3>\n<p>El objetivo de <strong>educar en las emociones en la escuela o el esplai<\/strong> es que los ni\u00f1os y ni\u00f1as puedan desarrollar <strong>competencias emocionales<\/strong> que les ayuden a reconocer y entender qu\u00e9 les ocurre en cada momento. Favorecer la educaci\u00f3n emocional permite desarrollar la inteligencia emocional que nos ayuda a conocer y reconocer las emociones y sentimientos propios y de las dem\u00e1s personas y as\u00ed, nos ayuda a actuar adecuadamente seg\u00fan los estados emocionales.<\/p>\n<p>Desde el ocio educativo potenciamos y trabajamos <strong>habilidades<\/strong> <strong>sociales<\/strong> (asertividad, empat\u00eda o comunicaci\u00f3n), las <strong>cognitivas<\/strong> (resoluci\u00f3n de problemas, toma de decisiones o pensamiento cr\u00edtico) y las <strong>emocionales<\/strong> (autoestima, estr\u00e9s o gesti\u00f3n de problemas).<\/p>\n<blockquote>\n<p><a href=\"https:\/\/escoles.fundesplai.org\/serveis\/programes-de-salut-i-prevencio\/\">Entrenamos las habilidades para la vida en las escuelas<\/a><\/p>\n<p><a href=\"https:\/\/escoles.fundesplai.org\/es\/blog-es\/recursos-es\/40-actividades-de-educacion-emocional-para-ninos-ninas-y-jovenes\/\">40 actividades de educaci\u00f3n emocional para ni\u00f1os, ni\u00f1as y j\u00f3venes<\/a><\/p>\n<p><a href=\"https:\/\/escoles.fundesplai.org\/es\/blog-es\/educacion-en-el-tiempo-libre\/52-cuentos-para-acompanar-a-los-ninos-y-ninas-en-el-duelo\/\">Cuentos para acompa\u00f1ar a los ni\u00f1os y ni\u00f1as en el duelo<\/a><\/p>\n<p><a href=\"https:\/\/escoles.fundesplai.org\/blog\/lleure\/35-llibres-per-acompanyar-als-adolescents-en-el-dol\/\">Libros para acompa\u00f1ar a los adolescentes en el duelo<\/a><\/p>\n<\/blockquote>\n<p>[\/et_pb_text][\/et_pb_column][\/et_pb_row][et_pb_row _builder_version=\u00bb4.17.1&#8243; _module_preset=\u00bbdefault\u00bb custom_margin=\u00bb40px||||false|false\u00bb global_colors_info=\u00bb{}\u00bb][et_pb_column type=\u00bb4_4&#8243; _builder_version=\u00bb4.17.1&#8243; _module_preset=\u00bbdefault\u00bb global_colors_info=\u00bb{}\u00bb][et_pb_text admin_label=\u00bbel projecte\u00bb _builder_version=\u00bb4.22.2&#8243; _module_preset=\u00bbdefault\u00bb hover_enabled=\u00bb0&#8243; global_colors_info=\u00bb{}\u00bb sticky_enabled=\u00bb0&#8243;]<\/p>\n<h3>UN PROYECTO DE FUNDESPLAI CON LAS ESCUELAS DE TARRAGONA<\/h3>\n<p>Durante el a\u00f1o 2022 desarrollamos un <strong>proyecto de educaci\u00f3n emocional en el Tiempo Educativo del Mediod\u00eda<\/strong> con la <a href=\"https:\/\/www.dipta.cat\/\">Diputaci\u00f3n de Tarragona<\/a> para trabajar la educaci\u00f3n emocional en <strong>tiempo educativo<\/strong> <strong>de mediod\u00eda<\/strong> de las escuelas tarraconenses donde estamos presentes<strong>.<\/strong> En el proyecto han participado <strong>20 escuelas<\/strong> de 14 municipios distintos.<\/p>\n<p>Los <strong>objetivos espec\u00edficos<\/strong> de este proyecto son:<\/p>\n<div>\u2022 Promover la <strong>formaci\u00f3n en<\/strong> <strong>educaci\u00f3n emocional<\/strong> y <strong>habilidades para la vida<\/strong> en el equipo de monitores\/as del mediod\u00eda que acompa\u00f1an a los ni\u00f1os\/as.<\/div>\n<div>\u2022 Dar <strong>herramientas y asesoramiento<\/strong> al equipo de monitorizaci\u00f3n del mediod\u00eda para poder detectar y acoger las diferentes necesidades venidas a ra\u00edz de la Covid-19, o que se han puesto de manifiesto, con mayor fuerza, durante este per\u00edodo.<\/div>\n<div>\u2022 Favorecer el <strong>desarrollo integral de los ni\u00f1os y ni\u00f1as<\/strong> a nivel bio-psico-social, promoviendo el entrenamiento en habilidades para la vida y estilos de vida saludable.<\/div>\n<p>[\/et_pb_text][\/et_pb_column][\/et_pb_row][et_pb_row _builder_version=\u00bb4.17.1&#8243; _module_preset=\u00bbdefault\u00bb custom_margin=\u00bb30px||||false|false\u00bb global_colors_info=\u00bb{}\u00bb][et_pb_column type=\u00bb4_4&#8243; _builder_version=\u00bb4.17.1&#8243; _module_preset=\u00bbdefault\u00bb global_colors_info=\u00bb{}\u00bb][et_pb_image src=\u00bbhttps:\/\/escoles.fundesplai.org\/wp-content\/uploads\/2023\/05\/Fases-projecte-conte-ed-emocional-Fundesplai.jpg\u00bb title_text=\u00bbFases proyecto cuento ed emocional Fundesplai\u00bb align=\u00bbcenter\u00bb admin_label=\u00bbImage\u00bb _builder_version=\u00bb4.22.2&#8243; _module_preset=\u00bbdefault\u00bb width=\u00bb72%\u00bb max_width=\u00bb72%\u00bb hover_enabled=\u00bb0&#8243; global_colors_info=\u00bb{}\u00bb sticky_enabled=\u00bb0&#8243;][\/et_pb_image][\/et_pb_column][\/et_pb_row][et_pb_row _builder_version=\u00bb4.17.1&#8243; _module_preset=\u00bbdefault\u00bb custom_margin=\u00bb50px||||false|false\u00bb global_colors_info=\u00bb{}\u00bb][et_pb_column type=\u00bb4_4&#8243; _builder_version=\u00bb4.17.1&#8243; _module_preset=\u00bbdefault\u00bb global_colors_info=\u00bb{}\u00bb][et_pb_text admin_label=\u00bbConte\u00bb _builder_version=\u00bb4.22.2&#8243; _module_preset=\u00bbdefault\u00bb hover_enabled=\u00bb0&#8243; global_colors_info=\u00bb{}\u00bb sticky_enabled=\u00bb0&#8243;]<\/p>\n<h3 style=\"text-align: left;\">Un cuento para trabajar las emociones<\/h3>\n<p>[\/et_pb_text][et_pb_text _builder_version=\u00bb4.22.2&#8243; _module_preset=\u00bbdefault\u00bb hover_enabled=\u00bb0&#8243; global_colors_info=\u00bb{}\u00bb sticky_enabled=\u00bb0&#8243;]<\/p>\n<p class=\"western\" lang=\"ca-ES\" align=\"justify\">Con todo el equipo de educador\/as del mediod\u00eda, realizamos un <strong>proceso participativo<\/strong> para la elaboraci\u00f3n de un material hecho a medida para trabajar las emociones con los ni\u00f1os\/as. Se decidi\u00f3 crear un cuento, ya que <strong>los cuentos son instrumentos muy poderosos<\/strong> para acompa\u00f1ar a los ni\u00f1os y ni\u00f1as y que les ayudan a verbalizar emociones y sentimientos complicados. El resultado de este proceso fue el cuento <em>Un d\u00eda de lluvia<\/em>, que se edit\u00f3 y reparti\u00f3 en todas las escuelas participantes.<\/p>\n<p><em>Un d\u00eda de lluvia<\/em> es el cuento que quiere <strong>fomentar<\/strong> la empat\u00eda, la capacidad de <strong>conectar<\/strong> con la otra persona para <strong>escuchar<\/strong> y comprender sus <strong>necesidades<\/strong>, para darle <strong>respuesta<\/strong> de forma solidaria, de acuerdo con las circunstancias.<\/p>\n<p>[\/et_pb_text][\/et_pb_column][\/et_pb_row][et_pb_row column_structure=\u00bb1_2,1_2&#8243; _builder_version=\u00bb4.17.1&#8243; _module_preset=\u00bbdefault\u00bb custom_margin=\u00bb30px||||false|false\u00bb global_colors_info=\u00bb{}\u00bb][et_pb_column type=\u00bb1_2&#8243; _builder_version=\u00bb4.17.1&#8243; _module_preset=\u00bbdefault\u00bb global_colors_info=\u00bb{}\u00bb][et_pb_image src=\u00bbhttps:\/\/escoles.fundesplai.org\/wp-content\/uploads\/2023\/05\/un-dia-de-pluja-conte-Fundesplai227-1.jpg\u00bb title_text=\u00bbun d\u00eda de lluvia cuento Fundesplai%91227%93&#8243; _builder_version=\u00bb4.17.1&#8243; _module_preset=\u00bbdefault\u00bb global_colors_info=\u00bb{}\u00bb][\/et_pb_image][\/et_pb_column][et_pb_column type=\u00bb1_2&#8243; _builder_version=\u00bb4.17.1&#8243; _module_preset=\u00bbdefault\u00bb global_colors_info=\u00bb{}\u00bb][et_pb_image src=\u00bbhttps:\/\/escoles.fundesplai.org\/wp-content\/uploads\/2023\/05\/Conte-Un-dia-de-pluja-2-1.jpg\u00bb title_text=\u00bbCuento Un d\u00eda de lluvia (2)\u00bb _builder_version=\u00bb4.17.1&#8243; _module_preset=\u00bbdefault\u00bb width=\u00bb94%\u00bb max_width=\u00bb94%\u00bb global_colors_info=\u00bb{}\u00bb][\/et_pb_image][\/et_pb_column][\/et_pb_row][et_pb_row _builder_version=\u00bb4.17.1&#8243; _module_preset=\u00bbdefault\u00bb custom_margin=\u00bb50px||||false|false\u00bb global_colors_info=\u00bb{}\u00bb][et_pb_column type=\u00bb4_4&#8243; _builder_version=\u00bb4.17.1&#8243; _module_preset=\u00bbdefault\u00bb global_colors_info=\u00bb{}\u00bb][et_pb_text admin_label=\u00bbindicadors\u00bb _builder_version=\u00bb4.22.2&#8243; _module_preset=\u00bbdefault\u00bb hover_enabled=\u00bb0&#8243; global_colors_info=\u00bb{}\u00bb sticky_enabled=\u00bb0&#8243;]<\/p>\n<h3>INDICADORES DE PARTICIPACI\u00d3N EN EL PROYECTO<\/h3>\n<p>La participaci\u00f3n en el proyecto fue muy extensa, con muy buen recibimiento por parte de las escuelas, los equipos de monitoras y monitores y los ni\u00f1os\/as. <span class=\"ContentPasted0\">En total, participaron <strong>20 escuelas, 171 monitores\/as, 3.236 ni\u00f1os y ni\u00f1as y 14 municipios<\/strong> (El Vendrell, Calafell, Coma-Ruga, Santa oliva, Cunit, L&#8217;Arbo\u00e7, Seguro de Calafell, La Bisbal, El Morell, Maslloren\u00e7 , Montmell, Albinyana, La Secuita, Tarragona).<\/span><\/p>\n<p>[\/et_pb_text][\/et_pb_column][\/et_pb_row][et_pb_row _builder_version=\u00bb4.17.1&#8243; _module_preset=\u00bbdefault\u00bb custom_margin=\u00bb30px||||false|false\u00bb global_colors_info=\u00bb{}\u00bb][et_pb_column type=\u00bb4_4&#8243; _builder_version=\u00bb4.17.1&#8243; _module_preset=\u00bbdefault\u00bb global_colors_info=\u00bb{}\u00bb][et_pb_image src=\u00bbhttps:\/\/escoles.fundesplai.org\/wp-content\/uploads\/2023\/05\/Indicadors-projecte-Conte-educacio-emocional-fundesplai.jpg\u00bb title_text=\u00bbIndicadores proyecto Cuento educaci\u00f3n emocional fundesplai\u00bb align=\u00bbcenter\u00bb admin_label=\u00bbImage\u00bb _builder_version=\u00bb4.17.1&#8243; _module_preset=\u00bbdefault\u00bb width=\u00bb72%\u00bb max_width=\u00bb72%\u00bb global_colors_info=\u00bb{}\u00bb][\/et_pb_image][\/et_pb_column][\/et_pb_row][et_pb_row _builder_version=\u00bb4.17.1&#8243; _module_preset=\u00bbdefault\u00bb custom_margin=\u00bb50px||||false|false\u00bb global_colors_info=\u00bb{}\u00bb][et_pb_column type=\u00bb4_4&#8243; _builder_version=\u00bb4.17.1&#8243; _module_preset=\u00bbdefault\u00bb global_colors_info=\u00bb{}\u00bb][et_pb_text admin_label=\u00bbselecci\u00f3 d&#8217;imatges\u00bb _builder_version=\u00bb4.17.1&#8243; _module_preset=\u00bbdefault\u00bb global_colors_info=\u00bb{}\u00bb]<\/p>\n<h3 style=\"text-align: left;\">Selecci\u00f3n de im\u00e1genes del proyecto \u00abUn d\u00eda de lluvia\u00bb<\/h3>\n<p>[\/et_pb_text][\/et_pb_column][\/et_pb_row][et_pb_row column_structure=\u00bb1_3,1_3,1_3&#8243; _builder_version=\u00bb4.17.1&#8243; _module_preset=\u00bbdefault\u00bb global_colors_info=\u00bb{}\u00bb][et_pb_column type=\u00bb1_3&#8243; _builder_version=\u00bb4.17.1&#8243; _module_preset=\u00bbdefault\u00bb global_colors_info=\u00bb{}\u00bb][et_pb_image src=\u00bbhttps:\/\/escoles.fundesplai.org\/wp-content\/uploads\/2023\/05\/eeducacio-emocional-fundesplai-2.jpg\u00bb title_text=\u00bbEducaci\u00f3n emocional fundasplai 2&#8243; align=\u00bbcenter\u00bb _builder_version=\u00bb4.17.1&#8243; _module_preset=\u00bbdefault\u00bb global_colors_info=\u00bb{}\u00bb][\/et_pb_image][\/et_pb_column][et_pb_column type=\u00bb1_3&#8243; _builder_version=\u00bb4.17.1&#8243; _module_preset=\u00bbdefault\u00bb global_colors_info=\u00bb{}\u00bb][et_pb_image src=\u00bbhttps:\/\/escoles.fundesplai.org\/wp-content\/uploads\/2023\/05\/educacio-emocional-fundesplai-4.jpg\u00bb title_text=\u00bbEducaci\u00f3n emocional fundasplai 4&#8243; align=\u00bbcenter\u00bb _builder_version=\u00bb4.17.1&#8243; _module_preset=\u00bbdefault\u00bb global_colors_info=\u00bb{}\u00bb][\/et_pb_image][\/et_pb_column][et_pb_column type=\u00bb1_3&#8243; _builder_version=\u00bb4.17.1&#8243; _module_preset=\u00bbdefault\u00bb global_colors_info=\u00bb{}\u00bb][et_pb_image src=\u00bbhttps:\/\/escoles.fundesplai.org\/wp-content\/uploads\/2023\/05\/educacio-emocional1.jpg\u00bb title_text=\u00bbeducaci\u00f3n emocional fundasplai\u00bb align=\u00bbcenter\u00bb _builder_version=\u00bb4.17.1&#8243; _module_preset=\u00bbdefault\u00bb global_colors_info=\u00bb{}\u00bb][\/et_pb_image][\/et_pb_column][\/et_pb_row][et_pb_row _builder_version=\u00bb4.17.1&#8243; _module_preset=\u00bbdefault\u00bb custom_margin=\u00bb30px||||false|false\u00bb global_colors_info=\u00bb{}\u00bb][et_pb_column type=\u00bb4_4&#8243; _builder_version=\u00bb4.17.1&#8243; _module_preset=\u00bbdefault\u00bb global_colors_info=\u00bb{}\u00bb][et_pb_text _builder_version=\u00bb4.22.2&#8243; _module_preset=\u00bbdefault\u00bb hover_enabled=\u00bb0&#8243; global_colors_info=\u00bb{}\u00bb sticky_enabled=\u00bb0&#8243;]<\/p>\n<h2>Con el apoyo de<\/h2>\n<p>[\/et_pb_text][\/et_pb_column][\/et_pb_row][et_pb_row column_structure=\u00bb1_2,1_2&#8243; _builder_version=\u00bb4.17.1&#8243; _module_preset=\u00bbdefault\u00bb custom_margin=\u00bb30px||||false|false\u00bb global_colors_info=\u00bb{}\u00bb][et_pb_column type=\u00bb1_2&#8243; _builder_version=\u00bb4.17.1&#8243; _module_preset=\u00bbdefault\u00bb global_colors_info=\u00bb{}\u00bb][et_pb_image src=\u00bbhttps:\/\/escoles.fundesplai.org\/wp-content\/uploads\/2023\/05\/tgn.png\u00bb title_text=\u00bbtLogo diputaci\u00f3n de Tarragona\u00bb align=\u00bbcenter\u00bb _builder_version=\u00bb4.17.1&#8243; _module_preset=\u00bbdefault\u00bb global_colors_info=\u00bb{}\u00bb][\/et_pb_image][\/et_pb_column][et_pb_column type=\u00bb1_2&#8243; _builder_version=\u00bb4.17.1&#8243; _module_preset=\u00bbdefault\u00bb global_colors_info=\u00bb{}\u00bb][et_pb_text _builder_version=\u00bb4.17.1&#8243; _module_preset=\u00bbdefault\u00bb global_colors_info=\u00bb{}\u00bb]<\/p>\n<p>La Diputaci\u00f3n de Tarragona, en el marco de las subvenciones por entidades o fundaciones de car\u00e1cter social, sin \u00e1nimo de lucro, que realicen actividades en la demarcaci\u00f3n de Tarragona a favor de las personas y de los colectivos m\u00e1s vulnerables de la poblaci\u00f3n y\/o que ayuden a mitigar los efectos de la crisis social, econ\u00f3mica y de salud mental derivada de la pandemia de la COVID-19 (Fundesplai) una ayuda por importe de 12.027,04\u20ac en 2022, para reforzar la educaci\u00f3n emocional en los espacios de mediod\u00eda de los centros educativos de la demarcaci\u00f3n de Tarragona.<\/p>\n<p>[\/et_pb_text][\/et_pb_column][\/et_pb_row][et_pb_row _builder_version=\u00bb4.17.1&#8243; _module_preset=\u00bbdefault\u00bb custom_margin=\u00bb30px||||false|false\u00bb global_colors_info=\u00bb{}\u00bb][et_pb_column type=\u00bb4_4&#8243; _builder_version=\u00bb4.17.1&#8243; _module_preset=\u00bbdefault\u00bb global_colors_info=\u00bb{}\u00bb][et_pb_text _builder_version=\u00bb4.22.2&#8243; _module_preset=\u00bbdefault\u00bb hover_enabled=\u00bb0&#8243; global_colors_info=\u00bb{}\u00bb sticky_enabled=\u00bb0&#8243;]<\/p>\n<h3>OTROS ART\u00cdCULOS RELACIONADOS CON LA EDUCACI\u00d3N EMOCIONAL<\/h3>\n<ul>\n<li><a href=\"https:\/\/fundesplai.org\/banc-recursos\/recurs\/guia-dactivitats-deducacio-emocional\/\">Gu\u00eda de actividades de educaci\u00f3n emocional<\/a><\/li>\n<li><a href=\"https:\/\/fundesplai.org\/banc-recursos\/recurs\/dinamiques-deducacio-emocional\/\">10 Din\u00e1micas de educaci\u00f3n emocional <\/a><\/li>\n<li><a href=\"https:\/\/formacio.fundesplai.org\/educacio-emocional-mooc\/\">Educaci\u00f3n emocional: curso MOOC online y gratuito <\/a><\/li>\n<li><a href=\"https:\/\/escoles.fundesplai.org\/es\/blog-es\/recursos-es\/40-actividades-de-educacion-emocional-para-ninos-ninas-y-jovenes\/\">40 actividades de educaci\u00f3n emocional para ni\u00f1os, ni\u00f1as y j\u00f3venes <\/a><\/li>\n<li><a href=\"https:\/\/escoles.fundesplai.org\/es\/blog-es\/recursos-es\/14-cortometrajes-para-la-educacion-emocional\/\">14 Cortometrajes para la educaci\u00f3n emocional <\/a><\/li>\n<li><a href=\"https:\/\/escoles.fundesplai.org\/es\/blog-es\/promocion-de-la-salud\/hablamos-de-educacion-emocional-con-anna-fores\/\">Hablamos de educaci\u00f3n emocional con Anna For\u00e9s<\/a><\/li>\n<\/ul>\n<p>[\/et_pb_text][\/et_pb_column][\/et_pb_row][\/et_pb_section]<\/p>\n","protected":false},"excerpt":{"rendered":"<p>La educaci\u00f3n emocional en el tiempo educativo del mediod\u00eda responde a las necesidades emocionales de los ni\u00f1os y les da herramientas para gestionarlas.<\/p>\n","protected":false},"author":6,"featured_media":41675,"comment_status":"closed","ping_status":"closed","sticky":false,"template":"","format":"standard","meta":{"_et_pb_use_builder":"on","_et_pb_old_content":"","_et_gb_content_width":"","footnotes":""},"categories":[299,303],"tags":[692],"class_list":["post-41885","post","type-post","status-publish","format-standard","has-post-thumbnail","hentry","category-comedor-escolar","category-promocion-de-la-salud","tag-pdf-encuesta-comedor"],"yoast_head":"<!-- This site is optimized with the Yoast SEO plugin v27.5 - https:\/\/yoast.com\/product\/yoast-seo-wordpress\/ -->\n<title>Educaci\u00f3n emocional en el tiempo educativo mediod\u00eda - Fundesplai M\u00f3n Escolar<\/title>\n<meta name=\"description\" content=\"La educaci\u00f3n emocional en el tiempo educativo del mediod\u00eda responde a las necesidades emocionales de los ni\u00f1os\/as y les da herramientas para gestionarlas.\" \/>\n<meta name=\"robots\" content=\"index, follow, max-snippet:-1, max-image-preview:large, max-video-preview:-1\" \/>\n<link rel=\"canonical\" href=\"https:\/\/escoles.fundesplai.org\/es\/blog-es\/promocion-de-la-salud\/educacion-emocional-en-el-tiempo-educativo-mediodia\/\" \/>\n<meta property=\"og:locale\" content=\"es_ES\" \/>\n<meta property=\"og:type\" content=\"article\" \/>\n<meta property=\"og:title\" content=\"Educaci\u00f3n emocional en el tiempo educativo mediod\u00eda - Fundesplai M\u00f3n Escolar\" \/>\n<meta property=\"og:description\" content=\"La educaci\u00f3n emocional en el tiempo educativo del mediod\u00eda responde a las necesidades emocionales de los ni\u00f1os\/as y les da herramientas para gestionarlas.\" \/>\n<meta property=\"og:url\" content=\"https:\/\/escoles.fundesplai.org\/es\/blog-es\/promocion-de-la-salud\/educacion-emocional-en-el-tiempo-educativo-mediodia\/\" \/>\n<meta property=\"og:site_name\" content=\"Fundesplai M\u00f3n Escolar\" \/>\n<meta property=\"article:publisher\" content=\"https:\/\/www.facebook.com\/Fundesplai\/\" \/>\n<meta property=\"article:published_time\" content=\"2023-05-17T06:01:26+00:00\" \/>\n<meta property=\"article:modified_time\" content=\"2025-08-07T08:57:17+00:00\" \/>\n<meta property=\"og:image\" content=\"https:\/\/escoles.fundesplai.org\/wp-content\/uploads\/2023\/05\/educacio-emocional-fundesplai2-1.jpg\" \/>\n\t<meta property=\"og:image:width\" content=\"1888\" \/>\n\t<meta property=\"og:image:height\" content=\"900\" \/>\n\t<meta property=\"og:image:type\" content=\"image\/jpeg\" \/>\n<meta name=\"author\" content=\"N\u00faria Gass\u00f3 Perez-Portabella\" \/>\n<meta name=\"twitter:card\" content=\"summary_large_image\" \/>\n<meta name=\"twitter:creator\" content=\"@fundesplai\" \/>\n<meta name=\"twitter:site\" content=\"@fundesplai\" \/>\n<meta name=\"twitter:label1\" content=\"Escrito por\" \/>\n\t<meta name=\"twitter:data1\" content=\"N\u00faria Gass\u00f3 Perez-Portabella\" \/>\n\t<meta name=\"twitter:label2\" content=\"Tiempo de lectura\" \/>\n\t<meta name=\"twitter:data2\" content=\"9 minutos\" \/>\n<script type=\"application\/ld+json\" class=\"yoast-schema-graph\">{\"@context\":\"https:\\\/\\\/schema.org\",\"@graph\":[{\"@type\":\"Article\",\"@id\":\"https:\\\/\\\/escoles.fundesplai.org\\\/es\\\/blog-es\\\/promocion-de-la-salud\\\/educacion-emocional-en-el-tiempo-educativo-mediodia\\\/#article\",\"isPartOf\":{\"@id\":\"https:\\\/\\\/escoles.fundesplai.org\\\/es\\\/blog-es\\\/promocion-de-la-salud\\\/educacion-emocional-en-el-tiempo-educativo-mediodia\\\/\"},\"author\":{\"name\":\"N\u00faria Gass\u00f3 Perez-Portabella\",\"@id\":\"https:\\\/\\\/escoles.fundesplai.org\\\/es\\\/#\\\/schema\\\/person\\\/fbaadd2d4f7cb735414b4d954b8ba942\"},\"headline\":\"Educaci\u00f3n emocional en el tiempo educativo mediod\u00eda\",\"datePublished\":\"2023-05-17T06:01:26+00:00\",\"dateModified\":\"2025-08-07T08:57:17+00:00\",\"mainEntityOfPage\":{\"@id\":\"https:\\\/\\\/escoles.fundesplai.org\\\/es\\\/blog-es\\\/promocion-de-la-salud\\\/educacion-emocional-en-el-tiempo-educativo-mediodia\\\/\"},\"wordCount\":1884,\"publisher\":{\"@id\":\"https:\\\/\\\/escoles.fundesplai.org\\\/es\\\/#organization\"},\"image\":{\"@id\":\"https:\\\/\\\/escoles.fundesplai.org\\\/es\\\/blog-es\\\/promocion-de-la-salud\\\/educacion-emocional-en-el-tiempo-educativo-mediodia\\\/#primaryimage\"},\"thumbnailUrl\":\"https:\\\/\\\/escoles.fundesplai.org\\\/wp-content\\\/uploads\\\/2023\\\/05\\\/educacio-emocional-fundesplai2-1.jpg\",\"keywords\":[\"pdf-encuesta-comedor\"],\"articleSection\":[\"Comedor escolar\",\"Promoci\u00f3n de la salud\"],\"inLanguage\":\"es\"},{\"@type\":\"WebPage\",\"@id\":\"https:\\\/\\\/escoles.fundesplai.org\\\/es\\\/blog-es\\\/promocion-de-la-salud\\\/educacion-emocional-en-el-tiempo-educativo-mediodia\\\/\",\"url\":\"https:\\\/\\\/escoles.fundesplai.org\\\/es\\\/blog-es\\\/promocion-de-la-salud\\\/educacion-emocional-en-el-tiempo-educativo-mediodia\\\/\",\"name\":\"Educaci\u00f3n emocional en el tiempo educativo mediod\u00eda - Fundesplai M\u00f3n Escolar\",\"isPartOf\":{\"@id\":\"https:\\\/\\\/escoles.fundesplai.org\\\/es\\\/#website\"},\"primaryImageOfPage\":{\"@id\":\"https:\\\/\\\/escoles.fundesplai.org\\\/es\\\/blog-es\\\/promocion-de-la-salud\\\/educacion-emocional-en-el-tiempo-educativo-mediodia\\\/#primaryimage\"},\"image\":{\"@id\":\"https:\\\/\\\/escoles.fundesplai.org\\\/es\\\/blog-es\\\/promocion-de-la-salud\\\/educacion-emocional-en-el-tiempo-educativo-mediodia\\\/#primaryimage\"},\"thumbnailUrl\":\"https:\\\/\\\/escoles.fundesplai.org\\\/wp-content\\\/uploads\\\/2023\\\/05\\\/educacio-emocional-fundesplai2-1.jpg\",\"datePublished\":\"2023-05-17T06:01:26+00:00\",\"dateModified\":\"2025-08-07T08:57:17+00:00\",\"description\":\"La educaci\u00f3n emocional en el tiempo educativo del mediod\u00eda responde a las necesidades emocionales de los ni\u00f1os\\\/as y les da herramientas para gestionarlas.\",\"breadcrumb\":{\"@id\":\"https:\\\/\\\/escoles.fundesplai.org\\\/es\\\/blog-es\\\/promocion-de-la-salud\\\/educacion-emocional-en-el-tiempo-educativo-mediodia\\\/#breadcrumb\"},\"inLanguage\":\"es\",\"potentialAction\":[{\"@type\":\"ReadAction\",\"target\":[\"https:\\\/\\\/escoles.fundesplai.org\\\/es\\\/blog-es\\\/promocion-de-la-salud\\\/educacion-emocional-en-el-tiempo-educativo-mediodia\\\/\"]}]},{\"@type\":\"ImageObject\",\"inLanguage\":\"es\",\"@id\":\"https:\\\/\\\/escoles.fundesplai.org\\\/es\\\/blog-es\\\/promocion-de-la-salud\\\/educacion-emocional-en-el-tiempo-educativo-mediodia\\\/#primaryimage\",\"url\":\"https:\\\/\\\/escoles.fundesplai.org\\\/wp-content\\\/uploads\\\/2023\\\/05\\\/educacio-emocional-fundesplai2-1.jpg\",\"contentUrl\":\"https:\\\/\\\/escoles.fundesplai.org\\\/wp-content\\\/uploads\\\/2023\\\/05\\\/educacio-emocional-fundesplai2-1.jpg\",\"width\":1888,\"height\":900,\"caption\":\"Educacio emocional fundesplai\"},{\"@type\":\"BreadcrumbList\",\"@id\":\"https:\\\/\\\/escoles.fundesplai.org\\\/es\\\/blog-es\\\/promocion-de-la-salud\\\/educacion-emocional-en-el-tiempo-educativo-mediodia\\\/#breadcrumb\",\"itemListElement\":[{\"@type\":\"ListItem\",\"position\":1,\"name\":\"Inici\",\"item\":\"https:\\\/\\\/escoles.fundesplai.org\\\/es\\\/inicio\\\/\"},{\"@type\":\"ListItem\",\"position\":2,\"name\":\"Blog\",\"item\":\"https:\\\/\\\/escoles.fundesplai.org\\\/es\\\/blog-es\\\/\"},{\"@type\":\"ListItem\",\"position\":3,\"name\":\"Promoci\u00f3n de la salud\",\"item\":\"https:\\\/\\\/escoles.fundesplai.org\\\/es\\\/blog-es\\\/promocion-de-la-salud\\\/\"},{\"@type\":\"ListItem\",\"position\":4,\"name\":\"Educaci\u00f3n emocional en el tiempo educativo mediod\u00eda\"}]},{\"@type\":\"WebSite\",\"@id\":\"https:\\\/\\\/escoles.fundesplai.org\\\/es\\\/#website\",\"url\":\"https:\\\/\\\/escoles.fundesplai.org\\\/es\\\/\",\"name\":\"Fundesplai M\u00f3n Escolar\",\"description\":\"Serveis de lleure educatiu per a escoles\",\"publisher\":{\"@id\":\"https:\\\/\\\/escoles.fundesplai.org\\\/es\\\/#organization\"},\"potentialAction\":[{\"@type\":\"SearchAction\",\"target\":{\"@type\":\"EntryPoint\",\"urlTemplate\":\"https:\\\/\\\/escoles.fundesplai.org\\\/es\\\/?s={search_term_string}\"},\"query-input\":{\"@type\":\"PropertyValueSpecification\",\"valueRequired\":true,\"valueName\":\"search_term_string\"}}],\"inLanguage\":\"es\"},{\"@type\":\"Organization\",\"@id\":\"https:\\\/\\\/escoles.fundesplai.org\\\/es\\\/#organization\",\"name\":\"Fundesplai - M\u00f3n Escolar\",\"url\":\"https:\\\/\\\/escoles.fundesplai.org\\\/es\\\/\",\"logo\":{\"@type\":\"ImageObject\",\"inLanguage\":\"es\",\"@id\":\"https:\\\/\\\/escoles.fundesplai.org\\\/es\\\/#\\\/schema\\\/logo\\\/image\\\/\",\"url\":\"https:\\\/\\\/escoles.fundesplai.org\\\/wp-content\\\/uploads\\\/2021\\\/08\\\/logo-mon-escolar.png\",\"contentUrl\":\"https:\\\/\\\/escoles.fundesplai.org\\\/wp-content\\\/uploads\\\/2021\\\/08\\\/logo-mon-escolar.png\",\"width\":468,\"height\":211,\"caption\":\"Fundesplai - M\u00f3n Escolar\"},\"image\":{\"@id\":\"https:\\\/\\\/escoles.fundesplai.org\\\/es\\\/#\\\/schema\\\/logo\\\/image\\\/\"},\"sameAs\":[\"https:\\\/\\\/www.facebook.com\\\/Fundesplai\\\/\",\"https:\\\/\\\/x.com\\\/fundesplai\",\"https:\\\/\\\/www.instagram.com\\\/fundesplai\\\/\"]},{\"@type\":\"Person\",\"@id\":\"https:\\\/\\\/escoles.fundesplai.org\\\/es\\\/#\\\/schema\\\/person\\\/fbaadd2d4f7cb735414b4d954b8ba942\",\"name\":\"N\u00faria Gass\u00f3 Perez-Portabella\",\"image\":{\"@type\":\"ImageObject\",\"inLanguage\":\"es\",\"@id\":\"https:\\\/\\\/secure.gravatar.com\\\/avatar\\\/b8c35e9d2381a61abcc291828c570ba22792b3b1d83d5b3b9e4fbea2109c8d4d?s=96&d=mm&r=g\",\"url\":\"https:\\\/\\\/secure.gravatar.com\\\/avatar\\\/b8c35e9d2381a61abcc291828c570ba22792b3b1d83d5b3b9e4fbea2109c8d4d?s=96&d=mm&r=g\",\"contentUrl\":\"https:\\\/\\\/secure.gravatar.com\\\/avatar\\\/b8c35e9d2381a61abcc291828c570ba22792b3b1d83d5b3b9e4fbea2109c8d4d?s=96&d=mm&r=g\",\"caption\":\"N\u00faria Gass\u00f3 Perez-Portabella\"}}]}<\/script>\n<!-- \/ Yoast SEO plugin. -->","yoast_head_json":{"title":"Educaci\u00f3n emocional en el tiempo educativo mediod\u00eda - Fundesplai M\u00f3n Escolar","description":"La educaci\u00f3n emocional en el tiempo educativo del mediod\u00eda responde a las necesidades emocionales de los ni\u00f1os\/as y les da herramientas para gestionarlas.","robots":{"index":"index","follow":"follow","max-snippet":"max-snippet:-1","max-image-preview":"max-image-preview:large","max-video-preview":"max-video-preview:-1"},"canonical":"https:\/\/escoles.fundesplai.org\/es\/blog-es\/promocion-de-la-salud\/educacion-emocional-en-el-tiempo-educativo-mediodia\/","og_locale":"es_ES","og_type":"article","og_title":"Educaci\u00f3n emocional en el tiempo educativo mediod\u00eda - Fundesplai M\u00f3n Escolar","og_description":"La educaci\u00f3n emocional en el tiempo educativo del mediod\u00eda responde a las necesidades emocionales de los ni\u00f1os\/as y les da herramientas para gestionarlas.","og_url":"https:\/\/escoles.fundesplai.org\/es\/blog-es\/promocion-de-la-salud\/educacion-emocional-en-el-tiempo-educativo-mediodia\/","og_site_name":"Fundesplai M\u00f3n Escolar","article_publisher":"https:\/\/www.facebook.com\/Fundesplai\/","article_published_time":"2023-05-17T06:01:26+00:00","article_modified_time":"2025-08-07T08:57:17+00:00","og_image":[{"width":1888,"height":900,"url":"https:\/\/escoles.fundesplai.org\/wp-content\/uploads\/2023\/05\/educacio-emocional-fundesplai2-1.jpg","type":"image\/jpeg"}],"author":"N\u00faria Gass\u00f3 Perez-Portabella","twitter_card":"summary_large_image","twitter_creator":"@fundesplai","twitter_site":"@fundesplai","twitter_misc":{"Escrito por":"N\u00faria Gass\u00f3 Perez-Portabella","Tiempo de lectura":"9 minutos"},"schema":{"@context":"https:\/\/schema.org","@graph":[{"@type":"Article","@id":"https:\/\/escoles.fundesplai.org\/es\/blog-es\/promocion-de-la-salud\/educacion-emocional-en-el-tiempo-educativo-mediodia\/#article","isPartOf":{"@id":"https:\/\/escoles.fundesplai.org\/es\/blog-es\/promocion-de-la-salud\/educacion-emocional-en-el-tiempo-educativo-mediodia\/"},"author":{"name":"N\u00faria Gass\u00f3 Perez-Portabella","@id":"https:\/\/escoles.fundesplai.org\/es\/#\/schema\/person\/fbaadd2d4f7cb735414b4d954b8ba942"},"headline":"Educaci\u00f3n emocional en el tiempo educativo mediod\u00eda","datePublished":"2023-05-17T06:01:26+00:00","dateModified":"2025-08-07T08:57:17+00:00","mainEntityOfPage":{"@id":"https:\/\/escoles.fundesplai.org\/es\/blog-es\/promocion-de-la-salud\/educacion-emocional-en-el-tiempo-educativo-mediodia\/"},"wordCount":1884,"publisher":{"@id":"https:\/\/escoles.fundesplai.org\/es\/#organization"},"image":{"@id":"https:\/\/escoles.fundesplai.org\/es\/blog-es\/promocion-de-la-salud\/educacion-emocional-en-el-tiempo-educativo-mediodia\/#primaryimage"},"thumbnailUrl":"https:\/\/escoles.fundesplai.org\/wp-content\/uploads\/2023\/05\/educacio-emocional-fundesplai2-1.jpg","keywords":["pdf-encuesta-comedor"],"articleSection":["Comedor escolar","Promoci\u00f3n de la salud"],"inLanguage":"es"},{"@type":"WebPage","@id":"https:\/\/escoles.fundesplai.org\/es\/blog-es\/promocion-de-la-salud\/educacion-emocional-en-el-tiempo-educativo-mediodia\/","url":"https:\/\/escoles.fundesplai.org\/es\/blog-es\/promocion-de-la-salud\/educacion-emocional-en-el-tiempo-educativo-mediodia\/","name":"Educaci\u00f3n emocional en el tiempo educativo mediod\u00eda - Fundesplai M\u00f3n Escolar","isPartOf":{"@id":"https:\/\/escoles.fundesplai.org\/es\/#website"},"primaryImageOfPage":{"@id":"https:\/\/escoles.fundesplai.org\/es\/blog-es\/promocion-de-la-salud\/educacion-emocional-en-el-tiempo-educativo-mediodia\/#primaryimage"},"image":{"@id":"https:\/\/escoles.fundesplai.org\/es\/blog-es\/promocion-de-la-salud\/educacion-emocional-en-el-tiempo-educativo-mediodia\/#primaryimage"},"thumbnailUrl":"https:\/\/escoles.fundesplai.org\/wp-content\/uploads\/2023\/05\/educacio-emocional-fundesplai2-1.jpg","datePublished":"2023-05-17T06:01:26+00:00","dateModified":"2025-08-07T08:57:17+00:00","description":"La educaci\u00f3n emocional en el tiempo educativo del mediod\u00eda responde a las necesidades emocionales de los ni\u00f1os\/as y les da herramientas para gestionarlas.","breadcrumb":{"@id":"https:\/\/escoles.fundesplai.org\/es\/blog-es\/promocion-de-la-salud\/educacion-emocional-en-el-tiempo-educativo-mediodia\/#breadcrumb"},"inLanguage":"es","potentialAction":[{"@type":"ReadAction","target":["https:\/\/escoles.fundesplai.org\/es\/blog-es\/promocion-de-la-salud\/educacion-emocional-en-el-tiempo-educativo-mediodia\/"]}]},{"@type":"ImageObject","inLanguage":"es","@id":"https:\/\/escoles.fundesplai.org\/es\/blog-es\/promocion-de-la-salud\/educacion-emocional-en-el-tiempo-educativo-mediodia\/#primaryimage","url":"https:\/\/escoles.fundesplai.org\/wp-content\/uploads\/2023\/05\/educacio-emocional-fundesplai2-1.jpg","contentUrl":"https:\/\/escoles.fundesplai.org\/wp-content\/uploads\/2023\/05\/educacio-emocional-fundesplai2-1.jpg","width":1888,"height":900,"caption":"Educacio emocional fundesplai"},{"@type":"BreadcrumbList","@id":"https:\/\/escoles.fundesplai.org\/es\/blog-es\/promocion-de-la-salud\/educacion-emocional-en-el-tiempo-educativo-mediodia\/#breadcrumb","itemListElement":[{"@type":"ListItem","position":1,"name":"Inici","item":"https:\/\/escoles.fundesplai.org\/es\/inicio\/"},{"@type":"ListItem","position":2,"name":"Blog","item":"https:\/\/escoles.fundesplai.org\/es\/blog-es\/"},{"@type":"ListItem","position":3,"name":"Promoci\u00f3n de la salud","item":"https:\/\/escoles.fundesplai.org\/es\/blog-es\/promocion-de-la-salud\/"},{"@type":"ListItem","position":4,"name":"Educaci\u00f3n emocional en el tiempo educativo mediod\u00eda"}]},{"@type":"WebSite","@id":"https:\/\/escoles.fundesplai.org\/es\/#website","url":"https:\/\/escoles.fundesplai.org\/es\/","name":"Fundesplai M\u00f3n Escolar","description":"Serveis de lleure educatiu per a escoles","publisher":{"@id":"https:\/\/escoles.fundesplai.org\/es\/#organization"},"potentialAction":[{"@type":"SearchAction","target":{"@type":"EntryPoint","urlTemplate":"https:\/\/escoles.fundesplai.org\/es\/?s={search_term_string}"},"query-input":{"@type":"PropertyValueSpecification","valueRequired":true,"valueName":"search_term_string"}}],"inLanguage":"es"},{"@type":"Organization","@id":"https:\/\/escoles.fundesplai.org\/es\/#organization","name":"Fundesplai - M\u00f3n Escolar","url":"https:\/\/escoles.fundesplai.org\/es\/","logo":{"@type":"ImageObject","inLanguage":"es","@id":"https:\/\/escoles.fundesplai.org\/es\/#\/schema\/logo\/image\/","url":"https:\/\/escoles.fundesplai.org\/wp-content\/uploads\/2021\/08\/logo-mon-escolar.png","contentUrl":"https:\/\/escoles.fundesplai.org\/wp-content\/uploads\/2021\/08\/logo-mon-escolar.png","width":468,"height":211,"caption":"Fundesplai - M\u00f3n Escolar"},"image":{"@id":"https:\/\/escoles.fundesplai.org\/es\/#\/schema\/logo\/image\/"},"sameAs":["https:\/\/www.facebook.com\/Fundesplai\/","https:\/\/x.com\/fundesplai","https:\/\/www.instagram.com\/fundesplai\/"]},{"@type":"Person","@id":"https:\/\/escoles.fundesplai.org\/es\/#\/schema\/person\/fbaadd2d4f7cb735414b4d954b8ba942","name":"N\u00faria Gass\u00f3 Perez-Portabella","image":{"@type":"ImageObject","inLanguage":"es","@id":"https:\/\/secure.gravatar.com\/avatar\/b8c35e9d2381a61abcc291828c570ba22792b3b1d83d5b3b9e4fbea2109c8d4d?s=96&d=mm&r=g","url":"https:\/\/secure.gravatar.com\/avatar\/b8c35e9d2381a61abcc291828c570ba22792b3b1d83d5b3b9e4fbea2109c8d4d?s=96&d=mm&r=g","contentUrl":"https:\/\/secure.gravatar.com\/avatar\/b8c35e9d2381a61abcc291828c570ba22792b3b1d83d5b3b9e4fbea2109c8d4d?s=96&d=mm&r=g","caption":"N\u00faria Gass\u00f3 Perez-Portabella"}}]}},"_links":{"self":[{"href":"https:\/\/escoles.fundesplai.org\/es\/wp-json\/wp\/v2\/posts\/41885","targetHints":{"allow":["GET"]}}],"collection":[{"href":"https:\/\/escoles.fundesplai.org\/es\/wp-json\/wp\/v2\/posts"}],"about":[{"href":"https:\/\/escoles.fundesplai.org\/es\/wp-json\/wp\/v2\/types\/post"}],"author":[{"embeddable":true,"href":"https:\/\/escoles.fundesplai.org\/es\/wp-json\/wp\/v2\/users\/6"}],"replies":[{"embeddable":true,"href":"https:\/\/escoles.fundesplai.org\/es\/wp-json\/wp\/v2\/comments?post=41885"}],"version-history":[{"count":16,"href":"https:\/\/escoles.fundesplai.org\/es\/wp-json\/wp\/v2\/posts\/41885\/revisions"}],"predecessor-version":[{"id":61285,"href":"https:\/\/escoles.fundesplai.org\/es\/wp-json\/wp\/v2\/posts\/41885\/revisions\/61285"}],"wp:featuredmedia":[{"embeddable":true,"href":"https:\/\/escoles.fundesplai.org\/es\/wp-json\/wp\/v2\/media\/41675"}],"wp:attachment":[{"href":"https:\/\/escoles.fundesplai.org\/es\/wp-json\/wp\/v2\/media?parent=41885"}],"wp:term":[{"taxonomy":"category","embeddable":true,"href":"https:\/\/escoles.fundesplai.org\/es\/wp-json\/wp\/v2\/categories?post=41885"},{"taxonomy":"post_tag","embeddable":true,"href":"https:\/\/escoles.fundesplai.org\/es\/wp-json\/wp\/v2\/tags?post=41885"}],"curies":[{"name":"wp","href":"https:\/\/api.w.org\/{rel}","templated":true}]}}