{"id":46543,"date":"2024-01-16T11:02:29","date_gmt":"2024-01-16T10:02:29","guid":{"rendered":"https:\/\/escoles.fundesplai.org\/sin-categorizar\/8-trabajos-de-sintesis-de-educacion-ambiental\/"},"modified":"2024-01-16T11:02:33","modified_gmt":"2024-01-16T10:02:33","slug":"8-trabajos-de-sintesis-de-educacion-ambiental","status":"publish","type":"post","link":"https:\/\/escoles.fundesplai.org\/es\/blog-es\/trabajos-de-sintesis\/8-trabajos-de-sintesis-de-educacion-ambiental\/","title":{"rendered":"8 trabajos de s\u00edntesis de educaci\u00f3n ambiental"},"content":{"rendered":"<p>[et_pb_section fb_built=\u00bb1&#8243; _builder_version=\u00bb4.22.2&#8243; _module_preset=\u00bbdefault\u00bb global_colors_info=\u00bb{}\u00bb][et_pb_row _builder_version=\u00bb4.22.2&#8243; _module_preset=\u00bbdefault\u00bb global_colors_info=\u00bb{}\u00bb][et_pb_column type=\u00bb4_4&#8243; _builder_version=\u00bb4.22.2&#8243; _module_preset=\u00bbdefault\u00bb global_colors_info=\u00bb{}\u00bb][et_pb_text admin_label=\u00bbIntro\u00bb _builder_version=\u00bb4.22.2&#8243; _module_preset=\u00bbdefault\u00bb global_colors_info=\u00bb{}\u00bb]<\/p>\n<p>Uno de los proyectos educativos m\u00e1s significativos durante la ESO en los institutos son los <a href=\"https:\/\/escoles.fundesplai.org\/es\/servicios\/trabajos-de-sintesis\/\"><strong>trabajos de s\u00edntesis<\/strong><\/a> . La ejecuci\u00f3n de estos trabajos puede ser muy diversa, pero la idea es <strong>trabajar en equipo<\/strong>, tratar un tema concreto y en profundidad que permita obtener unos <strong>aprendizajes significativos<\/strong>.<\/p>\n<p>Una buena forma de acercar la naturaleza a los y las adolescentes es a trav\u00e9s de los trabajos de s\u00edntesis enfocados en la educaci\u00f3n ambiental que se llevan a cabo en nuestras casas de colonias. \u00bfQu\u00e9 pueden aportar? Pues un mont\u00f3n de conocimientos y experiencias relacionadas con la naturaleza que son dif\u00edciles de adquirir en un entorno urbano. En esta entrada te queremos presentar <strong>8 propuestas de trabajos de s\u00edntesis enfocados en la educaci\u00f3n ambiental<\/strong>.<\/p>\n<p>[\/et_pb_text][et_pb_text admin_label=\u00bbPer qu\u00e8 ts ea?\u00bb _builder_version=\u00bb4.22.2&#8243; _module_preset=\u00bbdefault\u00bb custom_margin=\u00bb30px||||false|false\u00bb global_colors_info=\u00bb{}\u00bb]<\/p>\n<h3>\u00bfPor qu\u00e9 un trabajo de s\u00edntesis de educaci\u00f3n ambiental?<\/h3>\n<p>Vivimos en una sociedad muy cosmopolita y tecnol\u00f3gica, y hay muchos estudios que hablan del <a href=\"https:\/\/ca.wikipedia.org\/wiki\/Trastorn_de_d%C3%A8ficit_de_natura\">trastorno por d\u00e9ficit de naturaleza<\/a> en los ni\u00f1os\/as y j\u00f3venes, y es que el contacto que tienen directamente con la naturaleza es cada vez m\u00e1s reducido, lo que comporta que se pierdan grandes experiencias, aprendizajes y beneficios de estar en la naturaleza y sentirla. Y esto es muy preocupante, puesto que <strong>necesitamos la naturaleza para tener buena salud f\u00edsica y mental.<\/strong><\/p>\n<p>Desde Fundesplai llevamos 50 a\u00f1os haciendo educaci\u00f3n ambiental y promovemos las actividades al aire libre. Por eso en nuestro cat\u00e1logo de actividades para escuelas e institutos encontrar\u00e1s <strong>8 trabajos de s\u00edntesis en la naturaleza y sobre la naturaleza,<\/strong> para descubrirla, respetarla y disfrutarla.<\/p>\n<p>A continuaci\u00f3n te mostramos nuestras propuestas de trabajos de s\u00edntesis, todas tienen una <strong>duraci\u00f3n m\u00ednima de 3 d\u00edas<\/strong> en una de <a href=\"https:\/\/cases.fundesplai.org\/allotjaments\/?fwp_agrupacio_tipus_equipament=albergs-i-cases-de-colonies\">nuestras casas de colonias<\/a>, y algunas tienen la posibilidad de hacerse completamente <a href=\"https:\/\/escoles.fundesplai.org\/es\/servicios\/actividades-en-ingles\/\">en ingl\u00e9s<\/a>, profundizando as\u00ed en el aprendizaje de ese idioma.<\/p>\n<p>[\/et_pb_text][\/et_pb_column][\/et_pb_row][et_pb_row _builder_version=\u00bb4.22.2&#8243; _module_preset=\u00bbdefault\u00bb global_colors_info=\u00bb{}\u00bb][et_pb_column type=\u00bb4_4&#8243; _builder_version=\u00bb4.22.2&#8243; _module_preset=\u00bbdefault\u00bb global_colors_info=\u00bb{}\u00bb][et_pb_divider _builder_version=\u00bb4.22.2&#8243; _module_preset=\u00bbdefault\u00bb custom_margin=\u00bb30px||||false|false\u00bb global_colors_info=\u00bb{}\u00bb][\/et_pb_divider][et_pb_text _builder_version=\u00bb4.22.2&#8243; _module_preset=\u00bbdefault\u00bb global_colors_info=\u00bb{}\u00bb]<\/p>\n<p style=\"text-align: center;\"><strong><i class=\"fa-solid fa-leaf\"><\/i> Descubre los 8 trabajos de s\u00edntesis de Educaci\u00f3n Ambiental <i class=\"fa-solid fa-leaf\"><\/i><\/strong><\/p>\n<p>[\/et_pb_text][et_pb_divider _builder_version=\u00bb4.22.2&#8243; _module_preset=\u00bbdefault\u00bb custom_margin=\u00bb30px||||false|false\u00bb global_colors_info=\u00bb{}\u00bb][\/et_pb_divider][\/et_pb_column][\/et_pb_row][et_pb_row _builder_version=\u00bb4.22.2&#8243; _module_preset=\u00bbdefault\u00bb global_colors_info=\u00bb{}\u00bb][et_pb_column type=\u00bb4_4&#8243; _builder_version=\u00bb4.22.2&#8243; _module_preset=\u00bbdefault\u00bb global_colors_info=\u00bb{}\u00bb][et_pb_text admin_label=\u00bb1. DESCOBRIM MONTSENY\u00bb _builder_version=\u00bb4.22.2&#8243; _module_preset=\u00bbdefault\u00bb custom_margin=\u00bb30px||||false|false\u00bb global_colors_info=\u00bb{}\u00bb]<\/p>\n<h3>1. DESCUBRIMOS EL MONTSENY<\/h3>\n<p>[\/et_pb_text][\/et_pb_column][\/et_pb_row][et_pb_row column_structure=\u00bb1_4,3_4&#8243; _builder_version=\u00bb4.22.2&#8243; _module_preset=\u00bbdefault\u00bb global_colors_info=\u00bb{}\u00bb][et_pb_column type=\u00bb1_4&#8243; _builder_version=\u00bb4.22.2&#8243; _module_preset=\u00bbdefault\u00bb global_colors_info=\u00bb{}\u00bb][et_pb_image src=\u00bbhttps:\/\/escoles.fundesplai.org\/wp-content\/uploads\/2021\/04\/Treball-de-sintesi-Montseny-Fundesplai.jpg\u00bb alt=\u00bbTrabajo de s\u00edntesis Montseny Fundesplai\u00bb title_text=\u00bbTrabajo de s\u00edntesis Montseny Fundesplai\u00bb _builder_version=\u00bb4.22.2&#8243; _module_preset=\u00bbdefault\u00bb custom_margin=\u00bb30px||||false|false\u00bb custom_padding=\u00bb|30px|||false|false\u00bb global_colors_info=\u00bb{}\u00bb][\/et_pb_image][\/et_pb_column][et_pb_column type=\u00bb3_4&#8243; _builder_version=\u00bb4.22.2&#8243; _module_preset=\u00bbdefault\u00bb global_colors_info=\u00bb{}\u00bb][et_pb_text _builder_version=\u00bb4.22.2&#8243; _module_preset=\u00bbdefault\u00bb custom_margin=\u00bb30px||||false|false\u00bb global_colors_info=\u00bb{}\u00bb]<\/p>\n<p><i class=\"fa-sharp fa-solid fa-graduation-cap\"><\/i> 1\u00ba, 2\u00ba, 3\u00ba y 4\u00ba de ESO<i class=\"fa-solid fa-calendar\"><\/i> 3 d\u00edas<i class=\"fa-solid fa-house\"><\/i> Can Massaguer (Selva)<\/p>\n<p>Trabajo de s\u00edntesis en el que se explora en la Casa de Colonias Can Massaguer, en el Montseny, desde un punto de vista cient\u00edfico y naturalista descubriendo sus caracter\u00edsticas \u00fanicas y sus ecosistemas. <a href=\"https:\/\/escoles.fundesplai.org\/es\/programa\/descubrimos-el-montseny\/\">\u00bfNecesitas m\u00e1s detalles?<\/a><\/p>\n<p>[\/et_pb_text][\/et_pb_column][\/et_pb_row][et_pb_row _builder_version=\u00bb4.22.2&#8243; _module_preset=\u00bbdefault\u00bb global_colors_info=\u00bb{}\u00bb][et_pb_column type=\u00bb4_4&#8243; _builder_version=\u00bb4.22.2&#8243; _module_preset=\u00bbdefault\u00bb global_colors_info=\u00bb{}\u00bb][et_pb_divider _builder_version=\u00bb4.22.2&#8243; _module_preset=\u00bbdefault\u00bb custom_margin=\u00bb30px||||false|false\u00bb global_colors_info=\u00bb{}\u00bb][\/et_pb_divider][\/et_pb_column][\/et_pb_row][et_pb_row _builder_version=\u00bb4.22.2&#8243; _module_preset=\u00bbdefault\u00bb global_colors_info=\u00bb{}\u00bb][et_pb_column type=\u00bb4_4&#8243; _builder_version=\u00bb4.22.2&#8243; _module_preset=\u00bbdefault\u00bb global_colors_info=\u00bb{}\u00bb][et_pb_text admin_label=\u00bb2. DESCOBRIM VALL ORA\u00bb _builder_version=\u00bb4.22.2&#8243; _module_preset=\u00bbdefault\u00bb custom_margin=\u00bb30px||||false|false\u00bb global_colors_info=\u00bb{}\u00bb]<\/p>\n<h3>2. DESCUBRIMOS EL VALLE DE ORA<\/h3>\n<p>[\/et_pb_text][\/et_pb_column][\/et_pb_row][et_pb_row column_structure=\u00bb1_4,3_4&#8243; _builder_version=\u00bb4.22.2&#8243; _module_preset=\u00bbdefault\u00bb global_colors_info=\u00bb{}\u00bb][et_pb_column type=\u00bb1_4&#8243; _builder_version=\u00bb4.22.2&#8243; _module_preset=\u00bbdefault\u00bb global_colors_info=\u00bb{}\u00bb][et_pb_image src=\u00bbhttps:\/\/escoles.fundesplai.org\/wp-content\/uploads\/2021\/05\/Vall_d_Ora_Oliver-Bonjoch_wikipedia.jpg\u00bb alt=\u00bbtrabajo s\u00edntesis Solson\u00e8s Fundesplai\u00bb title_text=\u00bbVall_d_Ora_Oliver-Bonjoch_wikipedia\u00bb _builder_version=\u00bb4.22.2&#8243; _module_preset=\u00bbdefault\u00bb custom_margin=\u00bb30px||||false|false\u00bb custom_padding=\u00bb|30px|||false|false\u00bb global_colors_info=\u00bb{}\u00bb][\/et_pb_image][\/et_pb_column][et_pb_column type=\u00bb3_4&#8243; _builder_version=\u00bb4.22.2&#8243; _module_preset=\u00bbdefault\u00bb global_colors_info=\u00bb{}\u00bb][et_pb_text _builder_version=\u00bb4.22.2&#8243; _module_preset=\u00bbdefault\u00bb custom_margin=\u00bb30px||||false|false\u00bb global_colors_info=\u00bb{}\u00bb]<\/p>\n<p><i class=\"fa-sharp fa-solid fa-graduation-cap\"><\/i> 1\u00ba, 2\u00ba, 3\u00ba y 4\u00ba de ESO<i class=\"fa-solid fa-calendar\"><\/i> 3 d\u00edas<i class=\"fa-solid fa-house\"><\/i> La Rector\u00eda de la Selva y Pinassa (Solson\u00e8s)<\/p>\n<p>Este trabajo de s\u00edntesis tiene lugar en la Casa de Colonias la Rector\u00eda de la Selva y Pinassa y nos situamos en la Sierra de Busa, donde descubriremos los paisajes, la fauna y la flora y adem\u00e1s disfrutaremos de excursiones y deportes de aventura. <a href=\"https:\/\/escoles.fundesplai.org\/es\/programa\/descubrimos-el-valle-de-ora\/\">\u00bfNecesitas m\u00e1s detalles?<\/a><\/p>\n<p>[\/et_pb_text][\/et_pb_column][\/et_pb_row][et_pb_row _builder_version=\u00bb4.22.2&#8243; _module_preset=\u00bbdefault\u00bb global_colors_info=\u00bb{}\u00bb][et_pb_column type=\u00bb4_4&#8243; _builder_version=\u00bb4.22.2&#8243; _module_preset=\u00bbdefault\u00bb global_colors_info=\u00bb{}\u00bb][et_pb_divider _builder_version=\u00bb4.22.2&#8243; _module_preset=\u00bbdefault\u00bb custom_margin=\u00bb30px||||false|false\u00bb global_colors_info=\u00bb{}\u00bb][\/et_pb_divider][\/et_pb_column][\/et_pb_row][et_pb_row _builder_version=\u00bb4.22.2&#8243; _module_preset=\u00bbdefault\u00bb global_colors_info=\u00bb{}\u00bb][et_pb_column type=\u00bb4_4&#8243; _builder_version=\u00bb4.22.2&#8243; _module_preset=\u00bbdefault\u00bb global_colors_info=\u00bb{}\u00bb][et_pb_text admin_label=\u00bb3. EL M\u00d3N AMAGAT DEL MONTSEC\u00bb _builder_version=\u00bb4.22.2&#8243; _module_preset=\u00bbdefault\u00bb custom_margin=\u00bb30px||||false|false\u00bb global_colors_info=\u00bb{}\u00bb]<\/p>\n<h3>3. EL MUNDO ESCONDIDO DEL MONTSEC<\/h3>\n<p>[\/et_pb_text][\/et_pb_column][\/et_pb_row][et_pb_row column_structure=\u00bb1_4,3_4&#8243; _builder_version=\u00bb4.22.2&#8243; _module_preset=\u00bbdefault\u00bb global_colors_info=\u00bb{}\u00bb][et_pb_column type=\u00bb1_4&#8243; _builder_version=\u00bb4.22.2&#8243; _module_preset=\u00bbdefault\u00bb global_colors_info=\u00bb{}\u00bb][et_pb_image src=\u00bbhttps:\/\/escoles.fundesplai.org\/wp-content\/uploads\/2021\/05\/Camarassa-Montsec-treball-sintesi-Fundesplai.jpg\u00bb alt=\u00bbCamarassa Montsec trabajo s\u00edntesis Fundesplai\u00bb title_text=\u00bbCamarassa Montsec trabajo s\u00edntesis Fundesplai\u00bb _builder_version=\u00bb4.22.2&#8243; _module_preset=\u00bbdefault\u00bb custom_margin=\u00bb30px||||false|false\u00bb custom_padding=\u00bb|30px|||false|false\u00bb global_colors_info=\u00bb{}\u00bb][\/et_pb_image][\/et_pb_column][et_pb_column type=\u00bb3_4&#8243; _builder_version=\u00bb4.22.2&#8243; _module_preset=\u00bbdefault\u00bb global_colors_info=\u00bb{}\u00bb][et_pb_text _builder_version=\u00bb4.22.2&#8243; _module_preset=\u00bbdefault\u00bb custom_margin=\u00bb30px||||false|false\u00bb global_colors_info=\u00bb{}\u00bb]<\/p>\n<p><i class=\"fa-sharp fa-solid fa-graduation-cap\"><\/i> 1\u00ba, 2\u00ba, 3\u00ba y 4\u00ba de ESO<i class=\"fa-solid fa-calendar\"><\/i> 3 d\u00edas<i class=\"fa-solid fa-house\"><\/i> Vagones de \u00c0ger (Noguera)<\/p>\n<p>El trabajo de s\u00edntesis nos transporta hasta el pantano de Camarasa y la zona del Montsec, en la Casa de Colonias Vagones de \u00c0ger. Una zona ideal para trabajar en grupo, descubrir las caracter\u00edsticas de la zona y practicar deportes de aventura. <a href=\"https:\/\/escoles.fundesplai.org\/es\/programa\/el-mundo-escondido-del-montsec\/\">\u00bfNecesitas m\u00e1s detalles?<\/a><\/p>\n<p>[\/et_pb_text][\/et_pb_column][\/et_pb_row][et_pb_row _builder_version=\u00bb4.22.2&#8243; _module_preset=\u00bbdefault\u00bb global_colors_info=\u00bb{}\u00bb][et_pb_column type=\u00bb4_4&#8243; _builder_version=\u00bb4.22.2&#8243; _module_preset=\u00bbdefault\u00bb global_colors_info=\u00bb{}\u00bb][et_pb_divider _builder_version=\u00bb4.22.2&#8243; _module_preset=\u00bbdefault\u00bb custom_margin=\u00bb30px||||false|false\u00bb global_colors_info=\u00bb{}\u00bb][\/et_pb_divider][\/et_pb_column][\/et_pb_row][et_pb_row _builder_version=\u00bb4.22.2&#8243; _module_preset=\u00bbdefault\u00bb global_colors_info=\u00bb{}\u00bb][et_pb_column type=\u00bb4_4&#8243; _builder_version=\u00bb4.22.2&#8243; _module_preset=\u00bbdefault\u00bb global_colors_info=\u00bb{}\u00bb][et_pb_text admin_label=\u00bb4. MONTSENY A FONS\u00bb _builder_version=\u00bb4.22.2&#8243; _module_preset=\u00bbdefault\u00bb custom_margin=\u00bb30px||||false|false\u00bb global_colors_info=\u00bb{}\u00bb]<\/p>\n<h3>4. EL MONTSENY A FONDO<\/h3>\n<p>[\/et_pb_text][\/et_pb_column][\/et_pb_row][et_pb_row column_structure=\u00bb1_4,3_4&#8243; _builder_version=\u00bb4.22.2&#8243; _module_preset=\u00bbdefault\u00bb global_colors_info=\u00bb{}\u00bb][et_pb_column type=\u00bb1_4&#8243; _builder_version=\u00bb4.22.2&#8243; _module_preset=\u00bbdefault\u00bb global_colors_info=\u00bb{}\u00bb][et_pb_image src=\u00bbhttps:\/\/escoles.fundesplai.org\/wp-content\/uploads\/2021\/05\/Castanyers-Montseny-Treball-sintesi-Fundesplai.jpg\u00bb alt=\u00bbCasta\u00f1os Montseny Trabajo s\u00edntesis Fundesplai\u00bb title_text=\u00bbCasta\u00f1os Montseny Trabajo s\u00edntesis Fundesplai\u00bb _builder_version=\u00bb4.22.2&#8243; _module_preset=\u00bbdefault\u00bb custom_margin=\u00bb30px||||false|false\u00bb custom_padding=\u00bb|30px|||false|false\u00bb global_colors_info=\u00bb{}\u00bb][\/et_pb_image][\/et_pb_column][et_pb_column type=\u00bb3_4&#8243; _builder_version=\u00bb4.22.2&#8243; _module_preset=\u00bbdefault\u00bb global_colors_info=\u00bb{}\u00bb][et_pb_text _builder_version=\u00bb4.22.2&#8243; _module_preset=\u00bbdefault\u00bb custom_margin=\u00bb30px||||false|false\u00bb global_colors_info=\u00bb{}\u00bb]<\/p>\n<p><i class=\"fa-sharp fa-solid fa-graduation-cap\"><\/i> 1\u00ba, 2\u00ba, 3\u00ba y 4\u00ba de ESO<i class=\"fa-solid fa-calendar\"><\/i> 3 d\u00edas<i class=\"fa-solid fa-house\"><\/i> La Tra\u00fcna (Vall\u00e8s Oriental)<\/p>\n<p>La Casa de Colonias La Tra\u00fcna se sit\u00faa en el Montseny que nos ofrece un mont\u00f3n de posibilidades, y con este trabajo de s\u00edntesis los alumnos y alumnas podr\u00e1n disfrutar y aprender todas las caracter\u00edsticas de este entorno natural tan rico y espectacular. <a href=\"https:\/\/escoles.fundesplai.org\/es\/programa\/el-montseny-en-profundidad\/\">\u00bfNecesitas m\u00e1s detalles?<\/a><\/p>\n<p>[\/et_pb_text][\/et_pb_column][\/et_pb_row][et_pb_row _builder_version=\u00bb4.22.2&#8243; _module_preset=\u00bbdefault\u00bb global_colors_info=\u00bb{}\u00bb][et_pb_column type=\u00bb4_4&#8243; _builder_version=\u00bb4.22.2&#8243; _module_preset=\u00bbdefault\u00bb global_colors_info=\u00bb{}\u00bb][et_pb_divider _builder_version=\u00bb4.22.2&#8243; _module_preset=\u00bbdefault\u00bb custom_margin=\u00bb30px||||false|false\u00bb global_colors_info=\u00bb{}\u00bb][\/et_pb_divider][\/et_pb_column][\/et_pb_row][et_pb_row _builder_version=\u00bb4.22.2&#8243; _module_preset=\u00bbdefault\u00bb global_colors_info=\u00bb{}\u00bb][et_pb_column type=\u00bb4_4&#8243; _builder_version=\u00bb4.22.2&#8243; _module_preset=\u00bbdefault\u00bb global_colors_info=\u00bb{}\u00bb][et_pb_text admin_label=\u00bb5. ELS MISTERIS DE MONTSERRAT\u00bb _builder_version=\u00bb4.22.2&#8243; _module_preset=\u00bbdefault\u00bb custom_margin=\u00bb30px||||false|false\u00bb global_colors_info=\u00bb{}\u00bb]<\/p>\n<h3>5. LOS MISTERIOS DE MONTSERRAT<\/h3>\n<p>[\/et_pb_text][\/et_pb_column][\/et_pb_row][et_pb_row column_structure=\u00bb1_4,3_4&#8243; _builder_version=\u00bb4.22.2&#8243; _module_preset=\u00bbdefault\u00bb global_colors_info=\u00bb{}\u00bb][et_pb_column type=\u00bb1_4&#8243; _builder_version=\u00bb4.22.2&#8243; _module_preset=\u00bbdefault\u00bb global_colors_info=\u00bb{}\u00bb][et_pb_image src=\u00bbhttps:\/\/escoles.fundesplai.org\/wp-content\/uploads\/2021\/05\/Montserrat-treball-sintesi-Viladoms-Fundesplai.jpg\u00bb alt=\u00bbMontserrat trabajo s\u00edntesis Viladoms Fundesplai\u00bb title_text=\u00bbMontserrat trabajo s\u00edntesis Viladoms Fundesplai\u00bb _builder_version=\u00bb4.22.2&#8243; _module_preset=\u00bbdefault\u00bb custom_margin=\u00bb30px||||false|false\u00bb custom_padding=\u00bb|30px|||false|false\u00bb global_colors_info=\u00bb{}\u00bb][\/et_pb_image][\/et_pb_column][et_pb_column type=\u00bb3_4&#8243; _builder_version=\u00bb4.22.2&#8243; _module_preset=\u00bbdefault\u00bb global_colors_info=\u00bb{}\u00bb][et_pb_text _builder_version=\u00bb4.22.2&#8243; _module_preset=\u00bbdefault\u00bb custom_margin=\u00bb30px||||false|false\u00bb global_colors_info=\u00bb{}\u00bb]<\/p>\n<p><i class=\"fa-sharp fa-solid fa-graduation-cap\"><\/i> 1\u00ba, 2\u00ba, 3\u00ba y 4\u00ba de ESO<i class=\"fa-solid fa-calendar\"><\/i> 3 d\u00edas<i class=\"fa-solid fa-house\"><\/i> Viladoms de Baix (Bages)<\/p>\n<p>Con este trabajo de s\u00edntesis se explorar\u00e1 la monta\u00f1a de Montserrat desde un punto de vista cient\u00edfico y naturalista. La casa de Colonias Viladoms de Baix nos ofrece una gran oportunidad para descubrir m\u00e1s sobre esta monta\u00f1a tan representativa de nuestro territorio. <a href=\"https:\/\/escoles.fundesplai.org\/es\/programa\/los-misterios-de-montserrat\/\">\u00bfNecesitas m\u00e1s detalles?<\/a><\/p>\n<p>[\/et_pb_text][\/et_pb_column][\/et_pb_row][et_pb_row _builder_version=\u00bb4.22.2&#8243; _module_preset=\u00bbdefault\u00bb global_colors_info=\u00bb{}\u00bb][et_pb_column type=\u00bb4_4&#8243; _builder_version=\u00bb4.22.2&#8243; _module_preset=\u00bbdefault\u00bb global_colors_info=\u00bb{}\u00bb][et_pb_divider _builder_version=\u00bb4.22.2&#8243; _module_preset=\u00bbdefault\u00bb custom_margin=\u00bb30px||||false|false\u00bb global_colors_info=\u00bb{}\u00bb][\/et_pb_divider][\/et_pb_column][\/et_pb_row][et_pb_row _builder_version=\u00bb4.22.2&#8243; _module_preset=\u00bbdefault\u00bb global_colors_info=\u00bb{}\u00bb][et_pb_column type=\u00bb4_4&#8243; _builder_version=\u00bb4.22.2&#8243; _module_preset=\u00bbdefault\u00bb global_colors_info=\u00bb{}\u00bb][et_pb_text admin_label=\u00bb6. ELS SECRETS DEL TRIT\u00d3\u00bb _builder_version=\u00bb4.22.2&#8243; _module_preset=\u00bbdefault\u00bb custom_margin=\u00bb30px||||false|false\u00bb global_colors_info=\u00bb{}\u00bb]<\/p>\n<h3>6. LOS SECRETOS DEL TRIT\u00d3N PIRENAICO<\/h3>\n<p>[\/et_pb_text][\/et_pb_column][\/et_pb_row][et_pb_row column_structure=\u00bb1_4,3_4&#8243; _builder_version=\u00bb4.22.2&#8243; _module_preset=\u00bbdefault\u00bb global_colors_info=\u00bb{}\u00bb][et_pb_column type=\u00bb1_4&#8243; _builder_version=\u00bb4.22.2&#8243; _module_preset=\u00bbdefault\u00bb global_colors_info=\u00bb{}\u00bb][et_pb_image src=\u00bbhttps:\/\/escoles.fundesplai.org\/wp-content\/uploads\/2021\/05\/Trito-pirinenc-treball-sintesi-Fundesplai-Ripolles.jpg\u00bb alt=\u00bbTrit\u00f3n pirenaico trabajo s\u00edntesis Fundesplai Ripoll\u00e8s\u00bb title_text=\u00bbTrit\u00f3n pirenaico trabajo s\u00edntesis Fundesplai Ripoll\u00e8s\u00bb _builder_version=\u00bb4.22.2&#8243; _module_preset=\u00bbdefault\u00bb custom_margin=\u00bb30px||||false|false\u00bb custom_padding=\u00bb|30px|||false|false\u00bb global_colors_info=\u00bb{}\u00bb][\/et_pb_image][\/et_pb_column][et_pb_column type=\u00bb3_4&#8243; _builder_version=\u00bb4.22.2&#8243; _module_preset=\u00bbdefault\u00bb global_colors_info=\u00bb{}\u00bb][et_pb_text _builder_version=\u00bb4.22.2&#8243; _module_preset=\u00bbdefault\u00bb custom_margin=\u00bb30px||||false|false\u00bb global_colors_info=\u00bb{}\u00bb]<\/p>\n<p><i class=\"fa-sharp fa-solid fa-graduation-cap\"><\/i> 1\u00ba, 2\u00ba, 3\u00ba y 4\u00ba de ESO<i class=\"fa-solid fa-calendar\"><\/i> 3 d\u00edas<i class=\"fa-solid fa-house\"><\/i> Mas Cab\u00e0lies (Ripoll\u00e8s)<\/p>\n<p>Este trabajo de s\u00edntesis nos sit\u00faa en la zona del Ripoll\u00e8s, en la Casa de Colonias Mas Cab\u00e0lies y permitir\u00e1 descubrir los ecosistemas, la fauna y la flora de la zona a trav\u00e9s de actividades, una carrera de orientaci\u00f3n, trabajando en equipo y disfrutando del contacto con la naturaleza. <a href=\"https:\/\/escoles.fundesplai.org\/es\/programa\/los-secretos-del-triton-pirenaico\/\">\u00bfNecesitas m\u00e1s detalles?<\/a><\/p>\n<p>[\/et_pb_text][\/et_pb_column][\/et_pb_row][et_pb_row _builder_version=\u00bb4.22.2&#8243; _module_preset=\u00bbdefault\u00bb global_colors_info=\u00bb{}\u00bb][et_pb_column type=\u00bb4_4&#8243; _builder_version=\u00bb4.22.2&#8243; _module_preset=\u00bbdefault\u00bb global_colors_info=\u00bb{}\u00bb][et_pb_divider _builder_version=\u00bb4.22.2&#8243; _module_preset=\u00bbdefault\u00bb custom_margin=\u00bb30px||||false|false\u00bb global_colors_info=\u00bb{}\u00bb][\/et_pb_divider][\/et_pb_column][\/et_pb_row][et_pb_row _builder_version=\u00bb4.22.2&#8243; _module_preset=\u00bbdefault\u00bb global_colors_info=\u00bb{}\u00bb][et_pb_column type=\u00bb4_4&#8243; _builder_version=\u00bb4.22.2&#8243; _module_preset=\u00bbdefault\u00bb global_colors_info=\u00bb{}\u00bb][et_pb_text admin_label=\u00bb7. RENEWABLE ENERGIES\u00bb _builder_version=\u00bb4.22.2&#8243; _module_preset=\u00bbdefault\u00bb custom_margin=\u00bb30px||||false|false\u00bb global_colors_info=\u00bb{}\u00bb]<\/p>\n<h3>7. RENEWABLE ENERG\u00cdAS<\/h3>\n<p>[\/et_pb_text][\/et_pb_column][\/et_pb_row][et_pb_row column_structure=\u00bb1_4,3_4&#8243; _builder_version=\u00bb4.22.2&#8243; _module_preset=\u00bbdefault\u00bb global_colors_info=\u00bb{}\u00bb][et_pb_column type=\u00bb1_4&#8243; _builder_version=\u00bb4.22.2&#8243; _module_preset=\u00bbdefault\u00bb global_colors_info=\u00bb{}\u00bb][et_pb_image src=\u00bbhttps:\/\/escoles.fundesplai.org\/wp-content\/uploads\/2021\/03\/credit-sintesi-angles-energies-renovables-Fundesplai.jpg\u00bb alt=\u00bbcredit s\u00edntesis \u00e1ngulos energ\u00edas renovables Fundesplai\u00bb title_text=\u00bbcredit s\u00edntesis \u00e1ngulos energ\u00edas renovables Fundesplai\u00bb _builder_version=\u00bb4.22.2&#8243; _module_preset=\u00bbdefault\u00bb custom_margin=\u00bb30px||||false|false\u00bb custom_padding=\u00bb|30px|||false|false\u00bb global_colors_info=\u00bb{}\u00bb][\/et_pb_image][\/et_pb_column][et_pb_column type=\u00bb3_4&#8243; _builder_version=\u00bb4.22.2&#8243; _module_preset=\u00bbdefault\u00bb global_colors_info=\u00bb{}\u00bb][et_pb_text _builder_version=\u00bb4.22.2&#8243; _module_preset=\u00bbdefault\u00bb custom_margin=\u00bb30px||||false|false\u00bb global_colors_info=\u00bb{}\u00bb]<\/p>\n<p><i class=\"fa-sharp fa-solid fa-graduation-cap\"><\/i> 1\u00ba, 2\u00ba, 3\u00ba y 4\u00ba de ESO<i class=\"fa-solid fa-calendar\"><\/i> 3-5 d\u00edas<i class=\"fa-solid fa-house\"><\/i> Cualquiera de nuestras casas de colonias<\/p>\n<p><em>Renewable energ\u00edas<\/em> es un trabajo de s\u00edntesis \u00edntegramente en ingl\u00e9s, con monitoraje nativo, a trav\u00e9s del cual se trabajar\u00e1 para sensibilizar sobre la importancia de las energ\u00edas renovables y el consumo sostenible. <a href=\"https:\/\/escoles.fundesplai.org\/es\/programa\/renewable-energies\/\">\u00bfNecesitas m\u00e1s detalles?<\/a><\/p>\n<p>[\/et_pb_text][\/et_pb_column][\/et_pb_row][et_pb_row _builder_version=\u00bb4.22.2&#8243; _module_preset=\u00bbdefault\u00bb global_colors_info=\u00bb{}\u00bb][et_pb_column type=\u00bb4_4&#8243; _builder_version=\u00bb4.22.2&#8243; _module_preset=\u00bbdefault\u00bb global_colors_info=\u00bb{}\u00bb][et_pb_divider _builder_version=\u00bb4.22.2&#8243; _module_preset=\u00bbdefault\u00bb custom_margin=\u00bb30px||||false|false\u00bb global_colors_info=\u00bb{}\u00bb][\/et_pb_divider][\/et_pb_column][\/et_pb_row][et_pb_row _builder_version=\u00bb4.22.2&#8243; _module_preset=\u00bbdefault\u00bb global_colors_info=\u00bb{}\u00bb][et_pb_column type=\u00bb4_4&#8243; _builder_version=\u00bb4.22.2&#8243; _module_preset=\u00bbdefault\u00bb global_colors_info=\u00bb{}\u00bb][et_pb_text admin_label=\u00bb8. WE ARE WATER\u00bb _builder_version=\u00bb4.22.2&#8243; _module_preset=\u00bbdefault\u00bb custom_margin=\u00bb30px||||false|false\u00bb global_colors_info=\u00bb{}\u00bb]<\/p>\n<h3>8. WE ARE WATER<\/h3>\n<p>[\/et_pb_text][\/et_pb_column][\/et_pb_row][et_pb_row column_structure=\u00bb1_4,3_4&#8243; _builder_version=\u00bb4.22.2&#8243; _module_preset=\u00bbdefault\u00bb global_colors_info=\u00bb{}\u00bb][et_pb_column type=\u00bb1_4&#8243; _builder_version=\u00bb4.22.2&#8243; _module_preset=\u00bbdefault\u00bb global_colors_info=\u00bb{}\u00bb][et_pb_image src=\u00bbhttps:\/\/escoles.fundesplai.org\/wp-content\/uploads\/2021\/03\/credit-sintesi-angles-aigua-Fundesplai.jpg\u00bb alt=\u00bbcredit s\u00edntesis \u00e1ngulos agua Fundesplai\u00bb title_text=\u00bbcredit s\u00edntesis \u00e1ngulos agua Fundesplai\u00bb _builder_version=\u00bb4.22.2&#8243; _module_preset=\u00bbdefault\u00bb custom_margin=\u00bb30px||||false|false\u00bb custom_padding=\u00bb|30px|||false|false\u00bb global_colors_info=\u00bb{}\u00bb][\/et_pb_image][\/et_pb_column][et_pb_column type=\u00bb3_4&#8243; _builder_version=\u00bb4.22.2&#8243; _module_preset=\u00bbdefault\u00bb global_colors_info=\u00bb{}\u00bb][et_pb_text _builder_version=\u00bb4.22.2&#8243; _module_preset=\u00bbdefault\u00bb custom_margin=\u00bb30px||||false|false\u00bb global_colors_info=\u00bb{}\u00bb]<\/p>\n<p><i class=\"fa-sharp fa-solid fa-graduation-cap\"><\/i> 1\u00ba, 2\u00ba, 3\u00ba y 4\u00ba de ESO<i class=\"fa-solid fa-calendar\"><\/i> 3-5 d\u00edas<i class=\"fa-solid fa-house\"><\/i> Cualquiera de nuestras casas de colonias<\/p>\n<p>Trabajo de s\u00edntesis completamente en ingl\u00e9s, llevado a cabo por monitoraje nativo que se centra en tomar conciencia de la importancia del agua. El ciclo del agua, las problem\u00e1ticas, soluciones posibles, medidas&#8230; <a href=\"https:\/\/escoles.fundesplai.org\/es\/programa\/we-are-water\/\">\u00bfNecesitas m\u00e1s detalles?<\/a><\/p>\n<p>[\/et_pb_text][\/et_pb_column][\/et_pb_row][et_pb_row _builder_version=\u00bb4.22.2&#8243; _module_preset=\u00bbdefault\u00bb global_colors_info=\u00bb{}\u00bb][et_pb_column type=\u00bb4_4&#8243; _builder_version=\u00bb4.22.2&#8243; _module_preset=\u00bbdefault\u00bb global_colors_info=\u00bb{}\u00bb][et_pb_text _builder_version=\u00bb4.22.2&#8243; _module_preset=\u00bbdefault\u00bb custom_margin=\u00bb50px||||false|false\u00bb global_colors_info=\u00bb{}\u00bb]<\/p>\n<p>Estas son las <strong>8 propuestas que te hacemos de <a href=\"https:\/\/escoles.fundesplai.org\/es\/servicios\/trabajos-de-sintesis\/?fwp_filtre_programa_tematica=educacio-ambiental\">trabajos de s\u00edntesis de educaci\u00f3n ambiental<\/a><\/strong> en nuestras casas de colonias, pero tenemos un abanico mucho m\u00e1s amplio de tem\u00e1ticas. Si buscas otras propuestas echa un vistazo <a href=\"https:\/\/escoles.fundesplai.org\/es\/servicios\/trabajos-de-sintesis\/\">a nuestro cat\u00e1logo de trabajos de s\u00edntesis<\/a>, encontrar\u00e1s trabajos relacionados con la historia, la ciencia, la salud, el deporte, en ingl\u00e9s, de aventura, culturas, etc. todos impregnados de nuestros valores, bagaje y nuestra forma de hacer. <\/p>\n<p>[\/et_pb_text][et_pb_button button_url=\u00bbhttps:\/\/escoles.fundesplai.org\/es\/servicios\/trabajos-de-sintesis\/\u00bb button_text=\u00bbDescubre m\u00e1s trabajos de s\u00edntesis\u00bb button_alignment=\u00bbcenter\u00bb _builder_version=\u00bb4.22.2&#8243; _module_preset=\u00bbdefault\u00bb custom_margin=\u00bb30px||||false|false\u00bb global_colors_info=\u00bb{}\u00bb][\/et_pb_button][et_pb_text _builder_version=\u00bb4.22.2&#8243; _module_preset=\u00bbdefault\u00bb custom_margin=\u00bb30px||50px||false|false\u00bb global_colors_info=\u00bb{}\u00bb]<\/p>\n<p style=\"text-align: center;\"><strong>Si te ha gustado esta entrada, \u00a1comp\u00e1rtela en las redes!<\/strong><\/p>\n<p>[\/et_pb_text][\/et_pb_column][\/et_pb_row][\/et_pb_section]<\/p>\n","protected":false},"excerpt":{"rendered":"<p>8 trabajos de s\u00edntesis de educaci\u00f3n ambiental en plena naturaleza en las casas de colonias del Montseny, Osona, Ripoll\u00e8s, Solson\u00e8s, Montserrat&#8230; experimentaci\u00f3n, trabajo en equipo, ingl\u00e9s, ciencia&#8230; \u00a1no te los pierdas!<\/p>\n","protected":false},"author":26,"featured_media":46446,"comment_status":"closed","ping_status":"closed","sticky":false,"template":"","format":"standard","meta":{"_et_pb_use_builder":"on","_et_pb_old_content":"","_et_gb_content_width":"","footnotes":""},"categories":[271,304],"tags":[],"class_list":["post-46543","post","type-post","status-publish","format-standard","has-post-thumbnail","hentry","category-educacion-ambiental","category-trabajos-de-sintesis"],"yoast_head":"<!-- This site is optimized with the Yoast SEO plugin v27.5 - https:\/\/yoast.com\/product\/yoast-seo-wordpress\/ -->\n<title>8 trabajos de s\u00edntesis de educaci\u00f3n ambiental - Fundesplai M\u00f3n Escolar<\/title>\n<meta name=\"description\" content=\"8 trabajos de s\u00edntesis de educaci\u00f3n ambiental en plena naturaleza en las casas de colonias del Montseny, Osona, Ripoll\u00e8s, Solson\u00e8s, Montserrat...\" \/>\n<meta name=\"robots\" content=\"index, follow, max-snippet:-1, max-image-preview:large, max-video-preview:-1\" \/>\n<link rel=\"canonical\" href=\"https:\/\/escoles.fundesplai.org\/es\/blog-es\/trabajos-de-sintesis\/8-trabajos-de-sintesis-de-educacion-ambiental\/\" \/>\n<meta property=\"og:locale\" content=\"es_ES\" \/>\n<meta property=\"og:type\" content=\"article\" \/>\n<meta property=\"og:title\" content=\"8 trabajos de s\u00edntesis de educaci\u00f3n ambiental - Fundesplai M\u00f3n Escolar\" \/>\n<meta property=\"og:description\" content=\"8 trabajos de s\u00edntesis de educaci\u00f3n ambiental en plena naturaleza en las casas de colonias del Montseny, Osona, Ripoll\u00e8s, Solson\u00e8s, Montserrat...\" \/>\n<meta property=\"og:url\" content=\"https:\/\/escoles.fundesplai.org\/es\/blog-es\/trabajos-de-sintesis\/8-trabajos-de-sintesis-de-educacion-ambiental\/\" \/>\n<meta property=\"og:site_name\" content=\"Fundesplai M\u00f3n Escolar\" \/>\n<meta property=\"article:publisher\" content=\"https:\/\/www.facebook.com\/Fundesplai\/\" \/>\n<meta property=\"article:published_time\" content=\"2024-01-16T10:02:29+00:00\" \/>\n<meta property=\"article:modified_time\" content=\"2024-01-16T10:02:33+00:00\" \/>\n<meta property=\"og:image\" content=\"https:\/\/escoles.fundesplai.org\/wp-content\/uploads\/2024\/01\/Treballs-sintesi-educacio-ambiental.jpg\" \/>\n\t<meta property=\"og:image:width\" content=\"1888\" \/>\n\t<meta property=\"og:image:height\" content=\"900\" \/>\n\t<meta property=\"og:image:type\" content=\"image\/jpeg\" \/>\n<meta name=\"author\" content=\"Mariona Duch\" \/>\n<meta name=\"twitter:card\" content=\"summary_large_image\" \/>\n<meta name=\"twitter:creator\" content=\"@fundesplai\" \/>\n<meta name=\"twitter:site\" content=\"@fundesplai\" \/>\n<meta name=\"twitter:label1\" content=\"Escrito por\" \/>\n\t<meta name=\"twitter:data1\" content=\"Mariona Duch\" \/>\n\t<meta name=\"twitter:label2\" content=\"Tiempo de lectura\" \/>\n\t<meta name=\"twitter:data2\" content=\"14 minutos\" \/>\n<script type=\"application\/ld+json\" class=\"yoast-schema-graph\">{\"@context\":\"https:\\\/\\\/schema.org\",\"@graph\":[{\"@type\":\"Article\",\"@id\":\"https:\\\/\\\/escoles.fundesplai.org\\\/es\\\/blog-es\\\/trabajos-de-sintesis\\\/8-trabajos-de-sintesis-de-educacion-ambiental\\\/#article\",\"isPartOf\":{\"@id\":\"https:\\\/\\\/escoles.fundesplai.org\\\/es\\\/blog-es\\\/trabajos-de-sintesis\\\/8-trabajos-de-sintesis-de-educacion-ambiental\\\/\"},\"author\":{\"name\":\"Mariona Duch\",\"@id\":\"https:\\\/\\\/escoles.fundesplai.org\\\/es\\\/#\\\/schema\\\/person\\\/2ca12c7f6e427a577b996c3c7f432211\"},\"headline\":\"8 trabajos de s\u00edntesis de educaci\u00f3n ambiental\",\"datePublished\":\"2024-01-16T10:02:29+00:00\",\"dateModified\":\"2024-01-16T10:02:33+00:00\",\"mainEntityOfPage\":{\"@id\":\"https:\\\/\\\/escoles.fundesplai.org\\\/es\\\/blog-es\\\/trabajos-de-sintesis\\\/8-trabajos-de-sintesis-de-educacion-ambiental\\\/\"},\"wordCount\":2886,\"publisher\":{\"@id\":\"https:\\\/\\\/escoles.fundesplai.org\\\/es\\\/#organization\"},\"image\":{\"@id\":\"https:\\\/\\\/escoles.fundesplai.org\\\/es\\\/blog-es\\\/trabajos-de-sintesis\\\/8-trabajos-de-sintesis-de-educacion-ambiental\\\/#primaryimage\"},\"thumbnailUrl\":\"https:\\\/\\\/escoles.fundesplai.org\\\/wp-content\\\/uploads\\\/2024\\\/01\\\/Treballs-sintesi-educacio-ambiental.jpg\",\"articleSection\":[\"Educaci\u00f3n ambiental\",\"Trabajos de s\u00edntesis\"],\"inLanguage\":\"es\"},{\"@type\":\"WebPage\",\"@id\":\"https:\\\/\\\/escoles.fundesplai.org\\\/es\\\/blog-es\\\/trabajos-de-sintesis\\\/8-trabajos-de-sintesis-de-educacion-ambiental\\\/\",\"url\":\"https:\\\/\\\/escoles.fundesplai.org\\\/es\\\/blog-es\\\/trabajos-de-sintesis\\\/8-trabajos-de-sintesis-de-educacion-ambiental\\\/\",\"name\":\"8 trabajos de s\u00edntesis de educaci\u00f3n ambiental - Fundesplai M\u00f3n Escolar\",\"isPartOf\":{\"@id\":\"https:\\\/\\\/escoles.fundesplai.org\\\/es\\\/#website\"},\"primaryImageOfPage\":{\"@id\":\"https:\\\/\\\/escoles.fundesplai.org\\\/es\\\/blog-es\\\/trabajos-de-sintesis\\\/8-trabajos-de-sintesis-de-educacion-ambiental\\\/#primaryimage\"},\"image\":{\"@id\":\"https:\\\/\\\/escoles.fundesplai.org\\\/es\\\/blog-es\\\/trabajos-de-sintesis\\\/8-trabajos-de-sintesis-de-educacion-ambiental\\\/#primaryimage\"},\"thumbnailUrl\":\"https:\\\/\\\/escoles.fundesplai.org\\\/wp-content\\\/uploads\\\/2024\\\/01\\\/Treballs-sintesi-educacio-ambiental.jpg\",\"datePublished\":\"2024-01-16T10:02:29+00:00\",\"dateModified\":\"2024-01-16T10:02:33+00:00\",\"description\":\"8 trabajos de s\u00edntesis de educaci\u00f3n ambiental en plena naturaleza en las casas de colonias del Montseny, Osona, Ripoll\u00e8s, Solson\u00e8s, Montserrat...\",\"breadcrumb\":{\"@id\":\"https:\\\/\\\/escoles.fundesplai.org\\\/es\\\/blog-es\\\/trabajos-de-sintesis\\\/8-trabajos-de-sintesis-de-educacion-ambiental\\\/#breadcrumb\"},\"inLanguage\":\"es\",\"potentialAction\":[{\"@type\":\"ReadAction\",\"target\":[\"https:\\\/\\\/escoles.fundesplai.org\\\/es\\\/blog-es\\\/trabajos-de-sintesis\\\/8-trabajos-de-sintesis-de-educacion-ambiental\\\/\"]}]},{\"@type\":\"ImageObject\",\"inLanguage\":\"es\",\"@id\":\"https:\\\/\\\/escoles.fundesplai.org\\\/es\\\/blog-es\\\/trabajos-de-sintesis\\\/8-trabajos-de-sintesis-de-educacion-ambiental\\\/#primaryimage\",\"url\":\"https:\\\/\\\/escoles.fundesplai.org\\\/wp-content\\\/uploads\\\/2024\\\/01\\\/Treballs-sintesi-educacio-ambiental.jpg\",\"contentUrl\":\"https:\\\/\\\/escoles.fundesplai.org\\\/wp-content\\\/uploads\\\/2024\\\/01\\\/Treballs-sintesi-educacio-ambiental.jpg\",\"width\":1888,\"height\":900},{\"@type\":\"BreadcrumbList\",\"@id\":\"https:\\\/\\\/escoles.fundesplai.org\\\/es\\\/blog-es\\\/trabajos-de-sintesis\\\/8-trabajos-de-sintesis-de-educacion-ambiental\\\/#breadcrumb\",\"itemListElement\":[{\"@type\":\"ListItem\",\"position\":1,\"name\":\"Inici\",\"item\":\"https:\\\/\\\/escoles.fundesplai.org\\\/es\\\/inicio\\\/\"},{\"@type\":\"ListItem\",\"position\":2,\"name\":\"Sin categorizar\",\"item\":\"https:\\\/\\\/escoles.fundesplai.org\\\/es\\\/sin-categorizar\\\/\"},{\"@type\":\"ListItem\",\"position\":3,\"name\":\"8 trabajos de s\u00edntesis de educaci\u00f3n ambiental\"}]},{\"@type\":\"WebSite\",\"@id\":\"https:\\\/\\\/escoles.fundesplai.org\\\/es\\\/#website\",\"url\":\"https:\\\/\\\/escoles.fundesplai.org\\\/es\\\/\",\"name\":\"Fundesplai M\u00f3n Escolar\",\"description\":\"Serveis de lleure educatiu per a escoles\",\"publisher\":{\"@id\":\"https:\\\/\\\/escoles.fundesplai.org\\\/es\\\/#organization\"},\"potentialAction\":[{\"@type\":\"SearchAction\",\"target\":{\"@type\":\"EntryPoint\",\"urlTemplate\":\"https:\\\/\\\/escoles.fundesplai.org\\\/es\\\/?s={search_term_string}\"},\"query-input\":{\"@type\":\"PropertyValueSpecification\",\"valueRequired\":true,\"valueName\":\"search_term_string\"}}],\"inLanguage\":\"es\"},{\"@type\":\"Organization\",\"@id\":\"https:\\\/\\\/escoles.fundesplai.org\\\/es\\\/#organization\",\"name\":\"Fundesplai - M\u00f3n Escolar\",\"url\":\"https:\\\/\\\/escoles.fundesplai.org\\\/es\\\/\",\"logo\":{\"@type\":\"ImageObject\",\"inLanguage\":\"es\",\"@id\":\"https:\\\/\\\/escoles.fundesplai.org\\\/es\\\/#\\\/schema\\\/logo\\\/image\\\/\",\"url\":\"https:\\\/\\\/escoles.fundesplai.org\\\/wp-content\\\/uploads\\\/2021\\\/08\\\/logo-mon-escolar.png\",\"contentUrl\":\"https:\\\/\\\/escoles.fundesplai.org\\\/wp-content\\\/uploads\\\/2021\\\/08\\\/logo-mon-escolar.png\",\"width\":468,\"height\":211,\"caption\":\"Fundesplai - M\u00f3n Escolar\"},\"image\":{\"@id\":\"https:\\\/\\\/escoles.fundesplai.org\\\/es\\\/#\\\/schema\\\/logo\\\/image\\\/\"},\"sameAs\":[\"https:\\\/\\\/www.facebook.com\\\/Fundesplai\\\/\",\"https:\\\/\\\/x.com\\\/fundesplai\",\"https:\\\/\\\/www.instagram.com\\\/fundesplai\\\/\"]},{\"@type\":\"Person\",\"@id\":\"https:\\\/\\\/escoles.fundesplai.org\\\/es\\\/#\\\/schema\\\/person\\\/2ca12c7f6e427a577b996c3c7f432211\",\"name\":\"Mariona Duch\",\"image\":{\"@type\":\"ImageObject\",\"inLanguage\":\"es\",\"@id\":\"https:\\\/\\\/secure.gravatar.com\\\/avatar\\\/678f8dc5592155106183c2dba5a10542029cee6b53d56fa163cb5ba0b4db9386?s=96&d=mm&r=g\",\"url\":\"https:\\\/\\\/secure.gravatar.com\\\/avatar\\\/678f8dc5592155106183c2dba5a10542029cee6b53d56fa163cb5ba0b4db9386?s=96&d=mm&r=g\",\"contentUrl\":\"https:\\\/\\\/secure.gravatar.com\\\/avatar\\\/678f8dc5592155106183c2dba5a10542029cee6b53d56fa163cb5ba0b4db9386?s=96&d=mm&r=g\",\"caption\":\"Mariona Duch\"}}]}<\/script>\n<!-- \/ Yoast SEO plugin. -->","yoast_head_json":{"title":"8 trabajos de s\u00edntesis de educaci\u00f3n ambiental - Fundesplai M\u00f3n Escolar","description":"8 trabajos de s\u00edntesis de educaci\u00f3n ambiental en plena naturaleza en las casas de colonias del Montseny, Osona, Ripoll\u00e8s, Solson\u00e8s, Montserrat...","robots":{"index":"index","follow":"follow","max-snippet":"max-snippet:-1","max-image-preview":"max-image-preview:large","max-video-preview":"max-video-preview:-1"},"canonical":"https:\/\/escoles.fundesplai.org\/es\/blog-es\/trabajos-de-sintesis\/8-trabajos-de-sintesis-de-educacion-ambiental\/","og_locale":"es_ES","og_type":"article","og_title":"8 trabajos de s\u00edntesis de educaci\u00f3n ambiental - Fundesplai M\u00f3n Escolar","og_description":"8 trabajos de s\u00edntesis de educaci\u00f3n ambiental en plena naturaleza en las casas de colonias del Montseny, Osona, Ripoll\u00e8s, Solson\u00e8s, Montserrat...","og_url":"https:\/\/escoles.fundesplai.org\/es\/blog-es\/trabajos-de-sintesis\/8-trabajos-de-sintesis-de-educacion-ambiental\/","og_site_name":"Fundesplai M\u00f3n Escolar","article_publisher":"https:\/\/www.facebook.com\/Fundesplai\/","article_published_time":"2024-01-16T10:02:29+00:00","article_modified_time":"2024-01-16T10:02:33+00:00","og_image":[{"width":1888,"height":900,"url":"https:\/\/escoles.fundesplai.org\/wp-content\/uploads\/2024\/01\/Treballs-sintesi-educacio-ambiental.jpg","type":"image\/jpeg"}],"author":"Mariona Duch","twitter_card":"summary_large_image","twitter_creator":"@fundesplai","twitter_site":"@fundesplai","twitter_misc":{"Escrito por":"Mariona Duch","Tiempo de lectura":"14 minutos"},"schema":{"@context":"https:\/\/schema.org","@graph":[{"@type":"Article","@id":"https:\/\/escoles.fundesplai.org\/es\/blog-es\/trabajos-de-sintesis\/8-trabajos-de-sintesis-de-educacion-ambiental\/#article","isPartOf":{"@id":"https:\/\/escoles.fundesplai.org\/es\/blog-es\/trabajos-de-sintesis\/8-trabajos-de-sintesis-de-educacion-ambiental\/"},"author":{"name":"Mariona Duch","@id":"https:\/\/escoles.fundesplai.org\/es\/#\/schema\/person\/2ca12c7f6e427a577b996c3c7f432211"},"headline":"8 trabajos de s\u00edntesis de educaci\u00f3n ambiental","datePublished":"2024-01-16T10:02:29+00:00","dateModified":"2024-01-16T10:02:33+00:00","mainEntityOfPage":{"@id":"https:\/\/escoles.fundesplai.org\/es\/blog-es\/trabajos-de-sintesis\/8-trabajos-de-sintesis-de-educacion-ambiental\/"},"wordCount":2886,"publisher":{"@id":"https:\/\/escoles.fundesplai.org\/es\/#organization"},"image":{"@id":"https:\/\/escoles.fundesplai.org\/es\/blog-es\/trabajos-de-sintesis\/8-trabajos-de-sintesis-de-educacion-ambiental\/#primaryimage"},"thumbnailUrl":"https:\/\/escoles.fundesplai.org\/wp-content\/uploads\/2024\/01\/Treballs-sintesi-educacio-ambiental.jpg","articleSection":["Educaci\u00f3n ambiental","Trabajos de s\u00edntesis"],"inLanguage":"es"},{"@type":"WebPage","@id":"https:\/\/escoles.fundesplai.org\/es\/blog-es\/trabajos-de-sintesis\/8-trabajos-de-sintesis-de-educacion-ambiental\/","url":"https:\/\/escoles.fundesplai.org\/es\/blog-es\/trabajos-de-sintesis\/8-trabajos-de-sintesis-de-educacion-ambiental\/","name":"8 trabajos de s\u00edntesis de educaci\u00f3n ambiental - Fundesplai M\u00f3n Escolar","isPartOf":{"@id":"https:\/\/escoles.fundesplai.org\/es\/#website"},"primaryImageOfPage":{"@id":"https:\/\/escoles.fundesplai.org\/es\/blog-es\/trabajos-de-sintesis\/8-trabajos-de-sintesis-de-educacion-ambiental\/#primaryimage"},"image":{"@id":"https:\/\/escoles.fundesplai.org\/es\/blog-es\/trabajos-de-sintesis\/8-trabajos-de-sintesis-de-educacion-ambiental\/#primaryimage"},"thumbnailUrl":"https:\/\/escoles.fundesplai.org\/wp-content\/uploads\/2024\/01\/Treballs-sintesi-educacio-ambiental.jpg","datePublished":"2024-01-16T10:02:29+00:00","dateModified":"2024-01-16T10:02:33+00:00","description":"8 trabajos de s\u00edntesis de educaci\u00f3n ambiental en plena naturaleza en las casas de colonias del Montseny, Osona, Ripoll\u00e8s, Solson\u00e8s, Montserrat...","breadcrumb":{"@id":"https:\/\/escoles.fundesplai.org\/es\/blog-es\/trabajos-de-sintesis\/8-trabajos-de-sintesis-de-educacion-ambiental\/#breadcrumb"},"inLanguage":"es","potentialAction":[{"@type":"ReadAction","target":["https:\/\/escoles.fundesplai.org\/es\/blog-es\/trabajos-de-sintesis\/8-trabajos-de-sintesis-de-educacion-ambiental\/"]}]},{"@type":"ImageObject","inLanguage":"es","@id":"https:\/\/escoles.fundesplai.org\/es\/blog-es\/trabajos-de-sintesis\/8-trabajos-de-sintesis-de-educacion-ambiental\/#primaryimage","url":"https:\/\/escoles.fundesplai.org\/wp-content\/uploads\/2024\/01\/Treballs-sintesi-educacio-ambiental.jpg","contentUrl":"https:\/\/escoles.fundesplai.org\/wp-content\/uploads\/2024\/01\/Treballs-sintesi-educacio-ambiental.jpg","width":1888,"height":900},{"@type":"BreadcrumbList","@id":"https:\/\/escoles.fundesplai.org\/es\/blog-es\/trabajos-de-sintesis\/8-trabajos-de-sintesis-de-educacion-ambiental\/#breadcrumb","itemListElement":[{"@type":"ListItem","position":1,"name":"Inici","item":"https:\/\/escoles.fundesplai.org\/es\/inicio\/"},{"@type":"ListItem","position":2,"name":"Sin categorizar","item":"https:\/\/escoles.fundesplai.org\/es\/sin-categorizar\/"},{"@type":"ListItem","position":3,"name":"8 trabajos de s\u00edntesis de educaci\u00f3n ambiental"}]},{"@type":"WebSite","@id":"https:\/\/escoles.fundesplai.org\/es\/#website","url":"https:\/\/escoles.fundesplai.org\/es\/","name":"Fundesplai M\u00f3n Escolar","description":"Serveis de lleure educatiu per a escoles","publisher":{"@id":"https:\/\/escoles.fundesplai.org\/es\/#organization"},"potentialAction":[{"@type":"SearchAction","target":{"@type":"EntryPoint","urlTemplate":"https:\/\/escoles.fundesplai.org\/es\/?s={search_term_string}"},"query-input":{"@type":"PropertyValueSpecification","valueRequired":true,"valueName":"search_term_string"}}],"inLanguage":"es"},{"@type":"Organization","@id":"https:\/\/escoles.fundesplai.org\/es\/#organization","name":"Fundesplai - M\u00f3n Escolar","url":"https:\/\/escoles.fundesplai.org\/es\/","logo":{"@type":"ImageObject","inLanguage":"es","@id":"https:\/\/escoles.fundesplai.org\/es\/#\/schema\/logo\/image\/","url":"https:\/\/escoles.fundesplai.org\/wp-content\/uploads\/2021\/08\/logo-mon-escolar.png","contentUrl":"https:\/\/escoles.fundesplai.org\/wp-content\/uploads\/2021\/08\/logo-mon-escolar.png","width":468,"height":211,"caption":"Fundesplai - M\u00f3n Escolar"},"image":{"@id":"https:\/\/escoles.fundesplai.org\/es\/#\/schema\/logo\/image\/"},"sameAs":["https:\/\/www.facebook.com\/Fundesplai\/","https:\/\/x.com\/fundesplai","https:\/\/www.instagram.com\/fundesplai\/"]},{"@type":"Person","@id":"https:\/\/escoles.fundesplai.org\/es\/#\/schema\/person\/2ca12c7f6e427a577b996c3c7f432211","name":"Mariona Duch","image":{"@type":"ImageObject","inLanguage":"es","@id":"https:\/\/secure.gravatar.com\/avatar\/678f8dc5592155106183c2dba5a10542029cee6b53d56fa163cb5ba0b4db9386?s=96&d=mm&r=g","url":"https:\/\/secure.gravatar.com\/avatar\/678f8dc5592155106183c2dba5a10542029cee6b53d56fa163cb5ba0b4db9386?s=96&d=mm&r=g","contentUrl":"https:\/\/secure.gravatar.com\/avatar\/678f8dc5592155106183c2dba5a10542029cee6b53d56fa163cb5ba0b4db9386?s=96&d=mm&r=g","caption":"Mariona Duch"}}]}},"_links":{"self":[{"href":"https:\/\/escoles.fundesplai.org\/es\/wp-json\/wp\/v2\/posts\/46543","targetHints":{"allow":["GET"]}}],"collection":[{"href":"https:\/\/escoles.fundesplai.org\/es\/wp-json\/wp\/v2\/posts"}],"about":[{"href":"https:\/\/escoles.fundesplai.org\/es\/wp-json\/wp\/v2\/types\/post"}],"author":[{"embeddable":true,"href":"https:\/\/escoles.fundesplai.org\/es\/wp-json\/wp\/v2\/users\/26"}],"replies":[{"embeddable":true,"href":"https:\/\/escoles.fundesplai.org\/es\/wp-json\/wp\/v2\/comments?post=46543"}],"version-history":[{"count":2,"href":"https:\/\/escoles.fundesplai.org\/es\/wp-json\/wp\/v2\/posts\/46543\/revisions"}],"predecessor-version":[{"id":46545,"href":"https:\/\/escoles.fundesplai.org\/es\/wp-json\/wp\/v2\/posts\/46543\/revisions\/46545"}],"wp:featuredmedia":[{"embeddable":true,"href":"https:\/\/escoles.fundesplai.org\/es\/wp-json\/wp\/v2\/media\/46446"}],"wp:attachment":[{"href":"https:\/\/escoles.fundesplai.org\/es\/wp-json\/wp\/v2\/media?parent=46543"}],"wp:term":[{"taxonomy":"category","embeddable":true,"href":"https:\/\/escoles.fundesplai.org\/es\/wp-json\/wp\/v2\/categories?post=46543"},{"taxonomy":"post_tag","embeddable":true,"href":"https:\/\/escoles.fundesplai.org\/es\/wp-json\/wp\/v2\/tags?post=46543"}],"curies":[{"name":"wp","href":"https:\/\/api.w.org\/{rel}","templated":true}]}}