{"id":51583,"date":"2024-05-07T09:55:31","date_gmt":"2024-05-07T07:55:31","guid":{"rendered":"https:\/\/escoles.fundesplai.org\/sin-categorizar\/9-recursos-educativos-sobre-las-aves\/"},"modified":"2024-05-30T11:03:02","modified_gmt":"2024-05-30T09:03:02","slug":"9-recursos-educativos-sobre-las-aves","status":"publish","type":"post","link":"https:\/\/escoles.fundesplai.org\/es\/blog-es\/educacion-ambiental\/9-recursos-educativos-sobre-las-aves\/","title":{"rendered":"9 Recursos educativos sobre las aves"},"content":{"rendered":"<p>[et_pb_section fb_built=\u00bb1&#8243; _builder_version=\u00bb4.22.2&#8243; _module_preset=\u00bbdefault\u00bb global_colors_info=\u00bb{}\u00bb][et_pb_row _builder_version=\u00bb4.22.2&#8243; _module_preset=\u00bbdefault\u00bb global_colors_info=\u00bb{}\u00bb][et_pb_column type=\u00bb4_4&#8243; _builder_version=\u00bb4.22.2&#8243; _module_preset=\u00bbdefault\u00bb global_colors_info=\u00bb{}\u00bb][et_pb_text admin_label=\u00bbINTRO\u00bb _builder_version=\u00bb4.22.2&#8243; _module_preset=\u00bbdefault\u00bb global_colors_info=\u00bb{}\u00bb]<\/p>\n<p>El <strong><a href=\"https:\/\/www.cms.int\/es\/news\/el-d%C3%ADa-mundial-de-las-aves-migratorias-2024-se-centrar%C3%A1-en-los-insectos\">D\u00eda Internacional de las Aves Migratorias<\/a> se celebra el segundo fin de semana de mayo<\/strong> , y es un d\u00eda importante para las personas amantes de las aves,&#8230; junto al D\u00eda Mundial de las Aves que tiene lugar en octubre. Ambas se convierten en unas fechas muy importantes en el calendario para todas las personas que se dedican al mundo de la ornitolog\u00eda, y para todas aquellas que son grandes aficionadas.<\/p>\n<p>Entendemos la <strong>migraci\u00f3n <\/strong> como el proceso de traslado o desplazamiento geogr\u00e1fico que realizan los individuos de un territorio hacia otro por diversos motivos. En el caso de los animales, esta migraci\u00f3n suele realizarse en grupos, como por ejemplo las aves, insectos o peces, entre otros; y les lleva a desplazarse largas distancias para encontrar unas \u00f3ptimas condiciones para vivir seg\u00fan cada temporada.<\/p>\n<p>[\/et_pb_text][et_pb_text admin_label=\u00bbPer qu\u00e8 migren?\u00bb _builder_version=\u00bb4.22.2&#8243; _module_preset=\u00bbdefault\u00bb custom_margin=\u00bb30px||||false|false\u00bb global_colors_info=\u00bb{}\u00bb]<\/p>\n<h3>\u00bfPOR QU\u00c9 MIGRAN LOS P\u00c1JAROS?<\/h3>\n<p><strong>Las migraciones<\/strong> de los p\u00e1jaros se producen <strong>durante los cambios de estaciones del a\u00f1o<\/strong>, cuando las aves buscan el clima que m\u00e1s les conviene <strong>para poder seguir aliment\u00e1ndose o reproducirse<\/strong>, y en definitiva tener unas condiciones ambientales m\u00e1s adecuadas para la su vida.<\/p>\n<p>Las aves son capaces de <strong>atravesar grandes extensiones de desiertos o de oc\u00e9anos<\/strong> para llegar a su destino, un territorio en el que el alimento est\u00e9 m\u00e1s asegurado y las condiciones para pasar el invierno y criar sean adecuadas. Por eso es importante que, antes de emprender este viaje, las aves obtengan la suficiente energ\u00eda para llevar a cabo este viaje y llegar a su destino. <a href=\"https:\/\/cases.fundesplai.org\/es\/blog-es\/naturaleza\/4-curiosidades-sobre-las-aves-migratorias\/\">Aqu\u00ed<\/a> puedes descubrir alguna <a href=\"https:\/\/cases.fundesplai.org\/es\/blog-es\/naturaleza\/4-curiosidades-sobre-las-aves-migratorias\/\">curiosidad m\u00e1s sobre las aves migratorias<\/a>.<\/p>\n<p>Como hemos comentado, la mayor\u00eda de aves migran <strong>a zonas m\u00e1s c\u00e1lidas durante el invierno para obtener condiciones m\u00e1s confortables.<\/strong> Un ejemplo de estas aves son las <a href=\"https:\/\/www.sioc.cat\/fitxa\/HIRRUS\">golondrinas<\/a>, que se establecen en zonas c\u00e1lidas del sur de \u00c1frica durante el invierno y regresan a Europa entre marzo y mayo para construir sus nidos y criar.<\/p>\n<p>[\/et_pb_text][et_pb_text admin_label=\u00bbTIpus d&#8217;aus migrat\u00f2ries\u00bb _builder_version=\u00bb4.22.2&#8243; _module_preset=\u00bbdefault\u00bb custom_margin=\u00bb30px||||false|false\u00bb global_colors_info=\u00bb{}\u00bb]<\/p>\n<h3>TIPO DE AVES MIGRATORIAS<\/h3>\n<p>No todos los p\u00e1jaros son migratorios, y podemos <strong>diferenciarlos seg\u00fan la \u00e9poca del a\u00f1o<\/strong> en que realicen el proceso de migraci\u00f3n. La primavera y el oto\u00f1o son los momentos con m\u00e1s movimientos de aves migratorias y en nuestro pa\u00eds, se pueden ver aves migratorias que hacen el camino entre el centro y Norte de Europa, donde han estado pasando el verano, y ahora se desplazan hasta \u00c1frica, donde pasar\u00e1n el invierno. Hay aves que las podremos ver durante el verano y otras en invierno.<\/p>\n<ul>\n<li><strong>Aves estivales:<\/strong> aves que llegan a la primavera y se quedan en nuestro territorio durante el verano para hacer nidos, durante su \u00e9poca de reproducci\u00f3n y cr\u00eda. Posteriormente, se desplazan a otras zonas m\u00e1s favorables para pasar el invierno. Un ejemplo son las <a href=\"https:\/\/www.sioc.cat\/fitxa\/HIRRUS\">golondrinas<\/a>, el <a href=\"https:\/\/www.sioc.cat\/fitxa\/CUCCAN\">cuco<\/a>, el <a href=\"https:\/\/www.sioc.cat\/fitxa\/LUSMEG\">rebozuelo<\/a>, el <a href=\"https:\/\/www.sioc.cat\/fitxa\/MERAPI\">abejaruco<\/a> o el <a href=\"https:\/\/www.sioc.cat\/fitxa\/APUAPU\">vencejo negro.<\/a><\/li>\n<li><strong>Aves invernantes<\/strong>: aquellas aves que vienen durante el oto\u00f1o y pasan la temporada de invierno aqu\u00ed. Estas aves vienen desde el centro y norte de Europa a pasar el invierno aqu\u00ed. Como por ejemplo el <a href=\"https:\/\/www.sioc.cat\/fitxa\/ANACLY\">pato cuchar\u00f3n<\/a> , los <a href=\"https:\/\/www.sioc.cat\/fitxa\/STUVUL\">estorninos<\/a> , las <a href=\"https:\/\/www.sioc.cat\/fitxa\/VANVAN\">friolugas<\/a> o el <a href=\"https:\/\/www.sioc.cat\/fitxa\/FRIMON\">pinz\u00f3n meco<\/a> .<\/li>\n<li><strong>Aves de paso:<\/strong> son las aves que no se quedan en nuestro territorio, pero que paran en su paso hacia su destino. Un ejemplo es el <a href=\"https:\/\/www.sioc.cat\/fitxa\/FALVES\">halc\u00f3n cama-rojo,<\/a> el <a href=\"https:\/\/www.sioc.cat\/fitxa\/PHYLUS\">mosquitero de paso<\/a> , el <a href=\"https:\/\/www.sioc.cat\/fitxa\/FALVES\">halc\u00f3n cama-rojo<\/a> , el <a href=\"https:\/\/www.sioc.cat\/fitxa\/PLALEU\">becplaner<\/a> o las <a href=\"https:\/\/www.sioc.cat\/fitxa\/GRUGRU\">gr\u00faas<\/a> , que si tienes suerte puedes ver c\u00f3mo quieren haciendo una caracter\u00edstica formaci\u00f3n en \u00abV\u00bb y o\u00edr sus gritos.<\/li>\n<\/ul>\n<p>[\/et_pb_text][\/et_pb_column][\/et_pb_row][et_pb_row _builder_version=\u00bb4.22.2&#8243; _module_preset=\u00bbdefault\u00bb global_colors_info=\u00bb{}\u00bb][et_pb_column type=\u00bb4_4&#8243; _builder_version=\u00bb4.22.2&#8243; _module_preset=\u00bbdefault\u00bb global_colors_info=\u00bb{}\u00bb][et_pb_text admin_label=\u00bbRECURSOS AUS\u00bb _builder_version=\u00bb4.22.2&#8243; _module_preset=\u00bbdefault\u00bb custom_margin=\u00bb30px||||false|false\u00bb global_colors_info=\u00bb{}\u00bb]<\/p>\n<h3>RECURSOS PARA CONOCER Y CUIDAR DE LAS AVES<\/h3>\n<p>[\/et_pb_text][\/et_pb_column][\/et_pb_row][et_pb_row column_structure=\u00bb2_3,1_3&#8243; _builder_version=\u00bb4.22.2&#8243; _module_preset=\u00bbdefault\u00bb global_colors_info=\u00bb{}\u00bb][et_pb_column type=\u00bb2_3&#8243; _builder_version=\u00bb4.22.2&#8243; _module_preset=\u00bbdefault\u00bb global_colors_info=\u00bb{}\u00bb][et_pb_text admin_label=\u00bb1. 7 APPS IDENTIFICAR OCELLS\u00bb _builder_version=\u00bb4.22.2&#8243; _module_preset=\u00bbdefault\u00bb custom_margin=\u00bb30px||||false|false\u00bb custom_padding=\u00bb||||false|false\u00bb global_colors_info=\u00bb{}\u00bb]<\/p>\n<h3>1. 7 APPS PARA IDENTIFICAR P\u00c1JAROS<\/h3>\n<p>Estas <strong>7 aplicaciones de identificaci\u00f3n de p\u00e1jaros<\/strong> son muy \u00fatiles si te gustan los p\u00e1jaros y tienes ganas de saber m\u00e1s. Cada aplicaci\u00f3n tiene sus caracter\u00edsticas pero todas tienen una bibliograf\u00eda que permite identificar a los p\u00e1jaros de forma bien precisa. <a href=\"https:\/\/cases.fundesplai.org\/es\/blog-es\/animales\/7-apps-para-identificar-aves\/\">Lee toda la entrada aqu\u00ed.<\/a><\/p>\n<p>[\/et_pb_text][\/et_pb_column][et_pb_column type=\u00bb1_3&#8243; _builder_version=\u00bb4.22.2&#8243; _module_preset=\u00bbdefault\u00bb global_colors_info=\u00bb{}\u00bb][et_pb_image src=\u00bbhttps:\/\/escoles.fundesplai.org\/wp-content\/uploads\/2024\/05\/Apps-per-identificar-ocells.jpg\u00bb title_text=\u00bbApps para identificar aves\u00bb url=\u00bbhttps:\/\/cases.fundesplai.org\/es\/blog-es\/animales\/7-apps-para-identificar-aves\/\u00bb align=\u00bbright\u00bb _builder_version=\u00bb4.22.2&#8243; _module_preset=\u00bbdefault\u00bb width=\u00bb60%\u00bb max_width=\u00bb60%\u00bb custom_margin=\u00bb30px||||false|false\u00bb custom_padding=\u00bb|||10px|false|false\u00bb global_colors_info=\u00bb{}\u00bb][\/et_pb_image][\/et_pb_column][\/et_pb_row][et_pb_row column_structure=\u00bb2_3,1_3&#8243; _builder_version=\u00bb4.22.2&#8243; _module_preset=\u00bbdefault\u00bb global_colors_info=\u00bb{}\u00bb][et_pb_column type=\u00bb2_3&#8243; _builder_version=\u00bb4.22.2&#8243; _module_preset=\u00bbdefault\u00bb global_colors_info=\u00bb{}\u00bb][et_pb_text admin_label=\u00bb2. MENJADORES OCELLS\u00bb _builder_version=\u00bb4.22.2&#8243; _module_preset=\u00bbdefault\u00bb custom_margin=\u00bb30px||||false|false\u00bb custom_padding=\u00bb||||false|false\u00bb global_colors_info=\u00bb{}\u00bb]<\/p>\n<h3>2. C\u00d3MO HACER COMEDEROS PARA P\u00c1JAROS<\/h3>\n<p>En esta entrada podr\u00e1s encontrar toda la informaci\u00f3n necesaria para <strong>crear<\/strong> unos <strong>comederos para p\u00e1jaros<\/strong> desde cero. Una buena forma de ayudar a la fauna, sobre todo durante los meses de invierno y aprender m\u00e1s caracter\u00edsticas. <a href=\"https:\/\/cases.fundesplai.org\/blog\/natura\/com-fer-menjadores-per-a-ocells\/\">Lee toda la entrada aqu\u00ed.<\/a><\/p>\n<p>[\/et_pb_text][\/et_pb_column][et_pb_column type=\u00bb1_3&#8243; _builder_version=\u00bb4.22.2&#8243; _module_preset=\u00bbdefault\u00bb global_colors_info=\u00bb{}\u00bb][et_pb_image src=\u00bbhttps:\/\/escoles.fundesplai.org\/wp-content\/uploads\/2024\/05\/Menjadores-ocells.jpg\u00bb title_text=\u00bbComederos p\u00e1jaros\u00bb url=\u00bbhttps:\/\/cases.fundesplai.org\/blog\/natura\/com-fer-menjadores-per-a-ocells\/\u00bb align=\u00bbright\u00bb _builder_version=\u00bb4.22.2&#8243; _module_preset=\u00bbdefault\u00bb width=\u00bb60%\u00bb max_width=\u00bb60%\u00bb custom_margin=\u00bb30px||||false|false\u00bb custom_padding=\u00bb|||10px|false|false\u00bb global_colors_info=\u00bb{}\u00bb][\/et_pb_image][\/et_pb_column][\/et_pb_row][et_pb_row column_structure=\u00bb2_3,1_3&#8243; _builder_version=\u00bb4.22.2&#8243; _module_preset=\u00bbdefault\u00bb global_colors_info=\u00bb{}\u00bb][et_pb_column type=\u00bb2_3&#8243; _builder_version=\u00bb4.22.2&#8243; _module_preset=\u00bbdefault\u00bb global_colors_info=\u00bb{}\u00bb][et_pb_text admin_label=\u00bb3. CAIXES NIU\u00bb _builder_version=\u00bb4.22.2&#8243; _module_preset=\u00bbdefault\u00bb custom_margin=\u00bb30px||||false|false\u00bb custom_padding=\u00bb||||false|false\u00bb global_colors_info=\u00bb{}\u00bb]<\/p>\n<h3>3. C\u00d3MO HACER CAJAS NIDO PARA P\u00c1JAROS<\/h3>\n<p>Si lo que quieres es <strong>crear una caja nido para los p\u00e1jaros<\/strong>, en esta entrada tienes toda la informaci\u00f3n para poder hacerlo. \u00c9stas sirven para facilitar la nidificaci\u00f3n de los p\u00e1jaros, una forma de ayudar a aquellas especies que se encuentran con pocos espacios para mantener a la poblaci\u00f3n. <a href=\"https:\/\/cases.fundesplai.org\/es\/blog-es\/animales\/como-hacer-cajas-nido-para-pajaros\/\">Lee toda la entrada aqu\u00ed<\/a> .<\/p>\n<p>[\/et_pb_text][\/et_pb_column][et_pb_column type=\u00bb1_3&#8243; _builder_version=\u00bb4.22.2&#8243; _module_preset=\u00bbdefault\u00bb global_colors_info=\u00bb{}\u00bb][et_pb_image src=\u00bbhttps:\/\/escoles.fundesplai.org\/wp-content\/uploads\/2024\/05\/Caixes-niu-ocells.jpg\u00bb title_text=\u00bbCajas nido p\u00e1jaros\u00bb url=\u00bbhttps:\/\/cases.fundesplai.org\/es\/blog-es\/animales\/como-hacer-cajas-nido-para-pajaros\/\u00bb align=\u00bbright\u00bb _builder_version=\u00bb4.22.2&#8243; _module_preset=\u00bbdefault\u00bb width=\u00bb60%\u00bb max_width=\u00bb60%\u00bb custom_margin=\u00bb30px||||false|false\u00bb custom_padding=\u00bb|||10px|false|false\u00bb global_colors_info=\u00bb{}\u00bb][\/et_pb_image][\/et_pb_column][\/et_pb_row][et_pb_row _builder_version=\u00bb4.22.2&#8243; _module_preset=\u00bbdefault\u00bb global_colors_info=\u00bb{}\u00bb][et_pb_column type=\u00bb4_4&#8243; _builder_version=\u00bb4.22.2&#8243; _module_preset=\u00bbdefault\u00bb global_colors_info=\u00bb{}\u00bb][et_pb_text admin_label=\u00bb4. JOC DE TAULA SOBRE AUS\u00bb _builder_version=\u00bb4.22.2&#8243; _module_preset=\u00bbdefault\u00bb custom_margin=\u00bb30px||||false|false\u00bb custom_padding=\u00bb|10px|||false|false\u00bb global_colors_info=\u00bb{}\u00bb]<\/p>\n<h3>4. JUEGOS SOBRE LAS AVES<\/h3>\n<p>Otra opci\u00f3n para conocer mejor a las aves y disfrutar es jugando a diferentes tipos de juegos. Te proponemos alg\u00fan juego de mesa y alguno m\u00e1s din\u00e1mico en el que los protagonistas son los p\u00e1jaros. Tenemos una entrada especial sobre <a href=\"https:\/\/cases.fundesplai.org\/es\/blog-es\/naturaleza\/70-juegos-de-mesa-naturalistas\/\">juegos de mesa naturalistas<\/a>, una oportunidad ideal para aprender y disfrutar de la fauna y la flora.<\/p>\n<p>[\/et_pb_text][\/et_pb_column][\/et_pb_row][et_pb_row column_structure=\u00bb3_4,1_4&#8243; _builder_version=\u00bb4.22.2&#8243; _module_preset=\u00bbdefault\u00bb global_colors_info=\u00bb{}\u00bb][et_pb_column type=\u00bb3_4&#8243; _builder_version=\u00bb4.22.2&#8243; _module_preset=\u00bbdefault\u00bb global_colors_info=\u00bb{}\u00bb][et_pb_text admin_label=\u00bbPer qu\u00e8 migren les aus\u00bb _builder_version=\u00bb4.22.2&#8243; _module_preset=\u00bbdefault\u00bb custom_margin=\u00bb30px||||false|false\u00bb custom_padding=\u00bb|10px|||false|false\u00bb global_colors_info=\u00bb{}\u00bb]<\/p>\n<ul>\n<li><strong>\u00bfPor qu\u00e9 migran a las aves?<\/strong>: Este es un juego-din\u00e1mica que pretende que los ni\u00f1os y ni\u00f1as reflexionen sobre los movimientos migratorios a trav\u00e9s de las migraciones de las aves. El grupo se pondr\u00e1 en la piel de p\u00e1jaros que deben migrar de su territorio y tendr\u00e1n que darse cuenta y reflexionar sobre los motivos que les llevan a realizar este movimiento migratorio. Un juego ideal para que los ni\u00f1os, ni\u00f1as y j\u00f3venes reflexionen sobre estos movimientos y c\u00f3mo afectan tambi\u00e9n a las personas. <a href=\"https:\/\/fundesplai.org\/banc-recursos\/recurs\/per-que-migren-les-aus\/\">Consulta toda la din\u00e1mica de la actividad aqu\u00ed<\/a>.<br \/> <strong><i class=\"fas fa-child\"><\/i>Edad:<\/strong> a partir de 7 a\u00f1os<br \/> <strong><i class=\"fas fa-hourglass-end\"><\/i> Duraci\u00f3n<\/strong> : partidas de unos 20-30 minutos<\/li>\n<\/ul>\n<p>[\/et_pb_text][\/et_pb_column][et_pb_column type=\u00bb1_4&#8243; _builder_version=\u00bb4.22.2&#8243; _module_preset=\u00bbdefault\u00bb global_colors_info=\u00bb{}\u00bb][et_pb_image src=\u00bbhttps:\/\/escoles.fundesplai.org\/wp-content\/uploads\/2024\/05\/Per-que-migren-les-aus.jpg\u00bb title_text=\u00bbPorque migran las aves\u00bb align=\u00bbright\u00bb _builder_version=\u00bb4.22.2&#8243; _module_preset=\u00bbdefault\u00bb width=\u00bb60%\u00bb max_width=\u00bb60%\u00bb custom_margin=\u00bb30px||||false|false\u00bb custom_padding=\u00bb||||false|false\u00bb global_colors_info=\u00bb{}\u00bb][\/et_pb_image][\/et_pb_column][\/et_pb_row][et_pb_row column_structure=\u00bb3_4,1_4&#8243; _builder_version=\u00bb4.22.2&#8243; _module_preset=\u00bbdefault\u00bb global_colors_info=\u00bb{}\u00bb][et_pb_column type=\u00bb3_4&#8243; _builder_version=\u00bb4.22.2&#8243; _module_preset=\u00bbdefault\u00bb global_colors_info=\u00bb{}\u00bb][et_pb_text admin_label=\u00bbEl misteri dels gucamais\u00bb _builder_version=\u00bb4.22.2&#8243; _module_preset=\u00bbdefault\u00bb custom_margin=\u00bb30px||||false|false\u00bb custom_padding=\u00bb|10px|||false|false\u00bb global_colors_info=\u00bb{}\u00bb]<\/p>\n<ul>\n<li><strong>El misterio de los guacamayos<\/strong> : Te presentamos una din\u00e1mica pensada para hacer con los ni\u00f1os\/as un poco m\u00e1s grandes y los j\u00f3venes. En este caso se centra en la especie de los guacamayos, un p\u00e1jaro que est\u00e1 en peligro de extinci\u00f3n. Se trata de un juego de rol en el que los y las j\u00f3venes tendr\u00e1n que ponerse en la piel de las personas involucradas en el tr\u00e1fico de animales, y los culpables de que esta especie est\u00e9 en peligro. <a href=\"https:\/\/fundesplai.org\/banc-recursos\/recurs\/el-misteri-dels-guacamais\/\">Consulta toda la din\u00e1mica de la actividad aqu\u00ed<\/a> .<br \/> <strong><i class=\"fas fa-child\"><\/i>Edad:<\/strong> a partir de 7 a\u00f1os<br \/> <strong><i class=\"fas fa-hourglass-end\"><\/i> Duraci\u00f3n<\/strong> : partidas de unos 60 minutos<\/li>\n<\/ul>\n<p>[\/et_pb_text][\/et_pb_column][et_pb_column type=\u00bb1_4&#8243; _builder_version=\u00bb4.22.2&#8243; _module_preset=\u00bbdefault\u00bb global_colors_info=\u00bb{}\u00bb][et_pb_image src=\u00bbhttps:\/\/escoles.fundesplai.org\/wp-content\/uploads\/2024\/05\/Guacamais.jpg\u00bb title_text=\u00bbGuacamais\u00bb align=\u00bbright\u00bb _builder_version=\u00bb4.22.2&#8243; _module_preset=\u00bbdefault\u00bb width=\u00bb60%\u00bb max_width=\u00bb60%\u00bb custom_margin=\u00bb30px||||false|false\u00bb custom_padding=\u00bb||||false|false\u00bb global_colors_info=\u00bb{}\u00bb][\/et_pb_image][\/et_pb_column][\/et_pb_row][et_pb_row column_structure=\u00bb3_4,1_4&#8243; _builder_version=\u00bb4.22.2&#8243; _module_preset=\u00bbdefault\u00bb global_colors_info=\u00bb{}\u00bb][et_pb_column type=\u00bb3_4&#8243; _builder_version=\u00bb4.22.2&#8243; _module_preset=\u00bbdefault\u00bb global_colors_info=\u00bb{}\u00bb][et_pb_text admin_label=\u00bbWingspan\u00bb _builder_version=\u00bb4.22.2&#8243; _module_preset=\u00bbdefault\u00bb custom_margin=\u00bb30px||||false|false\u00bb custom_padding=\u00bb|10px|||false|false\u00bb global_colors_info=\u00bb{}\u00bb]<\/p>\n<ul>\n<li><strong>Wingspan<\/strong> : juego de mesa en el que el objetivo es conseguir la mayor colecci\u00f3n de aves. Unas preciosas ilustraciones para disfrutar de las aves. Adem\u00e1s existen varias extensiones para conocer a\u00fan m\u00e1s especies.<br \/> <strong><i class=\"fas fa-users\"><\/i> Participantes<\/strong> : de 1 a 5<br \/>  <strong><i class=\"fas fa-child\"><\/i> Edad<\/strong> : a partir de 10 a\u00f1os<br \/> <strong><i class=\"fas fa-hourglass-end\"><\/i> Duraci\u00f3n<\/strong> : partidas de entre 40 \u2013 75 minutos<\/li>\n<\/ul>\n<p>[\/et_pb_text][\/et_pb_column][et_pb_column type=\u00bb1_4&#8243; _builder_version=\u00bb4.22.2&#8243; _module_preset=\u00bbdefault\u00bb global_colors_info=\u00bb{}\u00bb][et_pb_image src=\u00bbhttps:\/\/escoles.fundesplai.org\/wp-content\/uploads\/2023\/12\/Wingspan.jpg\u00bb title_text=\u00bbWingspan\u00bb align=\u00bbright\u00bb _builder_version=\u00bb4.22.2&#8243; _module_preset=\u00bbdefault\u00bb width=\u00bb60%\u00bb max_width=\u00bb60%\u00bb custom_margin=\u00bb30px||||false|false\u00bb custom_padding=\u00bb||||false|false\u00bb global_colors_info=\u00bb{}\u00bb][\/et_pb_image][\/et_pb_column][\/et_pb_row][et_pb_row column_structure=\u00bb3_4,1_4&#8243; _builder_version=\u00bb4.22.2&#8243; _module_preset=\u00bbdefault\u00bb global_colors_info=\u00bb{}\u00bb][et_pb_column type=\u00bb3_4&#8243; _builder_version=\u00bb4.22.2&#8243; _module_preset=\u00bbdefault\u00bb global_colors_info=\u00bb{}\u00bb][et_pb_text admin_label=\u00bbAparella les aus\u00bb _builder_version=\u00bb4.22.2&#8243; _module_preset=\u00bbdefault\u00bb custom_margin=\u00bb30px||||false|false\u00bb custom_padding=\u00bb|10px|||false|false\u00bb global_colors_info=\u00bb{}\u00bb]<\/p>\n<ul>\n<li><strong>Empareja las aves:<\/strong> Se trata de un juego de cartas tipo memory en el que hay que encontrar a la pareja macho y hembra que conforman una especie de ave.<br \/>  <strong><i class=\"fas fa-users\"><\/i>Participantes<\/strong> : de 2 a 6<br \/> <strong><i class=\"fas fa-child\"><\/i> Edad<\/strong>: a partir de 5 a\u00f1os<br \/> <strong><i class=\"fas fa-hourglass-end\"><\/i> Duraci\u00f3n<\/strong>: partidas de 10 minutos<\/li>\n<\/ul>\n<p>[\/et_pb_text][\/et_pb_column][et_pb_column type=\u00bb1_4&#8243; _builder_version=\u00bb4.22.2&#8243; _module_preset=\u00bbdefault\u00bb global_colors_info=\u00bb{}\u00bb][et_pb_image src=\u00bbhttps:\/\/escoles.fundesplai.org\/wp-content\/uploads\/2024\/05\/Aparella-les-aus.jpg\u00bb title_text=\u00bbEmpareja a las aves\u00bb align=\u00bbright\u00bb _builder_version=\u00bb4.22.2&#8243; _module_preset=\u00bbdefault\u00bb width=\u00bb60%\u00bb max_width=\u00bb60%\u00bb custom_margin=\u00bb30px||||false|false\u00bb custom_padding=\u00bb||||false|false\u00bb global_colors_info=\u00bb{}\u00bb][\/et_pb_image][\/et_pb_column][\/et_pb_row][et_pb_row column_structure=\u00bb3_4,1_4&#8243; _builder_version=\u00bb4.22.2&#8243; _module_preset=\u00bbdefault\u00bb global_colors_info=\u00bb{}\u00bb][et_pb_column type=\u00bb3_4&#8243; _builder_version=\u00bb4.22.2&#8243; _module_preset=\u00bbdefault\u00bb global_colors_info=\u00bb{}\u00bb][et_pb_text admin_label=\u00bbBioblitz\u00bb _builder_version=\u00bb4.22.2&#8243; _module_preset=\u00bbdefault\u00bb custom_margin=\u00bb30px||||false|false\u00bb custom_padding=\u00bb|10px|||false|false\u00bb global_colors_info=\u00bb{}\u00bb]<\/p>\n<ul>\n<li><strong>Bioblitz Delta del Ebro<\/strong> : Es un juego de cartas que permite conocer las especies t\u00edpicas del Delta del Ebro. El Delta del Ebro es un territorio en el que aves migratorias hacen parada como son por ejemplo los flamencos.<br \/>\n <strong><i class=\"fas fa-users\"><\/i> Participantes<\/strong>: de 2 a 5<br \/>\n  <strong><i class=\"fas fa-child\"><\/i> Edad<\/strong> : a partir de 6 a\u00f1os<br \/>\n <strong><i class=\"fas fa-hourglass-end\"><\/i> Duraci\u00f3n<\/strong> : partidas de 15 \u2013 20 minutos<\/li>\n<\/ul>\n<p>[\/et_pb_text][\/et_pb_column][et_pb_column type=\u00bb1_4&#8243; _builder_version=\u00bb4.22.2&#8243; _module_preset=\u00bbdefault\u00bb global_colors_info=\u00bb{}\u00bb][et_pb_image src=\u00bbhttps:\/\/escoles.fundesplai.org\/wp-content\/uploads\/2023\/12\/Biolbits.jpg\u00bb title_text=\u00bbBiolbits\u00bb align=\u00bbright\u00bb _builder_version=\u00bb4.22.2&#8243; _module_preset=\u00bbdefault\u00bb width=\u00bb60%\u00bb max_width=\u00bb60%\u00bb custom_margin=\u00bb30px||||false|false\u00bb custom_padding=\u00bb||||false|false\u00bb global_colors_info=\u00bb{}\u00bb][\/et_pb_image][\/et_pb_column][\/et_pb_row][et_pb_row column_structure=\u00bb3_4,1_4&#8243; _builder_version=\u00bb4.22.2&#8243; _module_preset=\u00bbdefault\u00bb global_colors_info=\u00bb{}\u00bb][et_pb_column type=\u00bb3_4&#8243; _builder_version=\u00bb4.22.2&#8243; _module_preset=\u00bbdefault\u00bb global_colors_info=\u00bb{}\u00bb][et_pb_text admin_label=\u00bbRapinyaire\u00bb _builder_version=\u00bb4.22.2&#8243; _module_preset=\u00bbdefault\u00bb custom_margin=\u00bb30px||||false|false\u00bb custom_padding=\u00bb|10px|||false|false\u00bb global_colors_info=\u00bb{}\u00bb]<\/p>\n<ul>\n<li><strong>Rapaces:<\/strong> este juego de mesa es en formato cartas centra su din\u00e1mica en conocer las especies de aves rapaces que hay en nuestro territorio, un total de 36 especies diurnas y nocturnas.<br \/>\n <strong> <i class=\"fas fa-users\"><\/i>Participantes<\/strong> : de 2 a 6<br \/>\n <strong><i class=\"fas fa-child\"><\/i>Edad:<\/strong> a partir de 7 a\u00f1os<br \/>\n <strong><i class=\"fas fa-hourglass-end\"><\/i>Duraci\u00f3n<\/strong> : partidas de 10 \u2013 20 minutos<\/strong><\/li>\n<\/ul>\n<p>[\/et_pb_text][\/et_pb_column][et_pb_column type=\u00bb1_4&#8243; _builder_version=\u00bb4.22.2&#8243; _module_preset=\u00bbdefault\u00bb global_colors_info=\u00bb{}\u00bb][et_pb_image src=\u00bbhttps:\/\/escoles.fundesplai.org\/wp-content\/uploads\/2023\/12\/Rapinyaires.jpg\u00bb title_text=\u00bbRapaces\u00bb align=\u00bbright\u00bb _builder_version=\u00bb4.22.2&#8243; _module_preset=\u00bbdefault\u00bb width=\u00bb60%\u00bb max_width=\u00bb60%\u00bb custom_margin=\u00bb30px||||false|false\u00bb custom_padding=\u00bb||||false|false\u00bb global_colors_info=\u00bb{}\u00bb][\/et_pb_image][\/et_pb_column][\/et_pb_row][et_pb_row column_structure=\u00bb3_4,1_4&#8243; _builder_version=\u00bb4.22.2&#8243; _module_preset=\u00bbdefault\u00bb global_colors_info=\u00bb{}\u00bb][et_pb_column type=\u00bb3_4&#8243; _builder_version=\u00bb4.22.2&#8243; _module_preset=\u00bbdefault\u00bb global_colors_info=\u00bb{}\u00bb][et_pb_text admin_label=\u00bbDesaf\u00edos naturaleza\u00bb _builder_version=\u00bb4.22.2&#8243; _module_preset=\u00bbdefault\u00bb custom_margin=\u00bb30px||||false|false\u00bb custom_padding=\u00bb|10px|||false|false\u00bb global_colors_info=\u00bb{}\u00bb]<\/p>\n<ul>\n<li><strong>Desaf\u00edos naturaleza: aves<\/strong> : dentro de la colecci\u00f3n de juegos \u00abdesaf\u00edos naturaleza\u00bb, encontramos un centro en las aves. Juego pensado a partir de los 7 a\u00f1os que incluye cartas con las caracter\u00edsticas de 37 aves distintas. Un juego ideal para aprender y disfrutar.<br \/>  <strong><i class=\"fas fa-users\"><\/i>Participantes<\/strong> : de 2 a 6<br \/> <strong><i class=\"fas fa-child\"><\/i>Edad:<\/strong> a partir de 7 a\u00f1os<br \/>  <strong><i class=\"fas fa-hourglass-end\"><\/i>Duraci\u00f3n<\/strong> : partidas de unos 20 minutos<\/li>\n<\/ul>\n<p>[\/et_pb_text][\/et_pb_column][et_pb_column type=\u00bb1_4&#8243; _builder_version=\u00bb4.22.2&#8243; _module_preset=\u00bbdefault\u00bb global_colors_info=\u00bb{}\u00bb][et_pb_image src=\u00bbhttps:\/\/escoles.fundesplai.org\/wp-content\/uploads\/2024\/04\/Desafios-naturalezaaves.jpg\u00bb title_text=\u00bbDesaf\u00edos naturalezaaves\u00bb align=\u00bbright\u00bb _builder_version=\u00bb4.22.2&#8243; _module_preset=\u00bbdefault\u00bb width=\u00bb60%\u00bb max_width=\u00bb60%\u00bb custom_margin=\u00bb30px||||false|false\u00bb custom_padding=\u00bb||||false|false\u00bb global_colors_info=\u00bb{}\u00bb][\/et_pb_image][\/et_pb_column][\/et_pb_row][et_pb_row column_structure=\u00bb3_4,1_4&#8243; _builder_version=\u00bb4.22.2&#8243; _module_preset=\u00bbdefault\u00bb global_colors_info=\u00bb{}\u00bb][et_pb_column type=\u00bb3_4&#8243; _builder_version=\u00bb4.22.2&#8243; _module_preset=\u00bbdefault\u00bb global_colors_info=\u00bb{}\u00bb][et_pb_text admin_label=\u00bbJoc de mem\u00f2ria dels ocells de catalunya\u00bb _builder_version=\u00bb4.22.2&#8243; _module_preset=\u00bbdefault\u00bb custom_margin=\u00bb30px||||false|false\u00bb custom_padding=\u00bb|10px|||false|false\u00bb global_colors_info=\u00bb{}\u00bb]<\/p>\n<ul>\n<li><strong>Juego de memoria de los p\u00e1jaros de Catalu\u00f1a<\/strong>: se trata de un juego al estilo \u00abmemory\u00bb sobre 30 especies de aves de nuestro territorio. Tiene incluido un librito con la informaci\u00f3n de todas las especies y tambi\u00e9n su ilustraci\u00f3n correspondiente.<br \/>  <strong><i class=\"fas fa-users\"><\/i>Participantes<\/strong> : de 2 a 6<br \/> <strong><i class=\"fas fa-child\"><\/i> Edad<\/strong> : a partir de 2 a\u00f1os<br \/> <strong><i class=\"fas fa-hourglass-end\"><\/i>Duraci\u00f3n<\/strong> : partidas de unos 10 minutos<\/li>\n<\/ul>\n<p>[\/et_pb_text][\/et_pb_column][et_pb_column type=\u00bb1_4&#8243; _builder_version=\u00bb4.22.2&#8243; _module_preset=\u00bbdefault\u00bb global_colors_info=\u00bb{}\u00bb][et_pb_image src=\u00bbhttps:\/\/escoles.fundesplai.org\/wp-content\/uploads\/2024\/05\/Joc-de-memoria-dels-ocells-de-catalunya.jpg\u00bb title_text=\u00bbJuego de memoria de los p\u00e1jaros de catalu\u00f1a\u00bb align=\u00bbright\u00bb _builder_version=\u00bb4.22.2&#8243; _module_preset=\u00bbdefault\u00bb width=\u00bb60%\u00bb max_width=\u00bb60%\u00bb custom_margin=\u00bb30px||||false|false\u00bb custom_padding=\u00bb||||false|false\u00bb global_colors_info=\u00bb{}\u00bb][\/et_pb_image][\/et_pb_column][\/et_pb_row][et_pb_row _builder_version=\u00bb4.22.2&#8243; _module_preset=\u00bbdefault\u00bb global_colors_info=\u00bb{}\u00bb][et_pb_column type=\u00bb4_4&#8243; _builder_version=\u00bb4.22.2&#8243; _module_preset=\u00bbdefault\u00bb global_colors_info=\u00bb{}\u00bb][et_pb_text admin_label=\u00bb5. CONTES SOBRE AUS\u00bb _builder_version=\u00bb4.22.2&#8243; _module_preset=\u00bbdefault\u00bb custom_margin=\u00bb30px||||false|false\u00bb custom_padding=\u00bb|10px|||false|false\u00bb global_colors_info=\u00bb{}\u00bb]<\/p>\n<h3>5. CUENTOS Y LIBROS SOBRE AVES<\/h3>\n<p>Ya sab\u00e9is que nos encanta recomendaros cuentos y libros, y en este caso queremos mostrarte algunos t\u00edtulos que te pueden interesar y que centran su tem\u00e1tica en las aves.<\/p>\n<p>[\/et_pb_text][\/et_pb_column][\/et_pb_row][et_pb_row column_structure=\u00bb3_4,1_4&#8243; _builder_version=\u00bb4.22.2&#8243; _module_preset=\u00bbdefault\u00bb global_colors_info=\u00bb{}\u00bb][et_pb_column type=\u00bb3_4&#8243; _builder_version=\u00bb4.22.2&#8243; _module_preset=\u00bbdefault\u00bb global_colors_info=\u00bb{}\u00bb][et_pb_text admin_label=\u00bbEn calvin no sap volar\u00bb _builder_version=\u00bb4.22.2&#8243; _module_preset=\u00bbdefault\u00bb custom_margin=\u00bb30px||||false|false\u00bb custom_padding=\u00bb|10px|||false|false\u00bb global_colors_info=\u00bb{}\u00bb]<\/p>\n<ul>\n<li><strong>Calvin no sabe volar:<\/strong> Calvin es un estornino, que a diferencia de todos sus compa\u00f1eros y compa\u00f1eras, no le interesa volar ni los gusanos, sino los libros. \u00bfPero c\u00f3mo lo har\u00e1 cuando llegue el momento de migrar y tenga que emprender el vuelo?<br \/><strong>Edad<\/strong> : 5 a\u00f1os<br \/><strong>Editorial<\/strong>: Takatuka<br \/><strong>Autor\/a<\/strong> : Jennifer Berne<\/li>\n<\/ul>\n<p>[\/et_pb_text][\/et_pb_column][et_pb_column type=\u00bb1_4&#8243; _builder_version=\u00bb4.22.2&#8243; _module_preset=\u00bbdefault\u00bb global_colors_info=\u00bb{}\u00bb][et_pb_image src=\u00bbhttps:\/\/escoles.fundesplai.org\/wp-content\/uploads\/2024\/04\/En-Calnvi-no-sap-volar.jpg\u00bb title_text=\u00bbCalnvi no sabe volar\u00bb align=\u00bbright\u00bb _builder_version=\u00bb4.22.2&#8243; _module_preset=\u00bbdefault\u00bb width=\u00bb60%\u00bb max_width=\u00bb60%\u00bb custom_margin=\u00bb30px||||false|false\u00bb custom_padding=\u00bb||||false|false\u00bb global_colors_info=\u00bb{}\u00bb][\/et_pb_image][\/et_pb_column][\/et_pb_row][et_pb_row column_structure=\u00bb3_4,1_4&#8243; _builder_version=\u00bb4.22.2&#8243; _module_preset=\u00bbdefault\u00bb global_colors_info=\u00bb{}\u00bb][et_pb_column type=\u00bb3_4&#8243; _builder_version=\u00bb4.22.2&#8243; _module_preset=\u00bbdefault\u00bb global_colors_info=\u00bb{}\u00bb][et_pb_text admin_label=\u00bbEl lle\u00f3 i l&#8217;ocell\u00bb _builder_version=\u00bb4.22.2&#8243; _module_preset=\u00bbdefault\u00bb custom_margin=\u00bb30px||||false|false\u00bb custom_padding=\u00bb|10px|||false|false\u00bb global_colors_info=\u00bb{}\u00bb]<\/p>\n<ul>\n<li><strong>El le\u00f3n y el p\u00e1jaro:<\/strong> Un le\u00f3n acoge a un p\u00e1jaro herido y lo cuida durante todo el invierno, tiempo en que el p\u00e1jaro se recupera y va creciendo. Surge una gran amistad, y sin embargo, saben que el p\u00e1jaro en primavera debe reanudar el vuelo con el resto de p\u00e1jaros.<br \/><strong>Edad<\/strong> : 5 a\u00f1os<br \/><strong>Editorial<\/strong>: Tramuntana<br \/><strong>Autor\/a<\/strong> : Marianne Dubuc<\/li>\n<\/ul>\n<p>[\/et_pb_text][\/et_pb_column][et_pb_column type=\u00bb1_4&#8243; _builder_version=\u00bb4.22.2&#8243; _module_preset=\u00bbdefault\u00bb global_colors_info=\u00bb{}\u00bb][et_pb_image src=\u00bbhttps:\/\/escoles.fundesplai.org\/wp-content\/uploads\/2024\/04\/El-lleo-i-locell.jpg\u00bb title_text=\u00bbEl le\u00f3n y el p\u00e1jaro\u00bb align=\u00bbright\u00bb _builder_version=\u00bb4.22.2&#8243; _module_preset=\u00bbdefault\u00bb width=\u00bb60%\u00bb max_width=\u00bb60%\u00bb custom_margin=\u00bb30px||||false|false\u00bb custom_padding=\u00bb||||false|false\u00bb global_colors_info=\u00bb{}\u00bb][\/et_pb_image][\/et_pb_column][\/et_pb_row][et_pb_row column_structure=\u00bb3_4,1_4&#8243; _builder_version=\u00bb4.22.2&#8243; _module_preset=\u00bbdefault\u00bb global_colors_info=\u00bb{}\u00bb][et_pb_column type=\u00bb3_4&#8243; _builder_version=\u00bb4.22.2&#8243; _module_preset=\u00bbdefault\u00bb global_colors_info=\u00bb{}\u00bb][et_pb_text admin_label=\u00bbOcelletes, ocells i ocellots\u00bb _builder_version=\u00bb4.22.2&#8243; _module_preset=\u00bbdefault\u00bb custom_margin=\u00bb30px||||false|false\u00bb custom_padding=\u00bb|10px|||false|false\u00bb global_colors_info=\u00bb{}\u00bb]<\/p>\n<ul>\n<li><strong>Pajaritos, p\u00e1jaros y pajaritos:<\/strong> Un \u00e1lbum que incluye 50 ilustraciones de aves acompa\u00f1adas de poemas e informaci\u00f3n sobre cada especie. Un bonito libro que adentrar\u00e1 a los m\u00e1s peque\u00f1os y peque\u00f1as en el mundo de los p\u00e1jaros<br \/><strong>Edad<\/strong> : 5 a\u00f1os<br \/><strong>Editorial<\/strong> : El Cep i la Nansa<br \/><strong>Autor\/a<\/strong> : Lola Casas<\/li>\n<\/ul>\n<p>[\/et_pb_text][\/et_pb_column][et_pb_column type=\u00bb1_4&#8243; _builder_version=\u00bb4.22.2&#8243; _module_preset=\u00bbdefault\u00bb global_colors_info=\u00bb{}\u00bb][et_pb_image src=\u00bbhttps:\/\/escoles.fundesplai.org\/wp-content\/uploads\/2024\/04\/Ocellets-ocells-i-ocellots.jpg\u00bb title_text=\u00bbPajaritos, p\u00e1jaros y pajaritos\u00bb align=\u00bbright\u00bb _builder_version=\u00bb4.22.2&#8243; _module_preset=\u00bbdefault\u00bb width=\u00bb60%\u00bb max_width=\u00bb60%\u00bb custom_margin=\u00bb30px||||false|false\u00bb custom_padding=\u00bb||||false|false\u00bb global_colors_info=\u00bb{}\u00bb][\/et_pb_image][\/et_pb_column][\/et_pb_row][et_pb_row column_structure=\u00bb3_4,1_4&#8243; _builder_version=\u00bb4.22.2&#8243; _module_preset=\u00bbdefault\u00bb global_colors_info=\u00bb{}\u00bb][et_pb_column type=\u00bb3_4&#8243; _builder_version=\u00bb4.22.2&#8243; _module_preset=\u00bbdefault\u00bb global_colors_info=\u00bb{}\u00bb][et_pb_text admin_label=\u00bbInventari dels ocells\u00bb _builder_version=\u00bb4.22.2&#8243; _module_preset=\u00bbdefault\u00bb custom_margin=\u00bb30px||||false|false\u00bb custom_padding=\u00bb|10px|||false|false\u00bb global_colors_info=\u00bb{}\u00bb]<\/p>\n<ul>\n<li><strong>Inventario de los p\u00e1jaros:<\/strong> Nos encontramos con un \u00e1lbum ilustrado que incluye unas ochenta especies de aves. Podremos encontrar informaci\u00f3n de su plumaje, morfolog\u00eda, alimentaci\u00f3n, h\u00e1bitos&#8230; Ideal para ampliar nuestros conocimientos.<br \/><strong>Edad<\/strong> : 6 a\u00f1os<br \/><strong>Editorial<\/strong>: Kalandraka<br \/><strong>Autor\/a<\/strong> : Virgine Aladjidi, Emmanuelle Tchoukriel<\/li>\n<\/ul>\n<p>[\/et_pb_text][\/et_pb_column][et_pb_column type=\u00bb1_4&#8243; _builder_version=\u00bb4.22.2&#8243; _module_preset=\u00bbdefault\u00bb global_colors_info=\u00bb{}\u00bb][et_pb_image src=\u00bbhttps:\/\/escoles.fundesplai.org\/wp-content\/uploads\/2024\/04\/Inventari-dels-ocells.jpg\u00bb title_text=\u00bbInventario de los p\u00e1jaros\u00bb align=\u00bbright\u00bb _builder_version=\u00bb4.22.2&#8243; _module_preset=\u00bbdefault\u00bb width=\u00bb60%\u00bb max_width=\u00bb60%\u00bb custom_margin=\u00bb30px||||false|false\u00bb custom_padding=\u00bb||||false|false\u00bb global_colors_info=\u00bb{}\u00bb][\/et_pb_image][\/et_pb_column][\/et_pb_row][et_pb_row column_structure=\u00bb3_4,1_4&#8243; _builder_version=\u00bb4.22.2&#8243; _module_preset=\u00bbdefault\u00bb global_colors_info=\u00bb{}\u00bb][et_pb_column type=\u00bb3_4&#8243; _builder_version=\u00bb4.22.2&#8243; _module_preset=\u00bbdefault\u00bb global_colors_info=\u00bb{}\u00bb][et_pb_text admin_label=\u00bbEl gran llibre dels ocells\u00bb _builder_version=\u00bb4.22.2&#8243; _module_preset=\u00bbdefault\u00bb custom_margin=\u00bb30px||||false|false\u00bb custom_padding=\u00bb|10px|||false|false\u00bb global_colors_info=\u00bb{}\u00bb]<\/p>\n<ul>\n<li><strong>El gran libro de los p\u00e1jaros:<\/strong> Este es un \u00e1lbum que permitir\u00e1 descubrir caracter\u00edsticas curiosas de los p\u00e1jaros, como por qu\u00e9 son rosas los flamencos o si los loros hablan. Mucha informaci\u00f3n en formato ilustrado y con actividades did\u00e1cticas.<br \/><strong>Edad<\/strong> : 5 a\u00f1os<br \/><strong>Editorial<\/strong> : Juventud<br \/><strong>Autor\/a<\/strong> : Yuval Zommer<\/li>\n<\/ul>\n<p>[\/et_pb_text][\/et_pb_column][et_pb_column type=\u00bb1_4&#8243; _builder_version=\u00bb4.22.2&#8243; _module_preset=\u00bbdefault\u00bb global_colors_info=\u00bb{}\u00bb][et_pb_image src=\u00bbhttps:\/\/escoles.fundesplai.org\/wp-content\/uploads\/2024\/04\/El-gran-llibre-dels-ocells.jpg\u00bb title_text=\u00bbEl gran libro de los p\u00e1jaros\u00bb align=\u00bbright\u00bb _builder_version=\u00bb4.22.2&#8243; _module_preset=\u00bbdefault\u00bb width=\u00bb60%\u00bb max_width=\u00bb60%\u00bb custom_margin=\u00bb30px||||false|false\u00bb custom_padding=\u00bb||||false|false\u00bb global_colors_info=\u00bb{}\u00bb][\/et_pb_image][\/et_pb_column][\/et_pb_row][et_pb_row column_structure=\u00bb3_4,1_4&#8243; _builder_version=\u00bb4.22.2&#8243; _module_preset=\u00bbdefault\u00bb global_colors_info=\u00bb{}\u00bb][et_pb_column type=\u00bb3_4&#8243; _builder_version=\u00bb4.22.2&#8243; _module_preset=\u00bbdefault\u00bb global_colors_info=\u00bb{}\u00bb][et_pb_text admin_label=\u00bb7. Pelis i documentals\u00bb _builder_version=\u00bb4.22.2&#8243; _module_preset=\u00bbdefault\u00bb custom_margin=\u00bb30px||||false|false\u00bb custom_padding=\u00bb|10px|||false|false\u00bb global_colors_info=\u00bb{}\u00bb]<\/p>\n<ul>\n<li><strong>Aus migratorias, 11 magn\u00edficas especies:<\/strong> En este \u00e1lbum encontraremos mucha informaci\u00f3n sobre 11 aves migratorias. Podremos conocer los recorridos que hacen, sus caracter\u00edsticas, qu\u00e9 comen&#8230;<br \/><strong>Edad<\/strong> : 7 a\u00f1os<br \/><strong>Editorial<\/strong> : Adriana Hidalgo. P\u00edpala<br \/><strong>Autor\/a<\/strong> : P\u00eda Floria, Marina Haller<\/li>\n<\/ul>\n<p>[\/et_pb_text][\/et_pb_column][et_pb_column type=\u00bb1_4&#8243; _builder_version=\u00bb4.22.2&#8243; _module_preset=\u00bbdefault\u00bb global_colors_info=\u00bb{}\u00bb][et_pb_image src=\u00bbhttps:\/\/escoles.fundesplai.org\/wp-content\/uploads\/2024\/04\/Aves-migratorias-11-magnificas-especies.jpg\u00bb title_text=\u00bbAves migratorias 11 magnificas especies\u00bb align=\u00bbright\u00bb _builder_version=\u00bb4.22.2&#8243; _module_preset=\u00bbdefault\u00bb width=\u00bb60%\u00bb max_width=\u00bb60%\u00bb custom_margin=\u00bb30px||||false|false\u00bb custom_padding=\u00bb||||false|false\u00bb global_colors_info=\u00bb{}\u00bb][\/et_pb_image][\/et_pb_column][\/et_pb_row][et_pb_row column_structure=\u00bb3_4,1_4&#8243; _builder_version=\u00bb4.22.2&#8243; _module_preset=\u00bbdefault\u00bb global_colors_info=\u00bb{}\u00bb][et_pb_column type=\u00bb3_4&#8243; _builder_version=\u00bb4.22.2&#8243; _module_preset=\u00bbdefault\u00bb global_colors_info=\u00bb{}\u00bb][et_pb_text admin_label=\u00bbEl vuelo infinito\u00bb _builder_version=\u00bb4.22.2&#8243; _module_preset=\u00bbdefault\u00bb custom_margin=\u00bb30px||||false|false\u00bb custom_padding=\u00bb|10px|||false|false\u00bb global_colors_info=\u00bb{}\u00bb]<\/p>\n<ul>\n<li><strong>El vuelo infinito:<\/strong> Un libro que nos muestra en formato po\u00e9tico y de met\u00e1fora de la vida, el viaje que realizan las aves migratorias. El invierno se acerca y deben buscar comida en la otra punta del mundo para poder sobrevivir y as\u00ed comienza su viaje.<br \/><strong>Edad<\/strong> : 10 a\u00f1os<br \/><strong>Editorial<\/strong>: Kalandraka<br \/><strong>Autor\/a<\/strong> : Fran Pintadera<\/li>\n<\/ul>\n<p>[\/et_pb_text][\/et_pb_column][et_pb_column type=\u00bb1_4&#8243; _builder_version=\u00bb4.22.2&#8243; _module_preset=\u00bbdefault\u00bb global_colors_info=\u00bb{}\u00bb][et_pb_image src=\u00bbhttps:\/\/escoles.fundesplai.org\/wp-content\/uploads\/2024\/04\/El-vuelo-infinito.jpg\u00bb title_text=\u00bbEl vuelo infinito\u00bb align=\u00bbright\u00bb _builder_version=\u00bb4.22.2&#8243; _module_preset=\u00bbdefault\u00bb width=\u00bb60%\u00bb max_width=\u00bb60%\u00bb custom_margin=\u00bb30px||||false|false\u00bb custom_padding=\u00bb||||false|false\u00bb global_colors_info=\u00bb{}\u00bb][\/et_pb_image][\/et_pb_column][\/et_pb_row][et_pb_row _builder_version=\u00bb4.22.2&#8243; _module_preset=\u00bbdefault\u00bb global_colors_info=\u00bb{}\u00bb][et_pb_column type=\u00bb4_4&#8243; _builder_version=\u00bb4.22.2&#8243; _module_preset=\u00bbdefault\u00bb global_colors_info=\u00bb{}\u00bb][et_pb_text admin_label=\u00bb6. Programa Tocats de l&#8217;ala\u00bb _builder_version=\u00bb4.22.2&#8243; _module_preset=\u00bbdefault\u00bb custom_margin=\u00bb30px||||false|false\u00bb global_colors_info=\u00bb{}\u00bb]<\/p>\n<h3>6. PROGRAMA \u00abTOCATS DE L&#8217;ALA\u00bb<\/h3>\n<p>Te recomendamos que mires los diferentes cap\u00edtulos del programa divulgativo \u00bb <a href=\"https:\/\/www.ccma.cat\/3cat\/tocats-de-lala\/\">Tocats de l&#8217;ala<\/a> \u00ab, un programa que se puede encontrar en la <a href=\"https:\/\/www.ccma.cat\/3cat\/tocats-de-lala\/\">plataforma 3Cat<\/a> . Consta de <strong>13 cap\u00edtulos que hablan de diferentes tipos de aves<\/strong> , sus caracter\u00edsticas, los espacios donde habitan etc. Un programa muy interesante para aprender m\u00e1s caracter\u00edsticas de las aves que nos rodean.<\/p>\n<p>[\/et_pb_text][\/et_pb_column][\/et_pb_row][et_pb_row _builder_version=\u00bb4.22.2&#8243; _module_preset=\u00bbdefault\u00bb global_colors_info=\u00bb{}\u00bb][et_pb_column type=\u00bb4_4&#8243; _builder_version=\u00bb4.22.2&#8243; _module_preset=\u00bbdefault\u00bb global_colors_info=\u00bb{}\u00bb][et_pb_text admin_label=\u00bb7. Peli: Migraci\u00f3n un viaje patas arriba\u00bb _builder_version=\u00bb4.22.2&#8243; _module_preset=\u00bbdefault\u00bb custom_margin=\u00bb30px||||false|false\u00bb global_colors_info=\u00bb{}\u00bb]<\/p>\n<h3>7. PEL\u00cdCULAS-DOCUMENTALES<\/h3>\n<p>Otro recurso interesante para que los ni\u00f1os y ni\u00f1as aprendan nuevos conocimientos son las pel\u00edculas y los documentales. Es interesante encontrar aquellos recursos audiovisuales que desde un punto de vista educativo y de valores sea adecuado para transmitir lo que nos interesa. A continuaci\u00f3n te presentamos unas pel\u00edculas-documentales que recomendamos a partir de 12 a\u00f1os. Hay otros documentales que tambi\u00e9n son muy interesantes pero que no est\u00e1n disponibles en las plataformas de nuestro territorio, como son: <a href=\"https:\/\/www.youtube.com\/watch?v=ZXfo2csq7F4\">Flyways<\/a> o <a href=\"https:\/\/www.youtube.com\/watch?v=LCEIbC5JEY0\">El emperador<\/a> .<\/p>\n<p>[\/et_pb_text][\/et_pb_column][\/et_pb_row][et_pb_row column_structure=\u00bb3_4,1_4&#8243; _builder_version=\u00bb4.22.2&#8243; _module_preset=\u00bbdefault\u00bb global_colors_info=\u00bb{}\u00bb][et_pb_column type=\u00bb3_4&#8243; _builder_version=\u00bb4.22.2&#8243; _module_preset=\u00bbdefault\u00bb global_colors_info=\u00bb{}\u00bb][et_pb_text admin_label=\u00bbN\u00f3madas del viento\u00bb _builder_version=\u00bb4.22.2&#8243; _module_preset=\u00bbdefault\u00bb custom_margin=\u00bb30px||||false|false\u00bb custom_padding=\u00bb|10px|||false|false\u00bb global_colors_info=\u00bb{}\u00bb]<\/p>\n<ul>\n<li><strong>N\u00f3madas del viento<\/strong> . Este documental muestra el viaje migratorio que realizan las aves por 40 pa\u00edses. Este documental se ha creado durante 4 a\u00f1os con la participaci\u00f3n de muchas personas que han posibilitado la recopilaci\u00f3n de datos e im\u00e1genes para mostrar las peripecias de las aves y su lucha por la vida.<br \/><strong>Director\/a:<\/strong> Jacques Perrin<br \/><strong>\u00bfD\u00f3nde se puede ver?:<\/strong> YouTube, Filmin (disponible en catal\u00e1n), Google Play<br \/><strong>Duraci\u00f3n:<\/strong> 99 min<br \/><strong>A\u00f1o:<\/strong> 2001<\/li>\n<\/ul>\n<p>[\/et_pb_text][\/et_pb_column][et_pb_column type=\u00bb1_4&#8243; _builder_version=\u00bb4.22.2&#8243; _module_preset=\u00bbdefault\u00bb global_colors_info=\u00bb{}\u00bb][et_pb_video src=\u00bbhttps:\/\/www.youtube.com\/watch?v=UKXc6TBHLyY\u00bb _builder_version=\u00bb4.22.2&#8243; _module_preset=\u00bbdefault\u00bb custom_margin=\u00bb30px||||false|false\u00bb custom_padding=\u00bb|||10px|false|false\u00bb global_colors_info=\u00bb{}\u00bb][\/et_pb_video][\/et_pb_column][\/et_pb_row][et_pb_row column_structure=\u00bb3_4,1_4&#8243; _builder_version=\u00bb4.22.2&#8243; _module_preset=\u00bbdefault\u00bb global_colors_info=\u00bb{}\u00bb][et_pb_column type=\u00bb3_4&#8243; _builder_version=\u00bb4.22.2&#8243; _module_preset=\u00bbdefault\u00bb global_colors_info=\u00bb{}\u00bb][et_pb_text admin_label=\u00bbVolando libre\u00bb _builder_version=\u00bb4.22.2&#8243; _module_preset=\u00bbdefault\u00bb custom_margin=\u00bb30px||||false|false\u00bb custom_padding=\u00bb|10px|||false|false\u00bb global_colors_info=\u00bb{}\u00bb]<\/p>\n<ul>\n<li><strong>Volando libre<\/strong> . Nos encontramos ante una pel\u00edcula-documental en la que una ni\u00f1a que vive con su padre en una granja de Canad\u00e1 descubre que tiene un nido de patos. Su curiosidad har\u00e1 que los empiece a criar, pero m\u00e1s adelante se dar\u00e1 cuenta de que aquellos p\u00e1jaros deben aprender a volar y viajar a tierras m\u00e1s c\u00e1lidas para sobrevivir. Una pel\u00edcula basada en hechos reales, en la historia de Bill Lishman, quien gui\u00f3 36 p\u00e1jaros por todo Canad\u00e1 con un ultraligero.<br \/><strong>Director\/a:<\/strong> Carroll Ballard<br \/><strong>\u00bfD\u00f3nde se puede ver?:<\/strong> Amazon Prime Video y Apple TV<br \/><strong>Duraci\u00f3n:<\/strong> 107 min<br \/><strong>A\u00f1o:<\/strong> 1996<\/li>\n<\/ul>\n<p>[\/et_pb_text][\/et_pb_column][et_pb_column type=\u00bb1_4&#8243; _builder_version=\u00bb4.22.2&#8243; _module_preset=\u00bbdefault\u00bb global_colors_info=\u00bb{}\u00bb][et_pb_video src=\u00bbhttps:\/\/www.youtube.com\/watch?v=vr-h7Iw6yc4&#8243; _builder_version=\u00bb4.22.2&#8243; _module_preset=\u00bbdefault\u00bb custom_margin=\u00bb30px||||false|false\u00bb custom_padding=\u00bb|||10px|false|false\u00bb global_colors_info=\u00bb{}\u00bb][\/et_pb_video][\/et_pb_column][\/et_pb_row][et_pb_row column_structure=\u00bb3_4,1_4&#8243; _builder_version=\u00bb4.22.2&#8243; _module_preset=\u00bbdefault\u00bb global_colors_info=\u00bb{}\u00bb][et_pb_column type=\u00bb3_4&#8243; _builder_version=\u00bb4.22.2&#8243; _module_preset=\u00bbdefault\u00bb global_colors_info=\u00bb{}\u00bb][et_pb_text admin_label=\u00bbVolando juntos\u00bb _builder_version=\u00bb4.22.2&#8243; _module_preset=\u00bbdefault\u00bb custom_margin=\u00bb30px||||false|false\u00bb custom_padding=\u00bb|10px|||false|false\u00bb global_colors_info=\u00bb{}\u00bb]<\/p>\n<ul>\n<li><strong>Volando juntos<\/strong> . Christian es un cient\u00edfico especializado en patos salvajes y su migraci\u00f3n. Este a\u00f1o, su hijo va a pasar las vacaciones con \u00e9l, un joven que no tiene ganas de estar en plena naturaleza sin sus videojuegos. Pero todo cambiar\u00e1 cuando unan sus fuerzas para salvar a unos patos en peligro de extinci\u00f3n. Emprender\u00e1n un viaje para ayudar a estos seres vivos a realizar un largo viaje. Esta pel\u00edcula est\u00e1 basada en la historia real, la del cient\u00edfico Christian Moullec, quien gui\u00f3 con un ultraligero los patos desde el sur de Francia hasta el C\u00edrculo Polar \u00c1tico.<br \/><strong>Director\/a:<\/strong> Nicolas Vanier<br \/><strong>\u00bfD\u00f3nde se puede ver?:<\/strong> Amazon Prime Video, Filmin (disponible en catal\u00e1n) y Apple TV<br \/><strong>Duraci\u00f3n:<\/strong> 113 min<br \/><strong>A\u00f1o:<\/strong> 2013<\/li>\n<\/ul>\n<p>[\/et_pb_text][\/et_pb_column][et_pb_column type=\u00bb1_4&#8243; _builder_version=\u00bb4.22.2&#8243; _module_preset=\u00bbdefault\u00bb global_colors_info=\u00bb{}\u00bb][et_pb_video src=\u00bbhttps:\/\/www.youtube.com\/watch?v=ww4V9ECIJ58&#8243; _builder_version=\u00bb4.22.2&#8243; _module_preset=\u00bbdefault\u00bb custom_margin=\u00bb30px||||false|false\u00bb custom_padding=\u00bb|||10px|false|false\u00bb global_colors_info=\u00bb{}\u00bb][\/et_pb_video][\/et_pb_column][\/et_pb_row][et_pb_row column_structure=\u00bb3_4,1_4&#8243; _builder_version=\u00bb4.22.2&#8243; _module_preset=\u00bbdefault\u00bb global_colors_info=\u00bb{}\u00bb][et_pb_column type=\u00bb3_4&#8243; _builder_version=\u00bb4.22.2&#8243; _module_preset=\u00bbdefault\u00bb global_colors_info=\u00bb{}\u00bb][et_pb_text admin_label=\u00bbEl viaje del emperador\u00bb _builder_version=\u00bb4.22.2&#8243; _module_preset=\u00bbdefault\u00bb custom_margin=\u00bb30px||||false|false\u00bb custom_padding=\u00bb|10px|||false|false\u00bb global_colors_info=\u00bb{}\u00bb]<\/p>\n<ul>\n<li><strong>El viaje del emperador<\/strong> . Nos encontramos ante una pel\u00edcula-documental sobre el ping\u00fcino emperador, un ave elegante y que nada muy bien dentro del agua, pero que en el suelo es m\u00e1s lento y torpe. Un viaje por tierras g\u00e9lidas para mostrar el trayecto que hacen para sobrevivir.<br \/><strong>Director\/a:<\/strong> Luc Jacquet<br \/><strong>\u00bfD\u00f3nde se puede ver?:<\/strong> Amazon Prime Video, Filmin (disponible en espa\u00f1ol)<br \/><strong>Duraci\u00f3n:<\/strong> 82 min<br \/><strong>A\u00f1o:<\/strong> 2005<\/li>\n<\/ul>\n<p>[\/et_pb_text][\/et_pb_column][et_pb_column type=\u00bb1_4&#8243; _builder_version=\u00bb4.22.2&#8243; _module_preset=\u00bbdefault\u00bb global_colors_info=\u00bb{}\u00bb][et_pb_video src=\u00bbhttps:\/\/www.youtube.com\/watch?v=ZKOv1BU0sMk\u00bb _builder_version=\u00bb4.22.2&#8243; _module_preset=\u00bbdefault\u00bb custom_margin=\u00bb30px||||false|false\u00bb custom_padding=\u00bb|||10px|false|false\u00bb global_colors_info=\u00bb{}\u00bb][\/et_pb_video][\/et_pb_column][\/et_pb_row][et_pb_row _builder_version=\u00bb4.22.2&#8243; _module_preset=\u00bbdefault\u00bb global_colors_info=\u00bb{}\u00bb][et_pb_column type=\u00bb4_4&#8243; _builder_version=\u00bb4.22.2&#8243; _module_preset=\u00bbdefault\u00bb global_colors_info=\u00bb{}\u00bb][et_pb_text admin_label=\u00bb9. Punts d&#8217;inter\u00e8s\u00bb _builder_version=\u00bb4.22.2&#8243; _module_preset=\u00bbdefault\u00bb custom_margin=\u00bb30px||||false|false\u00bb global_colors_info=\u00bb{}\u00bb]<\/p>\n<h3>9. PUNTOS DE INTER\u00c9S PARA OBSERVAR LOS P\u00c1JAROS<\/h3>\n<p>Hay muchos sitios de nuestro territorio que son ideales para la observaci\u00f3n de p\u00e1jaros. Un ejemplo es el Delta del Llobregat, que se convierten en un espacio m\u00e1gico en el que, con mucha paciencia, silencio y ganas de observar, se pueden ver algunas de las especies de p\u00e1jaros que migran a nuestras tierras. A continuaci\u00f3n te dejamos algunos art\u00edculos de inter\u00e9s sobre las aves que puedes ver en el Delta del Llobregat y cu\u00e1ndo se pueden ver.<\/p>\n<p>[\/et_pb_text][\/et_pb_column][\/et_pb_row][et_pb_row column_structure=\u00bb1_5,1_5,1_5,1_5,1_5&#8243; _builder_version=\u00bb4.22.2&#8243; _module_preset=\u00bbdefault\u00bb global_colors_info=\u00bb{}\u00bb][et_pb_column type=\u00bb1_5&#8243; _builder_version=\u00bb4.22.2&#8243; _module_preset=\u00bbdefault\u00bb global_colors_info=\u00bb{}\u00bb][et_pb_image src=\u00bbhttps:\/\/escoles.fundesplai.org\/wp-content\/uploads\/2024\/05\/Ocells-estiu.jpg\u00bb title_text=\u00bbP\u00e1jaros verano\u00bb url=\u00bbhttps:\/\/albergueesplaibarcelona.com\/blog\/espacios-naturales\/aves-verano-delta\/\u00bb align=\u00bbcenter\u00bb _builder_version=\u00bb4.22.2&#8243; _module_preset=\u00bbdefault\u00bb custom_margin=\u00bb30px||||false|false\u00bb custom_padding=\u00bb|10px||10px|false|false\u00bb global_colors_info=\u00bb{}\u00bb][\/et_pb_image][et_pb_text admin_label=\u00bbOcells estiu\u00bb _builder_version=\u00bb4.22.2&#8243; _module_preset=\u00bbdefault\u00bb custom_padding=\u00bb|10px||10px|false|false\u00bb global_colors_info=\u00bb{}\u00bb]<\/p>\n<p style=\"text-align: center;\">\n<blockquote class=\"wp-embedded-content\" data-secret=\"gptejzyYvB\"><p><a href=\"https:\/\/albergueesplaibarcelona.com\/blog\/espacios-naturales\/aves-verano-delta\/\">\u00bfQu\u00e9 aves pasan el verano en el Delta del Llobregat?<\/a><\/p><\/blockquote>\n<p><iframe loading=\"lazy\" class=\"wp-embedded-content\" sandbox=\"allow-scripts\" security=\"restricted\" style=\"position: absolute; clip: rect(1px, 1px, 1px, 1px);\" title=\"\u00ab\u00bfQu\u00e9 aves pasan el verano en el Delta del Llobregat?\u00bb \u2014 Alberg Centre Esplai\" src=\"https:\/\/albergueesplaibarcelona.com\/blog\/espacios-naturales\/aves-verano-delta\/embed\/#?secret=SVJnuQpt8T#?secret=gptejzyYvB\" data-secret=\"gptejzyYvB\" width=\"600\" height=\"338\" frameborder=\"0\" marginwidth=\"0\" marginheight=\"0\" scrolling=\"no\"><\/iframe><\/p>\n<p>[\/et_pb_text][\/et_pb_column][et_pb_column type=\u00bb1_5&#8243; _builder_version=\u00bb4.22.2&#8243; _module_preset=\u00bbdefault\u00bb global_colors_info=\u00bb{}\u00bb][et_pb_image src=\u00bbhttps:\/\/escoles.fundesplai.org\/wp-content\/uploads\/2024\/05\/Ocells-hivern-delta-llobregat.jpg\u00bb title_text=\u00bbP\u00e1jaros invierno delta llobregat\u00bb url=\u00bbhttps:\/\/albergueesplaibarcelona.com\/blog\/espacios-naturales\/aves-invierno-delta-llobregat\/\u00bb align=\u00bbcenter\u00bb _builder_version=\u00bb4.22.2&#8243; _module_preset=\u00bbdefault\u00bb custom_margin=\u00bb30px||||false|false\u00bb custom_padding=\u00bb|10px||10px|false|false\u00bb global_colors_info=\u00bb{}\u00bb][\/et_pb_image][et_pb_text admin_label=\u00bbOcells hivern\u00bb _builder_version=\u00bb4.22.2&#8243; _module_preset=\u00bbdefault\u00bb custom_padding=\u00bb|10px||10px|false|false\u00bb global_colors_info=\u00bb{}\u00bb]<\/p>\n<blockquote class=\"wp-embedded-content\" data-secret=\"kNK7CW487O\"><p><a href=\"https:\/\/albergueesplaibarcelona.com\/blog\/espacios-naturales\/aves-invierno-delta-llobregat\/\">\u00bfQu\u00e9 aves pasan el invierno en el Delta del Llobregat?<\/a><\/p><\/blockquote>\n<p><iframe loading=\"lazy\" class=\"wp-embedded-content\" sandbox=\"allow-scripts\" security=\"restricted\" style=\"position: absolute; clip: rect(1px, 1px, 1px, 1px);\" title=\"\u00ab\u00bfQu\u00e9 aves pasan el invierno en el Delta del Llobregat?\u00bb \u2014 Alberg Centre Esplai\" src=\"https:\/\/albergueesplaibarcelona.com\/blog\/espacios-naturales\/aves-invierno-delta-llobregat\/embed\/#?secret=8bd7qUpg7m#?secret=kNK7CW487O\" data-secret=\"kNK7CW487O\" width=\"600\" height=\"338\" frameborder=\"0\" marginwidth=\"0\" marginheight=\"0\" scrolling=\"no\"><\/iframe><\/p>\n<p>[\/et_pb_text][\/et_pb_column][et_pb_column type=\u00bb1_5&#8243; _builder_version=\u00bb4.22.2&#8243; _module_preset=\u00bbdefault\u00bb global_colors_info=\u00bb{}\u00bb][et_pb_image src=\u00bbhttps:\/\/escoles.fundesplai.org\/wp-content\/uploads\/2024\/05\/Birdwatching.jpg\u00bb title_text=\u00bbBirdwatching\u00bb url=\u00bbhttps:\/\/albergueesplaibarcelona.com\/blog\/espacios-naturales\/vamos-a-practicar-birdwatching-al-delta-del-llobregat\/\u00bb align=\u00bbcenter\u00bb _builder_version=\u00bb4.22.2&#8243; _module_preset=\u00bbdefault\u00bb custom_margin=\u00bb30px||||false|false\u00bb custom_padding=\u00bb|10px||10px|false|false\u00bb global_colors_info=\u00bb{}\u00bb][\/et_pb_image][et_pb_text admin_label=\u00bbBirdwatching\u00bb _builder_version=\u00bb4.22.2&#8243; _module_preset=\u00bbdefault\u00bb custom_padding=\u00bb|10px||10px|false|false\u00bb global_colors_info=\u00bb{}\u00bb]<\/p>\n<blockquote class=\"wp-embedded-content\" data-secret=\"33htMYcn64\"><p><a href=\"https:\/\/albergueesplaibarcelona.com\/blog\/espacios-naturales\/vamos-a-practicar-birdwatching-al-delta-del-llobregat\/\">\u00bfVamos a practicar Birdwatching al Delta del Llobregat?<\/a><\/p><\/blockquote>\n<p><iframe loading=\"lazy\" class=\"wp-embedded-content\" sandbox=\"allow-scripts\" security=\"restricted\" style=\"position: absolute; clip: rect(1px, 1px, 1px, 1px);\" title=\"\u00ab\u00bfVamos a practicar Birdwatching al Delta del Llobregat?\u00bb \u2014 Alberg Centre Esplai\" src=\"https:\/\/albergueesplaibarcelona.com\/blog\/espacios-naturales\/vamos-a-practicar-birdwatching-al-delta-del-llobregat\/embed\/#?secret=5MDyOhrEgu#?secret=33htMYcn64\" data-secret=\"33htMYcn64\" width=\"600\" height=\"338\" frameborder=\"0\" marginwidth=\"0\" marginheight=\"0\" scrolling=\"no\"><\/iframe><\/p>\n<p>[\/et_pb_text][\/et_pb_column][et_pb_column type=\u00bb1_5&#8243; _builder_version=\u00bb4.22.2&#8243; _module_preset=\u00bbdefault\u00bb global_colors_info=\u00bb{}\u00bb][et_pb_image src=\u00bbhttps:\/\/escoles.fundesplai.org\/wp-content\/uploads\/2024\/05\/Ruta-Delta-Llobregat.jpg\u00bb title_text=\u00bbRuta Delta Llobregat\u00bb url=\u00bbhttps:\/\/albergueesplaibarcelona.com\/blog\/espacios-naturales\/ruta-por-el-delta-del-llobregat-el-remolar-y-las-filipinas\/\u00bb align=\u00bbcenter\u00bb _builder_version=\u00bb4.22.2&#8243; _module_preset=\u00bbdefault\u00bb custom_margin=\u00bb30px||||false|false\u00bb custom_padding=\u00bb|10px||10px|false|false\u00bb global_colors_info=\u00bb{}\u00bb][\/et_pb_image][et_pb_text admin_label=\u00bbRuta Delta\u00bb _builder_version=\u00bb4.22.2&#8243; _module_preset=\u00bbdefault\u00bb custom_padding=\u00bb|10px||10px|false|false\u00bb global_colors_info=\u00bb{}\u00bb]<\/p>\n<blockquote class=\"wp-embedded-content\" data-secret=\"xWjy4mkca6\"><p><a href=\"https:\/\/albergueesplaibarcelona.com\/blog\/espacios-naturales\/ruta-por-el-delta-del-llobregat-el-remolar-y-las-filipinas\/\">Ruta por el Delta del Llobregat: el Remolar y las Filipinas<\/a><\/p><\/blockquote>\n<p><iframe loading=\"lazy\" class=\"wp-embedded-content\" sandbox=\"allow-scripts\" security=\"restricted\" style=\"position: absolute; clip: rect(1px, 1px, 1px, 1px);\" title=\"\u00abRuta por el Delta del Llobregat: el Remolar y las Filipinas\u00bb \u2014 Alberg Centre Esplai\" src=\"https:\/\/albergueesplaibarcelona.com\/blog\/espacios-naturales\/ruta-por-el-delta-del-llobregat-el-remolar-y-las-filipinas\/embed\/#?secret=S6dF6Lm3wM#?secret=xWjy4mkca6\" data-secret=\"xWjy4mkca6\" width=\"600\" height=\"338\" frameborder=\"0\" marginwidth=\"0\" marginheight=\"0\" scrolling=\"no\"><\/iframe><\/p>\n<p>[\/et_pb_text][\/et_pb_column][et_pb_column type=\u00bb1_5&#8243; _builder_version=\u00bb4.22.2&#8243; _module_preset=\u00bbdefault\u00bb global_colors_info=\u00bb{}\u00bb][et_pb_image src=\u00bbhttps:\/\/escoles.fundesplai.org\/wp-content\/uploads\/2024\/05\/Historia-Delta-Llobregat.jpg\u00bb title_text=\u00bbHistoria Delta Llobregat\u00bb url=\u00bbhttps:\/\/albergueesplaibarcelona.com\/blog\/espacios-naturales\/historia-del-delta-del-llobregat\/\u00bb align=\u00bbcenter\u00bb _builder_version=\u00bb4.22.2&#8243; _module_preset=\u00bbdefault\u00bb custom_margin=\u00bb30px||||false|false\u00bb custom_padding=\u00bb|10px||10px|false|false\u00bb global_colors_info=\u00bb{}\u00bb][\/et_pb_image][et_pb_text _builder_version=\u00bb4.22.2&#8243; _module_preset=\u00bbdefault\u00bb global_colors_info=\u00bb{}\u00bb]<\/p>\n<blockquote class=\"wp-embedded-content\" data-secret=\"h3aTafc5Ml\"><p><a href=\"https:\/\/albergueesplaibarcelona.com\/blog\/espacios-naturales\/historia-del-delta-del-llobregat\/\">Historia del Delta del Llobregat<\/a><\/p><\/blockquote>\n<p><iframe loading=\"lazy\" class=\"wp-embedded-content\" sandbox=\"allow-scripts\" security=\"restricted\" style=\"position: absolute; clip: rect(1px, 1px, 1px, 1px);\" title=\"\u00abHistoria del Delta del Llobregat\u00bb \u2014 Alberg Centre Esplai\" src=\"https:\/\/albergueesplaibarcelona.com\/blog\/espacios-naturales\/historia-del-delta-del-llobregat\/embed\/#?secret=9lofJzFpr1#?secret=h3aTafc5Ml\" data-secret=\"h3aTafc5Ml\" width=\"600\" height=\"338\" frameborder=\"0\" marginwidth=\"0\" marginheight=\"0\" scrolling=\"no\"><\/iframe><\/p>\n<p>[\/et_pb_text][\/et_pb_column][\/et_pb_row][et_pb_row _builder_version=\u00bb4.22.2&#8243; _module_preset=\u00bbdefault\u00bb global_colors_info=\u00bb{}\u00bb][et_pb_column type=\u00bb4_4&#8243; _builder_version=\u00bb4.22.2&#8243; _module_preset=\u00bbdefault\u00bb global_colors_info=\u00bb{}\u00bb][et_pb_text admin_label=\u00bbconclusi\u00f3\u00bb _builder_version=\u00bb4.22.2&#8243; _module_preset=\u00bbdefault\u00bb custom_margin=\u00bb30px||50px||false|false\u00bb global_colors_info=\u00bb{}\u00bb]<\/p>\n<p>Qu\u00e9 gusto aprender m\u00e1s sobre las aves que tenemos en nuestro territorio, tanto las que podemos observar cada d\u00eda, como las que est\u00e1n de paso. Somos personas privilegiadas de poder gozar de este espect\u00e1culo de la naturaleza.<\/p>\n<p>&nbsp;<\/p>\n<p style=\"text-align: center;\"><strong>Si te ha gustado la entrada, \u00a1comp\u00e1rtela en las redes!<\/strong><\/p>\n<p>[\/et_pb_text][\/et_pb_column][\/et_pb_row][\/et_pb_section]<\/p>\n","protected":false},"excerpt":{"rendered":"<p>Te presentamos algunos recursos para conocer y hablar de las aves migratorias con los ni\u00f1os, ni\u00f1as y j\u00f3venes con motivo del D\u00eda Internacional de las Aves Migratorias. \u00a1Desc\u00fabrelas y disfruta de la naturaleza!<\/p>\n","protected":false},"author":26,"featured_media":51255,"comment_status":"closed","ping_status":"closed","sticky":false,"template":"","format":"standard","meta":{"_et_pb_use_builder":"on","_et_pb_old_content":"","_et_gb_content_width":"","footnotes":""},"categories":[271],"tags":[],"class_list":["post-51583","post","type-post","status-publish","format-standard","has-post-thumbnail","hentry","category-educacion-ambiental"],"yoast_head":"<!-- This site is optimized with the Yoast SEO plugin v27.5 - https:\/\/yoast.com\/product\/yoast-seo-wordpress\/ -->\n<title>9 Recursos educativos sobre las aves - Fundesplai M\u00f3n Escolar<\/title>\n<meta name=\"description\" content=\"Te presentamos algunos recursos para conocer y hablar de las aves migratorias con los ni\u00f1os, ni\u00f1as y j\u00f3venes. \u00a1Desc\u00fabrelas y disfruta de la naturaleza!\" \/>\n<meta name=\"robots\" content=\"index, follow, max-snippet:-1, max-image-preview:large, max-video-preview:-1\" \/>\n<link rel=\"canonical\" href=\"https:\/\/escoles.fundesplai.org\/es\/blog-es\/educacion-ambiental\/9-recursos-educativos-sobre-las-aves\/\" \/>\n<meta property=\"og:locale\" content=\"es_ES\" \/>\n<meta property=\"og:type\" content=\"article\" \/>\n<meta property=\"og:title\" content=\"9 Recursos educativos sobre las aves - Fundesplai M\u00f3n Escolar\" \/>\n<meta property=\"og:description\" content=\"Te presentamos algunos recursos para conocer y hablar de las aves migratorias con los ni\u00f1os, ni\u00f1as y j\u00f3venes. \u00a1Desc\u00fabrelas y disfruta de la naturaleza!\" \/>\n<meta property=\"og:url\" content=\"https:\/\/escoles.fundesplai.org\/es\/blog-es\/educacion-ambiental\/9-recursos-educativos-sobre-las-aves\/\" \/>\n<meta property=\"og:site_name\" content=\"Fundesplai M\u00f3n Escolar\" \/>\n<meta property=\"article:publisher\" content=\"https:\/\/www.facebook.com\/Fundesplai\/\" \/>\n<meta property=\"article:published_time\" content=\"2024-05-07T07:55:31+00:00\" \/>\n<meta property=\"article:modified_time\" content=\"2024-05-30T09:03:02+00:00\" \/>\n<meta property=\"og:image\" content=\"https:\/\/escoles.fundesplai.org\/wp-content\/uploads\/2024\/04\/Aus-migratories-Fundesplai.jpg\" \/>\n\t<meta property=\"og:image:width\" content=\"1888\" \/>\n\t<meta property=\"og:image:height\" content=\"900\" \/>\n\t<meta property=\"og:image:type\" content=\"image\/jpeg\" \/>\n<meta name=\"author\" content=\"Mariona Duch\" \/>\n<meta name=\"twitter:card\" content=\"summary_large_image\" \/>\n<meta name=\"twitter:creator\" content=\"@fundesplai\" \/>\n<meta name=\"twitter:site\" content=\"@fundesplai\" \/>\n<meta name=\"twitter:label1\" content=\"Escrito por\" \/>\n\t<meta name=\"twitter:data1\" content=\"Mariona Duch\" \/>\n\t<meta name=\"twitter:label2\" content=\"Tiempo de lectura\" \/>\n\t<meta name=\"twitter:data2\" content=\"30 minutos\" \/>\n<script type=\"application\/ld+json\" class=\"yoast-schema-graph\">{\"@context\":\"https:\\\/\\\/schema.org\",\"@graph\":[{\"@type\":\"Article\",\"@id\":\"https:\\\/\\\/escoles.fundesplai.org\\\/es\\\/blog-es\\\/educacion-ambiental\\\/9-recursos-educativos-sobre-las-aves\\\/#article\",\"isPartOf\":{\"@id\":\"https:\\\/\\\/escoles.fundesplai.org\\\/es\\\/blog-es\\\/educacion-ambiental\\\/9-recursos-educativos-sobre-las-aves\\\/\"},\"author\":{\"name\":\"Mariona Duch\",\"@id\":\"https:\\\/\\\/escoles.fundesplai.org\\\/es\\\/#\\\/schema\\\/person\\\/2ca12c7f6e427a577b996c3c7f432211\"},\"headline\":\"9 Recursos educativos sobre las aves\",\"datePublished\":\"2024-05-07T07:55:31+00:00\",\"dateModified\":\"2024-05-30T09:03:02+00:00\",\"mainEntityOfPage\":{\"@id\":\"https:\\\/\\\/escoles.fundesplai.org\\\/es\\\/blog-es\\\/educacion-ambiental\\\/9-recursos-educativos-sobre-las-aves\\\/\"},\"wordCount\":6067,\"publisher\":{\"@id\":\"https:\\\/\\\/escoles.fundesplai.org\\\/es\\\/#organization\"},\"image\":{\"@id\":\"https:\\\/\\\/escoles.fundesplai.org\\\/es\\\/blog-es\\\/educacion-ambiental\\\/9-recursos-educativos-sobre-las-aves\\\/#primaryimage\"},\"thumbnailUrl\":\"https:\\\/\\\/escoles.fundesplai.org\\\/wp-content\\\/uploads\\\/2024\\\/04\\\/Aus-migratories-Fundesplai.jpg\",\"articleSection\":[\"Educaci\u00f3n ambiental\"],\"inLanguage\":\"es\"},{\"@type\":\"WebPage\",\"@id\":\"https:\\\/\\\/escoles.fundesplai.org\\\/es\\\/blog-es\\\/educacion-ambiental\\\/9-recursos-educativos-sobre-las-aves\\\/\",\"url\":\"https:\\\/\\\/escoles.fundesplai.org\\\/es\\\/blog-es\\\/educacion-ambiental\\\/9-recursos-educativos-sobre-las-aves\\\/\",\"name\":\"9 Recursos educativos sobre las aves - Fundesplai M\u00f3n Escolar\",\"isPartOf\":{\"@id\":\"https:\\\/\\\/escoles.fundesplai.org\\\/es\\\/#website\"},\"primaryImageOfPage\":{\"@id\":\"https:\\\/\\\/escoles.fundesplai.org\\\/es\\\/blog-es\\\/educacion-ambiental\\\/9-recursos-educativos-sobre-las-aves\\\/#primaryimage\"},\"image\":{\"@id\":\"https:\\\/\\\/escoles.fundesplai.org\\\/es\\\/blog-es\\\/educacion-ambiental\\\/9-recursos-educativos-sobre-las-aves\\\/#primaryimage\"},\"thumbnailUrl\":\"https:\\\/\\\/escoles.fundesplai.org\\\/wp-content\\\/uploads\\\/2024\\\/04\\\/Aus-migratories-Fundesplai.jpg\",\"datePublished\":\"2024-05-07T07:55:31+00:00\",\"dateModified\":\"2024-05-30T09:03:02+00:00\",\"description\":\"Te presentamos algunos recursos para conocer y hablar de las aves migratorias con los ni\u00f1os, ni\u00f1as y j\u00f3venes. \u00a1Desc\u00fabrelas y disfruta de la naturaleza!\",\"breadcrumb\":{\"@id\":\"https:\\\/\\\/escoles.fundesplai.org\\\/es\\\/blog-es\\\/educacion-ambiental\\\/9-recursos-educativos-sobre-las-aves\\\/#breadcrumb\"},\"inLanguage\":\"es\",\"potentialAction\":[{\"@type\":\"ReadAction\",\"target\":[\"https:\\\/\\\/escoles.fundesplai.org\\\/es\\\/blog-es\\\/educacion-ambiental\\\/9-recursos-educativos-sobre-las-aves\\\/\"]}]},{\"@type\":\"ImageObject\",\"inLanguage\":\"es\",\"@id\":\"https:\\\/\\\/escoles.fundesplai.org\\\/es\\\/blog-es\\\/educacion-ambiental\\\/9-recursos-educativos-sobre-las-aves\\\/#primaryimage\",\"url\":\"https:\\\/\\\/escoles.fundesplai.org\\\/wp-content\\\/uploads\\\/2024\\\/04\\\/Aus-migratories-Fundesplai.jpg\",\"contentUrl\":\"https:\\\/\\\/escoles.fundesplai.org\\\/wp-content\\\/uploads\\\/2024\\\/04\\\/Aus-migratories-Fundesplai.jpg\",\"width\":1888,\"height\":900,\"caption\":\"Aus migrat\u00f2ries Fundesplai\"},{\"@type\":\"BreadcrumbList\",\"@id\":\"https:\\\/\\\/escoles.fundesplai.org\\\/es\\\/blog-es\\\/educacion-ambiental\\\/9-recursos-educativos-sobre-las-aves\\\/#breadcrumb\",\"itemListElement\":[{\"@type\":\"ListItem\",\"position\":1,\"name\":\"Inici\",\"item\":\"https:\\\/\\\/escoles.fundesplai.org\\\/es\\\/inicio\\\/\"},{\"@type\":\"ListItem\",\"position\":2,\"name\":\"Blog\",\"item\":\"https:\\\/\\\/escoles.fundesplai.org\\\/es\\\/blog-es\\\/\"},{\"@type\":\"ListItem\",\"position\":3,\"name\":\"Educaci\u00f3n ambiental\",\"item\":\"https:\\\/\\\/escoles.fundesplai.org\\\/es\\\/blog-es\\\/educacion-ambiental\\\/\"},{\"@type\":\"ListItem\",\"position\":4,\"name\":\"9 Recursos educativos sobre las aves\"}]},{\"@type\":\"WebSite\",\"@id\":\"https:\\\/\\\/escoles.fundesplai.org\\\/es\\\/#website\",\"url\":\"https:\\\/\\\/escoles.fundesplai.org\\\/es\\\/\",\"name\":\"Fundesplai M\u00f3n Escolar\",\"description\":\"Serveis de lleure educatiu per a escoles\",\"publisher\":{\"@id\":\"https:\\\/\\\/escoles.fundesplai.org\\\/es\\\/#organization\"},\"potentialAction\":[{\"@type\":\"SearchAction\",\"target\":{\"@type\":\"EntryPoint\",\"urlTemplate\":\"https:\\\/\\\/escoles.fundesplai.org\\\/es\\\/?s={search_term_string}\"},\"query-input\":{\"@type\":\"PropertyValueSpecification\",\"valueRequired\":true,\"valueName\":\"search_term_string\"}}],\"inLanguage\":\"es\"},{\"@type\":\"Organization\",\"@id\":\"https:\\\/\\\/escoles.fundesplai.org\\\/es\\\/#organization\",\"name\":\"Fundesplai - M\u00f3n Escolar\",\"url\":\"https:\\\/\\\/escoles.fundesplai.org\\\/es\\\/\",\"logo\":{\"@type\":\"ImageObject\",\"inLanguage\":\"es\",\"@id\":\"https:\\\/\\\/escoles.fundesplai.org\\\/es\\\/#\\\/schema\\\/logo\\\/image\\\/\",\"url\":\"https:\\\/\\\/escoles.fundesplai.org\\\/wp-content\\\/uploads\\\/2021\\\/08\\\/logo-mon-escolar.png\",\"contentUrl\":\"https:\\\/\\\/escoles.fundesplai.org\\\/wp-content\\\/uploads\\\/2021\\\/08\\\/logo-mon-escolar.png\",\"width\":468,\"height\":211,\"caption\":\"Fundesplai - M\u00f3n Escolar\"},\"image\":{\"@id\":\"https:\\\/\\\/escoles.fundesplai.org\\\/es\\\/#\\\/schema\\\/logo\\\/image\\\/\"},\"sameAs\":[\"https:\\\/\\\/www.facebook.com\\\/Fundesplai\\\/\",\"https:\\\/\\\/x.com\\\/fundesplai\",\"https:\\\/\\\/www.instagram.com\\\/fundesplai\\\/\"]},{\"@type\":\"Person\",\"@id\":\"https:\\\/\\\/escoles.fundesplai.org\\\/es\\\/#\\\/schema\\\/person\\\/2ca12c7f6e427a577b996c3c7f432211\",\"name\":\"Mariona Duch\",\"image\":{\"@type\":\"ImageObject\",\"inLanguage\":\"es\",\"@id\":\"https:\\\/\\\/secure.gravatar.com\\\/avatar\\\/678f8dc5592155106183c2dba5a10542029cee6b53d56fa163cb5ba0b4db9386?s=96&d=mm&r=g\",\"url\":\"https:\\\/\\\/secure.gravatar.com\\\/avatar\\\/678f8dc5592155106183c2dba5a10542029cee6b53d56fa163cb5ba0b4db9386?s=96&d=mm&r=g\",\"contentUrl\":\"https:\\\/\\\/secure.gravatar.com\\\/avatar\\\/678f8dc5592155106183c2dba5a10542029cee6b53d56fa163cb5ba0b4db9386?s=96&d=mm&r=g\",\"caption\":\"Mariona Duch\"}}]}<\/script>\n<!-- \/ Yoast SEO plugin. -->","yoast_head_json":{"title":"9 Recursos educativos sobre las aves - Fundesplai M\u00f3n Escolar","description":"Te presentamos algunos recursos para conocer y hablar de las aves migratorias con los ni\u00f1os, ni\u00f1as y j\u00f3venes. \u00a1Desc\u00fabrelas y disfruta de la naturaleza!","robots":{"index":"index","follow":"follow","max-snippet":"max-snippet:-1","max-image-preview":"max-image-preview:large","max-video-preview":"max-video-preview:-1"},"canonical":"https:\/\/escoles.fundesplai.org\/es\/blog-es\/educacion-ambiental\/9-recursos-educativos-sobre-las-aves\/","og_locale":"es_ES","og_type":"article","og_title":"9 Recursos educativos sobre las aves - Fundesplai M\u00f3n Escolar","og_description":"Te presentamos algunos recursos para conocer y hablar de las aves migratorias con los ni\u00f1os, ni\u00f1as y j\u00f3venes. \u00a1Desc\u00fabrelas y disfruta de la naturaleza!","og_url":"https:\/\/escoles.fundesplai.org\/es\/blog-es\/educacion-ambiental\/9-recursos-educativos-sobre-las-aves\/","og_site_name":"Fundesplai M\u00f3n Escolar","article_publisher":"https:\/\/www.facebook.com\/Fundesplai\/","article_published_time":"2024-05-07T07:55:31+00:00","article_modified_time":"2024-05-30T09:03:02+00:00","og_image":[{"width":1888,"height":900,"url":"https:\/\/escoles.fundesplai.org\/wp-content\/uploads\/2024\/04\/Aus-migratories-Fundesplai.jpg","type":"image\/jpeg"}],"author":"Mariona Duch","twitter_card":"summary_large_image","twitter_creator":"@fundesplai","twitter_site":"@fundesplai","twitter_misc":{"Escrito por":"Mariona Duch","Tiempo de lectura":"30 minutos"},"schema":{"@context":"https:\/\/schema.org","@graph":[{"@type":"Article","@id":"https:\/\/escoles.fundesplai.org\/es\/blog-es\/educacion-ambiental\/9-recursos-educativos-sobre-las-aves\/#article","isPartOf":{"@id":"https:\/\/escoles.fundesplai.org\/es\/blog-es\/educacion-ambiental\/9-recursos-educativos-sobre-las-aves\/"},"author":{"name":"Mariona Duch","@id":"https:\/\/escoles.fundesplai.org\/es\/#\/schema\/person\/2ca12c7f6e427a577b996c3c7f432211"},"headline":"9 Recursos educativos sobre las aves","datePublished":"2024-05-07T07:55:31+00:00","dateModified":"2024-05-30T09:03:02+00:00","mainEntityOfPage":{"@id":"https:\/\/escoles.fundesplai.org\/es\/blog-es\/educacion-ambiental\/9-recursos-educativos-sobre-las-aves\/"},"wordCount":6067,"publisher":{"@id":"https:\/\/escoles.fundesplai.org\/es\/#organization"},"image":{"@id":"https:\/\/escoles.fundesplai.org\/es\/blog-es\/educacion-ambiental\/9-recursos-educativos-sobre-las-aves\/#primaryimage"},"thumbnailUrl":"https:\/\/escoles.fundesplai.org\/wp-content\/uploads\/2024\/04\/Aus-migratories-Fundesplai.jpg","articleSection":["Educaci\u00f3n ambiental"],"inLanguage":"es"},{"@type":"WebPage","@id":"https:\/\/escoles.fundesplai.org\/es\/blog-es\/educacion-ambiental\/9-recursos-educativos-sobre-las-aves\/","url":"https:\/\/escoles.fundesplai.org\/es\/blog-es\/educacion-ambiental\/9-recursos-educativos-sobre-las-aves\/","name":"9 Recursos educativos sobre las aves - Fundesplai M\u00f3n Escolar","isPartOf":{"@id":"https:\/\/escoles.fundesplai.org\/es\/#website"},"primaryImageOfPage":{"@id":"https:\/\/escoles.fundesplai.org\/es\/blog-es\/educacion-ambiental\/9-recursos-educativos-sobre-las-aves\/#primaryimage"},"image":{"@id":"https:\/\/escoles.fundesplai.org\/es\/blog-es\/educacion-ambiental\/9-recursos-educativos-sobre-las-aves\/#primaryimage"},"thumbnailUrl":"https:\/\/escoles.fundesplai.org\/wp-content\/uploads\/2024\/04\/Aus-migratories-Fundesplai.jpg","datePublished":"2024-05-07T07:55:31+00:00","dateModified":"2024-05-30T09:03:02+00:00","description":"Te presentamos algunos recursos para conocer y hablar de las aves migratorias con los ni\u00f1os, ni\u00f1as y j\u00f3venes. \u00a1Desc\u00fabrelas y disfruta de la naturaleza!","breadcrumb":{"@id":"https:\/\/escoles.fundesplai.org\/es\/blog-es\/educacion-ambiental\/9-recursos-educativos-sobre-las-aves\/#breadcrumb"},"inLanguage":"es","potentialAction":[{"@type":"ReadAction","target":["https:\/\/escoles.fundesplai.org\/es\/blog-es\/educacion-ambiental\/9-recursos-educativos-sobre-las-aves\/"]}]},{"@type":"ImageObject","inLanguage":"es","@id":"https:\/\/escoles.fundesplai.org\/es\/blog-es\/educacion-ambiental\/9-recursos-educativos-sobre-las-aves\/#primaryimage","url":"https:\/\/escoles.fundesplai.org\/wp-content\/uploads\/2024\/04\/Aus-migratories-Fundesplai.jpg","contentUrl":"https:\/\/escoles.fundesplai.org\/wp-content\/uploads\/2024\/04\/Aus-migratories-Fundesplai.jpg","width":1888,"height":900,"caption":"Aus migrat\u00f2ries Fundesplai"},{"@type":"BreadcrumbList","@id":"https:\/\/escoles.fundesplai.org\/es\/blog-es\/educacion-ambiental\/9-recursos-educativos-sobre-las-aves\/#breadcrumb","itemListElement":[{"@type":"ListItem","position":1,"name":"Inici","item":"https:\/\/escoles.fundesplai.org\/es\/inicio\/"},{"@type":"ListItem","position":2,"name":"Blog","item":"https:\/\/escoles.fundesplai.org\/es\/blog-es\/"},{"@type":"ListItem","position":3,"name":"Educaci\u00f3n ambiental","item":"https:\/\/escoles.fundesplai.org\/es\/blog-es\/educacion-ambiental\/"},{"@type":"ListItem","position":4,"name":"9 Recursos educativos sobre las aves"}]},{"@type":"WebSite","@id":"https:\/\/escoles.fundesplai.org\/es\/#website","url":"https:\/\/escoles.fundesplai.org\/es\/","name":"Fundesplai M\u00f3n Escolar","description":"Serveis de lleure educatiu per a escoles","publisher":{"@id":"https:\/\/escoles.fundesplai.org\/es\/#organization"},"potentialAction":[{"@type":"SearchAction","target":{"@type":"EntryPoint","urlTemplate":"https:\/\/escoles.fundesplai.org\/es\/?s={search_term_string}"},"query-input":{"@type":"PropertyValueSpecification","valueRequired":true,"valueName":"search_term_string"}}],"inLanguage":"es"},{"@type":"Organization","@id":"https:\/\/escoles.fundesplai.org\/es\/#organization","name":"Fundesplai - M\u00f3n Escolar","url":"https:\/\/escoles.fundesplai.org\/es\/","logo":{"@type":"ImageObject","inLanguage":"es","@id":"https:\/\/escoles.fundesplai.org\/es\/#\/schema\/logo\/image\/","url":"https:\/\/escoles.fundesplai.org\/wp-content\/uploads\/2021\/08\/logo-mon-escolar.png","contentUrl":"https:\/\/escoles.fundesplai.org\/wp-content\/uploads\/2021\/08\/logo-mon-escolar.png","width":468,"height":211,"caption":"Fundesplai - M\u00f3n Escolar"},"image":{"@id":"https:\/\/escoles.fundesplai.org\/es\/#\/schema\/logo\/image\/"},"sameAs":["https:\/\/www.facebook.com\/Fundesplai\/","https:\/\/x.com\/fundesplai","https:\/\/www.instagram.com\/fundesplai\/"]},{"@type":"Person","@id":"https:\/\/escoles.fundesplai.org\/es\/#\/schema\/person\/2ca12c7f6e427a577b996c3c7f432211","name":"Mariona Duch","image":{"@type":"ImageObject","inLanguage":"es","@id":"https:\/\/secure.gravatar.com\/avatar\/678f8dc5592155106183c2dba5a10542029cee6b53d56fa163cb5ba0b4db9386?s=96&d=mm&r=g","url":"https:\/\/secure.gravatar.com\/avatar\/678f8dc5592155106183c2dba5a10542029cee6b53d56fa163cb5ba0b4db9386?s=96&d=mm&r=g","contentUrl":"https:\/\/secure.gravatar.com\/avatar\/678f8dc5592155106183c2dba5a10542029cee6b53d56fa163cb5ba0b4db9386?s=96&d=mm&r=g","caption":"Mariona Duch"}}]}},"_links":{"self":[{"href":"https:\/\/escoles.fundesplai.org\/es\/wp-json\/wp\/v2\/posts\/51583","targetHints":{"allow":["GET"]}}],"collection":[{"href":"https:\/\/escoles.fundesplai.org\/es\/wp-json\/wp\/v2\/posts"}],"about":[{"href":"https:\/\/escoles.fundesplai.org\/es\/wp-json\/wp\/v2\/types\/post"}],"author":[{"embeddable":true,"href":"https:\/\/escoles.fundesplai.org\/es\/wp-json\/wp\/v2\/users\/26"}],"replies":[{"embeddable":true,"href":"https:\/\/escoles.fundesplai.org\/es\/wp-json\/wp\/v2\/comments?post=51583"}],"version-history":[{"count":12,"href":"https:\/\/escoles.fundesplai.org\/es\/wp-json\/wp\/v2\/posts\/51583\/revisions"}],"predecessor-version":[{"id":52030,"href":"https:\/\/escoles.fundesplai.org\/es\/wp-json\/wp\/v2\/posts\/51583\/revisions\/52030"}],"wp:featuredmedia":[{"embeddable":true,"href":"https:\/\/escoles.fundesplai.org\/es\/wp-json\/wp\/v2\/media\/51255"}],"wp:attachment":[{"href":"https:\/\/escoles.fundesplai.org\/es\/wp-json\/wp\/v2\/media?parent=51583"}],"wp:term":[{"taxonomy":"category","embeddable":true,"href":"https:\/\/escoles.fundesplai.org\/es\/wp-json\/wp\/v2\/categories?post=51583"},{"taxonomy":"post_tag","embeddable":true,"href":"https:\/\/escoles.fundesplai.org\/es\/wp-json\/wp\/v2\/tags?post=51583"}],"curies":[{"name":"wp","href":"https:\/\/api.w.org\/{rel}","templated":true}]}}