{"id":53559,"date":"2025-11-20T11:39:05","date_gmt":"2025-11-20T10:39:05","guid":{"rendered":"https:\/\/escoles.fundesplai.org\/sin-categorizar\/20n-reivindicamos-el-derecho-a-la-vida\/"},"modified":"2025-11-25T11:28:51","modified_gmt":"2025-11-25T10:28:51","slug":"20n-reivindicamos-el-derecho-a-la-vida","status":"publish","type":"post","link":"https:\/\/escoles.fundesplai.org\/es\/blog-es\/comedor-escolar\/20n-reivindicamos-el-derecho-a-la-vida\/","title":{"rendered":"20N- \u00a1Por el derecho a vivir en un mundo de paz!"},"content":{"rendered":"<p>[et_pb_section fb_built=\u00bb1&#8243; _builder_version=\u00bb4.22.2&#8243; _module_preset=\u00bbdefault\u00bb global_colors_info=\u00bb{}\u00bb][et_pb_row disabled_on=\u00bboff|off|off\u00bb _builder_version=\u00bb4.22.2&#8243; _module_preset=\u00bbdefault\u00bb global_colors_info=\u00bb{}\u00bb][et_pb_column type=\u00bb4_4&#8243; _builder_version=\u00bb4.22.2&#8243; _module_preset=\u00bbdefault\u00bb global_colors_info=\u00bb{}\u00bb][et_pb_text admin_label=\u00bbINTRO\u00bb _builder_version=\u00bb4.27.4&#8243; _module_preset=\u00bbdefault\u00bb global_colors_info=\u00bb{}\u00bb]<\/p>\n<p>Esta semana celebramos el <strong>D\u00eda universal de los Derechos de la Infancia, el 20N<\/strong>. Una fecha especialmente relevante en el mundo educativo y social, que este a\u00f1o, desde Fundesplai trabajamos en las escuelas y esplais a trav\u00e9s de nuestra propuesta educativa <g id=\"gid_1\">\u00abAmb veu i en peu\u00bb<\/g>. <\/p>\n<p>[\/et_pb_text][et_pb_button button_url=\u00bbhttps:\/\/fundesplai.org\/amb-veu-i-en-peu\/\u00bb button_text=\u00bb\u00bfQuieres conocer la propuesta %22Amb veu i en peu%22?\u00bb button_alignment=\u00bbcenter\u00bb _builder_version=\u00bb4.27.4&#8243; _module_preset=\u00bbdefault\u00bb custom_margin=\u00bb40px||30px||false|false\u00bb global_colors_info=\u00bb{}\u00bb][\/et_pb_button][et_pb_text admin_label=\u00bbINTRO\u00bb _builder_version=\u00bb4.27.4&#8243; _module_preset=\u00bbdefault\u00bb global_colors_info=\u00bb{}\u00bb]<\/p>\n<p>Los Derechos de los ni\u00f1os y ni\u00f1as son los derechos que tienen todos los ni\u00f1os, ni\u00f1as y adolescentes, y si la sociedad no asegura estos derechos, es necesario reivindicarlos. Los ni\u00f1os, ni\u00f1as y adolescentes son personas con voz propia que merecen protecci\u00f3n y oportunidades para crecer de forma plena. Estos derechos est\u00e1n recogidos en la <g id=\"gid_0\">Convenci\u00f3n sobre los Derechos del Ni\u00f1o 1989<\/g> que engloba los derechos de supervivencia, los derechos de desarrollo, los derechos de protecci\u00f3n y los de participaci\u00f3n.  <\/p>\n<p>Este a\u00f1o, nuestra propuesta educativa <a href=\"https:\/\/fundesplai.org\/amb-veu-i-en-peu\/\">\u00abAmb veu i en peu\u00bb<\/a> est\u00e1 estrechamente relacionada. Una propuesta para la paz y la democracia que tiene el objetivo de contribuir a la construcci\u00f3n de una paz justa y positiva y al fortalecimiento de una democracia participativa mediante la educaci\u00f3n transformadora de los ni\u00f1os, ni\u00f1as y j\u00f3venes. <\/p>\n<p>Durante toda la semana desde Fundesplai nos centramos en el reto colectivo de <a href=\"https:\/\/fundesplai.org\/amb-veu-i-en-peu\/reptes-collectius\/repte-reivindiquem-larticle-55\/\">reclamar el art\u00edculo 55: \u00abel derecho a vivir en un mundo de Paz\u00bb un art\u00edculo que no est\u00e1 recogido en la convenci\u00f3n de 1989 pero que es necesario reivindicar.<\/a><\/p>\n<p>Reclamamos que todas las ni\u00f1as y todos los ni\u00f1os tengan derecho a crecer en un mundo de paz, libre de violencias, conflictos armados, miedo e injusticias. Y tengan derecho a so\u00f1ar, a jugar, a amar y a ser queridos y queridas en un entorno seguro y pac\u00edfico. <\/p>\n<p>[\/et_pb_text][\/et_pb_column][\/et_pb_row][et_pb_row column_structure=\u00bb1_3,1_3,1_3&#8243; _builder_version=\u00bb4.27.4&#8243; _module_preset=\u00bbdefault\u00bb custom_margin=\u00bb50px||||false|false\u00bb global_colors_info=\u00bb{}\u00bb][et_pb_column type=\u00bb1_3&#8243; _builder_version=\u00bb4.22.2&#8243; _module_preset=\u00bbdefault\u00bb global_colors_info=\u00bb{}\u00bb][et_pb_image src=\u00bbhttps:\/\/escoles.fundesplai.org\/wp-content\/uploads\/2025\/11\/Infant-llegint-dia-20N-Fundesplai-1.webp\u00bb alt=\u00bbInfante leyendo d\u00eda 20N redes sociales\u00bb title_text=\u00bbInfante-leyendo-d\u00eda-20N-Fundesplai-1&#8243; url=\u00bbhttps:\/\/www.instagram.com\/reel\/DRMoZ8bDwgR\/?igsh=MTV0bDRhYXBqZXBlOQ%3D%3D\u00bb align=\u00bbcenter\u00bb _builder_version=\u00bb4.27.4&#8243; _module_preset=\u00bbdefault\u00bb width=\u00bb70%\u00bb global_colors_info=\u00bb{}\u00bb][\/et_pb_image][\/et_pb_column][et_pb_column type=\u00bb1_3&#8243; _builder_version=\u00bb4.22.2&#8243; _module_preset=\u00bbdefault\u00bb global_colors_info=\u00bb{}\u00bb][et_pb_image src=\u00bbhttps:\/\/escoles.fundesplai.org\/wp-content\/uploads\/2025\/11\/Cartell-20N-proposta-educativa-Fundesplai-1.webp\u00bb alt=\u00bbCartel 20N propuesta educativa redes sociales\u00bb title_text=\u00bbCartel-20N-propuesta-educativa-Fundesplai-1&#8243; url=\u00bbhttps:\/\/www.instagram.com\/reel\/DRPc5CiDnh9\/?igsh=Mjg4NWhlMHRzbm96&#8243; align=\u00bbcenter\u00bb _builder_version=\u00bb4.27.4&#8243; _module_preset=\u00bbdefault\u00bb width=\u00bb70%\u00bb global_colors_info=\u00bb{}\u00bb][\/et_pb_image][\/et_pb_column][et_pb_column type=\u00bb1_3&#8243; _builder_version=\u00bb4.22.2&#8243; _module_preset=\u00bbdefault\u00bb global_colors_info=\u00bb{}\u00bb][et_pb_image src=\u00bbhttps:\/\/escoles.fundesplai.org\/wp-content\/uploads\/2025\/11\/Infants-dia-dels-drets-dels-infants-Fundesplai-1.webp\u00bb alt=\u00bbNi\u00f1os d\u00eda de los derechos de los ni\u00f1os redes sociales\u00bb title_text=\u00bbNi\u00f1os-d\u00eda-de los-derechos-de los-ni\u00f1os-Fundesplai-1&#8243; url=\u00bbhttps:\/\/www.instagram.com\/reel\/DRKXSoIj2OW\/?igsh=czhkNDI0a3VqeGlr\u00bb align=\u00bbcenter\u00bb _builder_version=\u00bb4.27.4&#8243; _module_preset=\u00bbdefault\u00bb width=\u00bb70%\u00bb global_colors_info=\u00bb{}\u00bb][\/et_pb_image][\/et_pb_column][\/et_pb_row][et_pb_row _builder_version=\u00bb4.27.4&#8243; _module_preset=\u00bbdefault\u00bb custom_margin=\u00bb50px||30px||false|false\u00bb global_colors_info=\u00bb{}\u00bb][et_pb_column type=\u00bb4_4&#8243; _builder_version=\u00bb4.22.2&#8243; _module_preset=\u00bbdefault\u00bb global_colors_info=\u00bb{}\u00bb][et_pb_button button_url=\u00bbhttps:\/\/www.instagram.com\/fundesplai\/?igsh=MTVyM2dueWQxeHBlMw%3D%3D#\u00bb button_text=\u00bbDescubre las opiniones de los ni\u00f1os y ni\u00f1as\u00bb button_alignment=\u00bbcenter\u00bb _builder_version=\u00bb4.27.4&#8243; _module_preset=\u00bbdefault\u00bb global_colors_info=\u00bb{}\u00bb][\/et_pb_button][\/et_pb_column][\/et_pb_row][et_pb_row _builder_version=\u00bb4.22.2&#8243; _module_preset=\u00bbdefault\u00bb global_colors_info=\u00bb{}\u00bb][et_pb_column type=\u00bb4_4&#8243; _builder_version=\u00bb4.22.2&#8243; _module_preset=\u00bbdefault\u00bb global_colors_info=\u00bb{}\u00bb][et_pb_text _builder_version=\u00bb4.27.4&#8243; _module_preset=\u00bbdefault\u00bb custom_margin=\u00bb30px||||false|false\u00bb global_colors_info=\u00bb{}\u00bb]<\/p>\n<p>En estos v\u00eddeos, los ni\u00f1os y ni\u00f1as nos hablan sobre el art\u00edculo 55 y el Derecho a vivir en un mundo de Paz: nos hablan de las oportunidades, del deseo de vivir en un mundo sin guerras ni conflictos, de la felicidad y la ayuda mutua.<\/p>\n<p>A lo largo de esta semana los ni\u00f1os, ni\u00f1as y j\u00f3venes desde el <a href=\"https:\/\/escoles.fundesplai.org\/es\/actividades-escuela\/comedor-tiempo-educativo-del-mediodia\/\">Tiempo Educativo del Mediod\u00eda<\/a> y los esplais participan en diferentes actividades y din\u00e1micas para ayudar a los ni\u00f1os y ni\u00f1as a conocer y respetar estos derechos, fomentar la <strong>convivencia, desarrollar empat\u00eda, darles voz, promover responsabilidad y crear un entorno seguro y justo para todos y todas.<\/strong><\/p>\n<p>Hemos reflexionado, hemos hecho juegos de pistas y gincanas, y tambi\u00e9n muchas manualidades como miles y miles de gr\u00faas de papiroflexia para reivindicar la Paz.<\/p>\n<p>[\/et_pb_text][\/et_pb_column][\/et_pb_row][et_pb_row _builder_version=\u00bb4.22.2&#8243; _module_preset=\u00bbdefault\u00bb global_colors_info=\u00bb{}\u00bb][et_pb_column type=\u00bb4_4&#8243; _builder_version=\u00bb4.22.2&#8243; _module_preset=\u00bbdefault\u00bb global_colors_info=\u00bb{}\u00bb][et_pb_divider _builder_version=\u00bb4.22.2&#8243; _module_preset=\u00bbdefault\u00bb custom_margin=\u00bb30px||||false|false\u00bb global_colors_info=\u00bb{}\u00bb][\/et_pb_divider][et_pb_text admin_label=\u00bbAix\u00ed s&#8217;ha celebrat\u00bb _builder_version=\u00bb4.27.4&#8243; _module_preset=\u00bbdefault\u00bb custom_margin=\u00bb10px||||false|false\u00bb global_colors_info=\u00bb{}\u00bb]<\/p>\n<h3 style=\"text-align: center;\">Y AS\u00cd SE HA CELEBRADO EN LAS ESCUELAS&#8230;\ud83d\udcaa\ud83c\udffb\u2764\ufe0f<\/h3>\n<p>[\/et_pb_text][et_pb_divider _builder_version=\u00bb4.22.2&#8243; _module_preset=\u00bbdefault\u00bb custom_margin=\u00bb30px||||false|false\u00bb global_colors_info=\u00bb{}\u00bb][\/et_pb_divider][et_pb_gallery gallery_ids=\u00bb63936,63937,63938,63939,63940,63941,63942,63943,63944,63945,63946,63947,63948,63949,63950,63951,63952,63953,63954,63955,63956,63957,63958,63959,63960,63961,63962,63963,63964,63965,63966,63967,63968,63969,63970,63971,64017,64018,64019,64020,64021,64022,64023,64024,64025,64026,64027,64028,64029,64030,64031,64032,64033,64034,64035,64036,64037,64038,64039,64040,64041,64058,64042,64043,64061,64059,64052,64060,64057,64056,64055,64054,64046,64047,64049,64048,64050,64116,64051,64053,64045,64044,64115,64124,64123,64122,64121,64120,64118,64119,64117&#8243; posts_number=\u00bb68&#8243; show_title_and_caption=\u00bboff\u00bb admin_label=\u00bbGallery 2025&#8243; _builder_version=\u00bb4.27.4&#8243; _module_preset=\u00bbdefault\u00bb custom_margin=\u00bb30px||||false|false\u00bb hover_enabled=\u00bb0&#8243; global_colors_info=\u00bb{}\u00bb sticky_enabled=\u00bb0&#8243;][\/et_pb_gallery][\/et_pb_column][\/et_pb_row][et_pb_row _builder_version=\u00bb4.22.2&#8243; _module_preset=\u00bbdefault\u00bb global_colors_info=\u00bb{}\u00bb][et_pb_column type=\u00bb4_4&#8243; _builder_version=\u00bb4.22.2&#8243; _module_preset=\u00bbdefault\u00bb global_colors_info=\u00bb{}\u00bb][et_pb_text _builder_version=\u00bb4.22.2&#8243; _module_preset=\u00bbdefault\u00bb custom_margin=\u00bb30px||50px||false|false\u00bb global_colors_info=\u00bb{}\u00bb]<\/p>\n<p style=\"text-align: center;\"><strong>As\u00ed se ha celebrado en las escuelas el DUDI<\/strong><br \/><strong>Si te ha gustado esta entrada, \u00a1comp\u00e1rtela en las redes!<\/strong><\/p>\n<p>[\/et_pb_text][\/et_pb_column][\/et_pb_row][\/et_pb_section]<\/p>\n","protected":false},"excerpt":{"rendered":"<p>El 20N es el D\u00eda Universal de los Derechos de la Infancia, reivindicamos el Derecho al Ocio y el Derecho a vivir en un mundo de Paz. As\u00ed lo hemos celebrado durante toda la semana en el Tiempo Educativo del Mediod\u00eda. <\/p>\n","protected":false},"author":26,"featured_media":63849,"comment_status":"closed","ping_status":"closed","sticky":false,"template":"","format":"standard","meta":{"_et_pb_use_builder":"on","_et_pb_old_content":"","_et_gb_content_width":"","footnotes":""},"categories":[299],"tags":[],"class_list":["post-53559","post","type-post","status-publish","format-standard","has-post-thumbnail","hentry","category-comedor-escolar"],"yoast_head":"<!-- This site is optimized with the Yoast SEO plugin v27.5 - https:\/\/yoast.com\/product\/yoast-seo-wordpress\/ -->\n<title>20N- \u00a1Por el derecho a vivir en un mundo de paz! - Fundesplai M\u00f3n Escolar<\/title>\n<meta name=\"description\" content=\"El 20N es el D\u00eda Universal de los Derechos de la Infancia, reivindicamos el Derecho al Ocio y el Derecho a vivir en un mundo de Paz\" \/>\n<meta name=\"robots\" content=\"index, follow, max-snippet:-1, max-image-preview:large, max-video-preview:-1\" \/>\n<link rel=\"canonical\" href=\"https:\/\/escoles.fundesplai.org\/es\/blog-es\/comedor-escolar\/20n-reivindicamos-el-derecho-a-la-vida\/\" \/>\n<meta property=\"og:locale\" content=\"es_ES\" \/>\n<meta property=\"og:type\" content=\"article\" \/>\n<meta property=\"og:title\" content=\"20N- \u00a1Por el derecho a vivir en un mundo de paz! - Fundesplai M\u00f3n Escolar\" \/>\n<meta property=\"og:description\" content=\"El 20N es el D\u00eda Universal de los Derechos de la Infancia, reivindicamos el Derecho al Ocio y el Derecho a vivir en un mundo de Paz\" \/>\n<meta property=\"og:url\" content=\"https:\/\/escoles.fundesplai.org\/es\/blog-es\/comedor-escolar\/20n-reivindicamos-el-derecho-a-la-vida\/\" \/>\n<meta property=\"og:site_name\" content=\"Fundesplai M\u00f3n Escolar\" \/>\n<meta property=\"article:publisher\" content=\"https:\/\/www.facebook.com\/Fundesplai\/\" \/>\n<meta property=\"article:published_time\" content=\"2025-11-20T10:39:05+00:00\" \/>\n<meta property=\"article:modified_time\" content=\"2025-11-25T10:28:51+00:00\" \/>\n<meta property=\"og:image\" content=\"https:\/\/escoles.fundesplai.org\/wp-content\/uploads\/2025\/11\/Portada-dia-20N-Fundesplai.webp\" \/>\n\t<meta property=\"og:image:width\" content=\"1888\" \/>\n\t<meta property=\"og:image:height\" content=\"900\" \/>\n\t<meta property=\"og:image:type\" content=\"image\/webp\" \/>\n<meta name=\"author\" content=\"Mariona Duch\" \/>\n<meta name=\"twitter:card\" content=\"summary_large_image\" \/>\n<meta name=\"twitter:creator\" content=\"@fundesplai\" \/>\n<meta name=\"twitter:site\" content=\"@fundesplai\" \/>\n<meta name=\"twitter:label1\" content=\"Escrito por\" \/>\n\t<meta name=\"twitter:data1\" content=\"Mariona Duch\" \/>\n\t<meta name=\"twitter:label2\" content=\"Tiempo de lectura\" \/>\n\t<meta name=\"twitter:data2\" content=\"6 minutos\" \/>\n<script type=\"application\/ld+json\" class=\"yoast-schema-graph\">{\"@context\":\"https:\\\/\\\/schema.org\",\"@graph\":[{\"@type\":\"Article\",\"@id\":\"https:\\\/\\\/escoles.fundesplai.org\\\/es\\\/blog-es\\\/comedor-escolar\\\/20n-reivindicamos-el-derecho-a-la-vida\\\/#article\",\"isPartOf\":{\"@id\":\"https:\\\/\\\/escoles.fundesplai.org\\\/es\\\/blog-es\\\/comedor-escolar\\\/20n-reivindicamos-el-derecho-a-la-vida\\\/\"},\"author\":{\"name\":\"Mariona Duch\",\"@id\":\"https:\\\/\\\/escoles.fundesplai.org\\\/es\\\/#\\\/schema\\\/person\\\/2ca12c7f6e427a577b996c3c7f432211\"},\"headline\":\"20N- \u00a1Por el derecho a vivir en un mundo de paz!\",\"datePublished\":\"2025-11-20T10:39:05+00:00\",\"dateModified\":\"2025-11-25T10:28:51+00:00\",\"mainEntityOfPage\":{\"@id\":\"https:\\\/\\\/escoles.fundesplai.org\\\/es\\\/blog-es\\\/comedor-escolar\\\/20n-reivindicamos-el-derecho-a-la-vida\\\/\"},\"wordCount\":1127,\"publisher\":{\"@id\":\"https:\\\/\\\/escoles.fundesplai.org\\\/es\\\/#organization\"},\"image\":{\"@id\":\"https:\\\/\\\/escoles.fundesplai.org\\\/es\\\/blog-es\\\/comedor-escolar\\\/20n-reivindicamos-el-derecho-a-la-vida\\\/#primaryimage\"},\"thumbnailUrl\":\"https:\\\/\\\/escoles.fundesplai.org\\\/wp-content\\\/uploads\\\/2025\\\/11\\\/Portada-dia-20N-Fundesplai.webp\",\"articleSection\":[\"Comedor escolar\"],\"inLanguage\":\"es\"},{\"@type\":\"WebPage\",\"@id\":\"https:\\\/\\\/escoles.fundesplai.org\\\/es\\\/blog-es\\\/comedor-escolar\\\/20n-reivindicamos-el-derecho-a-la-vida\\\/\",\"url\":\"https:\\\/\\\/escoles.fundesplai.org\\\/es\\\/blog-es\\\/comedor-escolar\\\/20n-reivindicamos-el-derecho-a-la-vida\\\/\",\"name\":\"20N- \u00a1Por el derecho a vivir en un mundo de paz! - Fundesplai M\u00f3n Escolar\",\"isPartOf\":{\"@id\":\"https:\\\/\\\/escoles.fundesplai.org\\\/es\\\/#website\"},\"primaryImageOfPage\":{\"@id\":\"https:\\\/\\\/escoles.fundesplai.org\\\/es\\\/blog-es\\\/comedor-escolar\\\/20n-reivindicamos-el-derecho-a-la-vida\\\/#primaryimage\"},\"image\":{\"@id\":\"https:\\\/\\\/escoles.fundesplai.org\\\/es\\\/blog-es\\\/comedor-escolar\\\/20n-reivindicamos-el-derecho-a-la-vida\\\/#primaryimage\"},\"thumbnailUrl\":\"https:\\\/\\\/escoles.fundesplai.org\\\/wp-content\\\/uploads\\\/2025\\\/11\\\/Portada-dia-20N-Fundesplai.webp\",\"datePublished\":\"2025-11-20T10:39:05+00:00\",\"dateModified\":\"2025-11-25T10:28:51+00:00\",\"description\":\"El 20N es el D\u00eda Universal de los Derechos de la Infancia, reivindicamos el Derecho al Ocio y el Derecho a vivir en un mundo de Paz\",\"breadcrumb\":{\"@id\":\"https:\\\/\\\/escoles.fundesplai.org\\\/es\\\/blog-es\\\/comedor-escolar\\\/20n-reivindicamos-el-derecho-a-la-vida\\\/#breadcrumb\"},\"inLanguage\":\"es\",\"potentialAction\":[{\"@type\":\"ReadAction\",\"target\":[\"https:\\\/\\\/escoles.fundesplai.org\\\/es\\\/blog-es\\\/comedor-escolar\\\/20n-reivindicamos-el-derecho-a-la-vida\\\/\"]}]},{\"@type\":\"ImageObject\",\"inLanguage\":\"es\",\"@id\":\"https:\\\/\\\/escoles.fundesplai.org\\\/es\\\/blog-es\\\/comedor-escolar\\\/20n-reivindicamos-el-derecho-a-la-vida\\\/#primaryimage\",\"url\":\"https:\\\/\\\/escoles.fundesplai.org\\\/wp-content\\\/uploads\\\/2025\\\/11\\\/Portada-dia-20N-Fundesplai.webp\",\"contentUrl\":\"https:\\\/\\\/escoles.fundesplai.org\\\/wp-content\\\/uploads\\\/2025\\\/11\\\/Portada-dia-20N-Fundesplai.webp\",\"width\":1888,\"height\":900},{\"@type\":\"BreadcrumbList\",\"@id\":\"https:\\\/\\\/escoles.fundesplai.org\\\/es\\\/blog-es\\\/comedor-escolar\\\/20n-reivindicamos-el-derecho-a-la-vida\\\/#breadcrumb\",\"itemListElement\":[{\"@type\":\"ListItem\",\"position\":1,\"name\":\"Inici\",\"item\":\"https:\\\/\\\/escoles.fundesplai.org\\\/es\\\/inicio\\\/\"},{\"@type\":\"ListItem\",\"position\":2,\"name\":\"Blog\",\"item\":\"https:\\\/\\\/escoles.fundesplai.org\\\/es\\\/blog-es\\\/\"},{\"@type\":\"ListItem\",\"position\":3,\"name\":\"Comedor escolar\",\"item\":\"https:\\\/\\\/escoles.fundesplai.org\\\/es\\\/blog-es\\\/comedor-escolar\\\/\"},{\"@type\":\"ListItem\",\"position\":4,\"name\":\"20N- \u00a1Por el derecho a vivir en un mundo de paz!\"}]},{\"@type\":\"WebSite\",\"@id\":\"https:\\\/\\\/escoles.fundesplai.org\\\/es\\\/#website\",\"url\":\"https:\\\/\\\/escoles.fundesplai.org\\\/es\\\/\",\"name\":\"Fundesplai M\u00f3n Escolar\",\"description\":\"Serveis de lleure educatiu per a escoles\",\"publisher\":{\"@id\":\"https:\\\/\\\/escoles.fundesplai.org\\\/es\\\/#organization\"},\"potentialAction\":[{\"@type\":\"SearchAction\",\"target\":{\"@type\":\"EntryPoint\",\"urlTemplate\":\"https:\\\/\\\/escoles.fundesplai.org\\\/es\\\/?s={search_term_string}\"},\"query-input\":{\"@type\":\"PropertyValueSpecification\",\"valueRequired\":true,\"valueName\":\"search_term_string\"}}],\"inLanguage\":\"es\"},{\"@type\":\"Organization\",\"@id\":\"https:\\\/\\\/escoles.fundesplai.org\\\/es\\\/#organization\",\"name\":\"Fundesplai - M\u00f3n Escolar\",\"url\":\"https:\\\/\\\/escoles.fundesplai.org\\\/es\\\/\",\"logo\":{\"@type\":\"ImageObject\",\"inLanguage\":\"es\",\"@id\":\"https:\\\/\\\/escoles.fundesplai.org\\\/es\\\/#\\\/schema\\\/logo\\\/image\\\/\",\"url\":\"https:\\\/\\\/escoles.fundesplai.org\\\/wp-content\\\/uploads\\\/2021\\\/08\\\/logo-mon-escolar.png\",\"contentUrl\":\"https:\\\/\\\/escoles.fundesplai.org\\\/wp-content\\\/uploads\\\/2021\\\/08\\\/logo-mon-escolar.png\",\"width\":468,\"height\":211,\"caption\":\"Fundesplai - M\u00f3n Escolar\"},\"image\":{\"@id\":\"https:\\\/\\\/escoles.fundesplai.org\\\/es\\\/#\\\/schema\\\/logo\\\/image\\\/\"},\"sameAs\":[\"https:\\\/\\\/www.facebook.com\\\/Fundesplai\\\/\",\"https:\\\/\\\/x.com\\\/fundesplai\",\"https:\\\/\\\/www.instagram.com\\\/fundesplai\\\/\"]},{\"@type\":\"Person\",\"@id\":\"https:\\\/\\\/escoles.fundesplai.org\\\/es\\\/#\\\/schema\\\/person\\\/2ca12c7f6e427a577b996c3c7f432211\",\"name\":\"Mariona Duch\",\"image\":{\"@type\":\"ImageObject\",\"inLanguage\":\"es\",\"@id\":\"https:\\\/\\\/secure.gravatar.com\\\/avatar\\\/678f8dc5592155106183c2dba5a10542029cee6b53d56fa163cb5ba0b4db9386?s=96&d=mm&r=g\",\"url\":\"https:\\\/\\\/secure.gravatar.com\\\/avatar\\\/678f8dc5592155106183c2dba5a10542029cee6b53d56fa163cb5ba0b4db9386?s=96&d=mm&r=g\",\"contentUrl\":\"https:\\\/\\\/secure.gravatar.com\\\/avatar\\\/678f8dc5592155106183c2dba5a10542029cee6b53d56fa163cb5ba0b4db9386?s=96&d=mm&r=g\",\"caption\":\"Mariona Duch\"}}]}<\/script>\n<!-- \/ Yoast SEO plugin. -->","yoast_head_json":{"title":"20N- \u00a1Por el derecho a vivir en un mundo de paz! - Fundesplai M\u00f3n Escolar","description":"El 20N es el D\u00eda Universal de los Derechos de la Infancia, reivindicamos el Derecho al Ocio y el Derecho a vivir en un mundo de Paz","robots":{"index":"index","follow":"follow","max-snippet":"max-snippet:-1","max-image-preview":"max-image-preview:large","max-video-preview":"max-video-preview:-1"},"canonical":"https:\/\/escoles.fundesplai.org\/es\/blog-es\/comedor-escolar\/20n-reivindicamos-el-derecho-a-la-vida\/","og_locale":"es_ES","og_type":"article","og_title":"20N- \u00a1Por el derecho a vivir en un mundo de paz! - Fundesplai M\u00f3n Escolar","og_description":"El 20N es el D\u00eda Universal de los Derechos de la Infancia, reivindicamos el Derecho al Ocio y el Derecho a vivir en un mundo de Paz","og_url":"https:\/\/escoles.fundesplai.org\/es\/blog-es\/comedor-escolar\/20n-reivindicamos-el-derecho-a-la-vida\/","og_site_name":"Fundesplai M\u00f3n Escolar","article_publisher":"https:\/\/www.facebook.com\/Fundesplai\/","article_published_time":"2025-11-20T10:39:05+00:00","article_modified_time":"2025-11-25T10:28:51+00:00","og_image":[{"width":1888,"height":900,"url":"https:\/\/escoles.fundesplai.org\/wp-content\/uploads\/2025\/11\/Portada-dia-20N-Fundesplai.webp","type":"image\/webp"}],"author":"Mariona Duch","twitter_card":"summary_large_image","twitter_creator":"@fundesplai","twitter_site":"@fundesplai","twitter_misc":{"Escrito por":"Mariona Duch","Tiempo de lectura":"6 minutos"},"schema":{"@context":"https:\/\/schema.org","@graph":[{"@type":"Article","@id":"https:\/\/escoles.fundesplai.org\/es\/blog-es\/comedor-escolar\/20n-reivindicamos-el-derecho-a-la-vida\/#article","isPartOf":{"@id":"https:\/\/escoles.fundesplai.org\/es\/blog-es\/comedor-escolar\/20n-reivindicamos-el-derecho-a-la-vida\/"},"author":{"name":"Mariona Duch","@id":"https:\/\/escoles.fundesplai.org\/es\/#\/schema\/person\/2ca12c7f6e427a577b996c3c7f432211"},"headline":"20N- \u00a1Por el derecho a vivir en un mundo de paz!","datePublished":"2025-11-20T10:39:05+00:00","dateModified":"2025-11-25T10:28:51+00:00","mainEntityOfPage":{"@id":"https:\/\/escoles.fundesplai.org\/es\/blog-es\/comedor-escolar\/20n-reivindicamos-el-derecho-a-la-vida\/"},"wordCount":1127,"publisher":{"@id":"https:\/\/escoles.fundesplai.org\/es\/#organization"},"image":{"@id":"https:\/\/escoles.fundesplai.org\/es\/blog-es\/comedor-escolar\/20n-reivindicamos-el-derecho-a-la-vida\/#primaryimage"},"thumbnailUrl":"https:\/\/escoles.fundesplai.org\/wp-content\/uploads\/2025\/11\/Portada-dia-20N-Fundesplai.webp","articleSection":["Comedor escolar"],"inLanguage":"es"},{"@type":"WebPage","@id":"https:\/\/escoles.fundesplai.org\/es\/blog-es\/comedor-escolar\/20n-reivindicamos-el-derecho-a-la-vida\/","url":"https:\/\/escoles.fundesplai.org\/es\/blog-es\/comedor-escolar\/20n-reivindicamos-el-derecho-a-la-vida\/","name":"20N- \u00a1Por el derecho a vivir en un mundo de paz! - Fundesplai M\u00f3n Escolar","isPartOf":{"@id":"https:\/\/escoles.fundesplai.org\/es\/#website"},"primaryImageOfPage":{"@id":"https:\/\/escoles.fundesplai.org\/es\/blog-es\/comedor-escolar\/20n-reivindicamos-el-derecho-a-la-vida\/#primaryimage"},"image":{"@id":"https:\/\/escoles.fundesplai.org\/es\/blog-es\/comedor-escolar\/20n-reivindicamos-el-derecho-a-la-vida\/#primaryimage"},"thumbnailUrl":"https:\/\/escoles.fundesplai.org\/wp-content\/uploads\/2025\/11\/Portada-dia-20N-Fundesplai.webp","datePublished":"2025-11-20T10:39:05+00:00","dateModified":"2025-11-25T10:28:51+00:00","description":"El 20N es el D\u00eda Universal de los Derechos de la Infancia, reivindicamos el Derecho al Ocio y el Derecho a vivir en un mundo de Paz","breadcrumb":{"@id":"https:\/\/escoles.fundesplai.org\/es\/blog-es\/comedor-escolar\/20n-reivindicamos-el-derecho-a-la-vida\/#breadcrumb"},"inLanguage":"es","potentialAction":[{"@type":"ReadAction","target":["https:\/\/escoles.fundesplai.org\/es\/blog-es\/comedor-escolar\/20n-reivindicamos-el-derecho-a-la-vida\/"]}]},{"@type":"ImageObject","inLanguage":"es","@id":"https:\/\/escoles.fundesplai.org\/es\/blog-es\/comedor-escolar\/20n-reivindicamos-el-derecho-a-la-vida\/#primaryimage","url":"https:\/\/escoles.fundesplai.org\/wp-content\/uploads\/2025\/11\/Portada-dia-20N-Fundesplai.webp","contentUrl":"https:\/\/escoles.fundesplai.org\/wp-content\/uploads\/2025\/11\/Portada-dia-20N-Fundesplai.webp","width":1888,"height":900},{"@type":"BreadcrumbList","@id":"https:\/\/escoles.fundesplai.org\/es\/blog-es\/comedor-escolar\/20n-reivindicamos-el-derecho-a-la-vida\/#breadcrumb","itemListElement":[{"@type":"ListItem","position":1,"name":"Inici","item":"https:\/\/escoles.fundesplai.org\/es\/inicio\/"},{"@type":"ListItem","position":2,"name":"Blog","item":"https:\/\/escoles.fundesplai.org\/es\/blog-es\/"},{"@type":"ListItem","position":3,"name":"Comedor escolar","item":"https:\/\/escoles.fundesplai.org\/es\/blog-es\/comedor-escolar\/"},{"@type":"ListItem","position":4,"name":"20N- \u00a1Por el derecho a vivir en un mundo de paz!"}]},{"@type":"WebSite","@id":"https:\/\/escoles.fundesplai.org\/es\/#website","url":"https:\/\/escoles.fundesplai.org\/es\/","name":"Fundesplai M\u00f3n Escolar","description":"Serveis de lleure educatiu per a escoles","publisher":{"@id":"https:\/\/escoles.fundesplai.org\/es\/#organization"},"potentialAction":[{"@type":"SearchAction","target":{"@type":"EntryPoint","urlTemplate":"https:\/\/escoles.fundesplai.org\/es\/?s={search_term_string}"},"query-input":{"@type":"PropertyValueSpecification","valueRequired":true,"valueName":"search_term_string"}}],"inLanguage":"es"},{"@type":"Organization","@id":"https:\/\/escoles.fundesplai.org\/es\/#organization","name":"Fundesplai - M\u00f3n Escolar","url":"https:\/\/escoles.fundesplai.org\/es\/","logo":{"@type":"ImageObject","inLanguage":"es","@id":"https:\/\/escoles.fundesplai.org\/es\/#\/schema\/logo\/image\/","url":"https:\/\/escoles.fundesplai.org\/wp-content\/uploads\/2021\/08\/logo-mon-escolar.png","contentUrl":"https:\/\/escoles.fundesplai.org\/wp-content\/uploads\/2021\/08\/logo-mon-escolar.png","width":468,"height":211,"caption":"Fundesplai - M\u00f3n Escolar"},"image":{"@id":"https:\/\/escoles.fundesplai.org\/es\/#\/schema\/logo\/image\/"},"sameAs":["https:\/\/www.facebook.com\/Fundesplai\/","https:\/\/x.com\/fundesplai","https:\/\/www.instagram.com\/fundesplai\/"]},{"@type":"Person","@id":"https:\/\/escoles.fundesplai.org\/es\/#\/schema\/person\/2ca12c7f6e427a577b996c3c7f432211","name":"Mariona Duch","image":{"@type":"ImageObject","inLanguage":"es","@id":"https:\/\/secure.gravatar.com\/avatar\/678f8dc5592155106183c2dba5a10542029cee6b53d56fa163cb5ba0b4db9386?s=96&d=mm&r=g","url":"https:\/\/secure.gravatar.com\/avatar\/678f8dc5592155106183c2dba5a10542029cee6b53d56fa163cb5ba0b4db9386?s=96&d=mm&r=g","contentUrl":"https:\/\/secure.gravatar.com\/avatar\/678f8dc5592155106183c2dba5a10542029cee6b53d56fa163cb5ba0b4db9386?s=96&d=mm&r=g","caption":"Mariona Duch"}}]}},"_links":{"self":[{"href":"https:\/\/escoles.fundesplai.org\/es\/wp-json\/wp\/v2\/posts\/53559","targetHints":{"allow":["GET"]}}],"collection":[{"href":"https:\/\/escoles.fundesplai.org\/es\/wp-json\/wp\/v2\/posts"}],"about":[{"href":"https:\/\/escoles.fundesplai.org\/es\/wp-json\/wp\/v2\/types\/post"}],"author":[{"embeddable":true,"href":"https:\/\/escoles.fundesplai.org\/es\/wp-json\/wp\/v2\/users\/26"}],"replies":[{"embeddable":true,"href":"https:\/\/escoles.fundesplai.org\/es\/wp-json\/wp\/v2\/comments?post=53559"}],"version-history":[{"count":34,"href":"https:\/\/escoles.fundesplai.org\/es\/wp-json\/wp\/v2\/posts\/53559\/revisions"}],"predecessor-version":[{"id":64133,"href":"https:\/\/escoles.fundesplai.org\/es\/wp-json\/wp\/v2\/posts\/53559\/revisions\/64133"}],"wp:featuredmedia":[{"embeddable":true,"href":"https:\/\/escoles.fundesplai.org\/es\/wp-json\/wp\/v2\/media\/63849"}],"wp:attachment":[{"href":"https:\/\/escoles.fundesplai.org\/es\/wp-json\/wp\/v2\/media?parent=53559"}],"wp:term":[{"taxonomy":"category","embeddable":true,"href":"https:\/\/escoles.fundesplai.org\/es\/wp-json\/wp\/v2\/categories?post=53559"},{"taxonomy":"post_tag","embeddable":true,"href":"https:\/\/escoles.fundesplai.org\/es\/wp-json\/wp\/v2\/tags?post=53559"}],"curies":[{"name":"wp","href":"https:\/\/api.w.org\/{rel}","templated":true}]}}