{"id":60695,"date":"2021-10-27T13:43:26","date_gmt":"2021-10-27T11:43:26","guid":{"rendered":"https:\/\/escoles.fundesplai.org\/sin-categorizar\/52-cuentos-para-acompanar-a-los-ninos-y-ninas-en-el-duelo\/"},"modified":"2025-08-14T09:14:33","modified_gmt":"2025-08-14T07:14:33","slug":"52-cuentos-para-acompanar-a-los-ninos-y-ninas-en-el-duelo","status":"publish","type":"post","link":"https:\/\/escoles.fundesplai.org\/es\/blog-es\/educacion-en-el-tiempo-libre\/52-cuentos-para-acompanar-a-los-ninos-y-ninas-en-el-duelo\/","title":{"rendered":"52 Cuentos para acompa\u00f1ar a los ni\u00f1os y ni\u00f1as en el duelo"},"content":{"rendered":"<p>[et_pb_section fb_built=\u00bb1&#8243; _builder_version=\u00bb4.16&#8243; _module_preset=\u00bbdefault\u00bb global_colors_info=\u00bb{}\u00bb][et_pb_row _builder_version=\u00bb4.16&#8243; _module_preset=\u00bbdefault\u00bb global_colors_info=\u00bb{}\u00bb][et_pb_column type=\u00bb4_4&#8243; _builder_version=\u00bb4.16&#8243; _module_preset=\u00bbdefault\u00bb global_colors_info=\u00bb{}\u00bb][et_pb_text admin_label=\u00bbintro\u00bb _builder_version=\u00bb4.16&#8243; _module_preset=\u00bbdefault\u00bb global_colors_info=\u00bb{}\u00bb]<\/p>\n<p>Nuestro d\u00eda a d\u00eda est\u00e1 formado por <strong>emociones y sentimientos<\/strong>, y es que nuestro cuerpo reacciona a todo lo que ocurre durante las 24 horas del d\u00eda y que nos afecta directa o indirectamente. Felicidad, miedo, ira, alegr\u00eda, tristeza, sorpresa&#8230; todo son estados an\u00edmicos que sentimos y que expresamos de formas diferentes. <\/p>\n<p>En esta entrada te queremos hablar del <strong>duelo<\/strong>. El duelo es un <strong>proceso psicol\u00f3gico al que nos enfrentamos despu\u00e9s de una p\u00e9rdida<\/strong>, algo que toda persona vivir\u00e1 a lo largo de su vida. Hablar de luto no significa solo de la p\u00e9rdida de una persona, sino que puede ser la p\u00e9rdida de una mascota, de una relaci\u00f3n, de un trabajo, de no poder ir a jugar al parque, la p\u00e9rdida de un amigo o amiga&#8230; <strong>Cada situaci\u00f3n se vivir\u00e1 de forma diferente<\/strong>, pero todos ser\u00e1n procesos que habr\u00e1 que vivir y superar.  <\/p>\n<p>De la misma forma que no se vive igual seg\u00fan sea la p\u00e9rdida, tampoco se vive igual seg\u00fan la edad de la persona. As\u00ed pues, los ni\u00f1os, ni\u00f1as y las personas adultas lo vivir\u00e1n de manera diferente. Elisabeth K\u00fabler-Ross, psic\u00f3loga especialista en el duelo y la muerte, argumenta que a menudo <strong>los ni\u00f1os y ni\u00f1as viven la muerte dependiendo de c\u00f3mo la vivan sus adultos referentes<\/strong>. Es evidente pues, que la forma en que los adultos tratamos el tema de la muerte, influir\u00e1 en la manera en que nuestros ni\u00f1os y ni\u00f1as la perciben.   <\/p>\n<p>[\/et_pb_text][et_pb_text admin_label=\u00bbdol en infants\u00bb _builder_version=\u00bb4.16&#8243; _module_preset=\u00bbdefault\u00bb custom_margin=\u00bb30px||||false|false\u00bb global_colors_info=\u00bb{}\u00bb]<\/p>\n<h3>EL DUELO EN LOS NI\u00d1OS Y NI\u00d1AS<\/h3>\n<p><a href=\"https:\/\/ca.wikipedia.org\/wiki\/Elisabeth_K%C3%BCbler-Ross\">K\u00fabler-Ross<\/a> centr\u00f3 algunos de sus estudios y observaciones en el duelo y habla de <strong>diferentes fases<\/strong> en el proceso de p\u00e9rdida que las personas vivimos en mayor o menor grado, pero tal y como hemos dicho, <strong>para cada persona ser\u00e1 un proceso \u00fanico<\/strong>. Las fases son las siguientes: <\/p>\n<ol>\n<li><strong>Negaci\u00f3n:<\/strong> es la reacci\u00f3n m\u00e1s inmediata a la p\u00e9rdida y con frecuencia puede ir acompa\u00f1ada de un estado de shock.<\/li>\n<li><strong>Ira:<\/strong> es el momento en que se busca achacar la culpa de la p\u00e9rdida a algo. Sentimientos de frustraci\u00f3n e impotencia son los que suelen o\u00edrse en esta fase. <\/li>\n<li><strong>Negociaci\u00f3n:<\/strong> en esta fase se intenta pensar o hacer cosas para revertir la situaci\u00f3n, con la esperanza de que nada cambie.<\/li>\n<li><strong>Depresi\u00f3n:<\/strong> es el momento en el que se empieza a asumir la situaci\u00f3n y donde surgen sentimientos y estados como la pena, la nostalgia o aislarse de la sociedad.<\/li>\n<li><strong>Aceptaci\u00f3n:<\/strong> es la \u00faltima fase y puede ser la m\u00e1s dif\u00edcil de conseguir. Se trata de conseguir una calma emocional relacionada con la aceptaci\u00f3n de que la muerte es un fen\u00f3meno natural. <\/li>\n<\/ol>\n<p>Todas estas fases se perciben en mayor o menor medida seg\u00fan cada persona. En el caso de los ni\u00f1os y ni\u00f1as, seg\u00fan la edad, pueden notar c\u00f3mo nos sentimos o pueden percibir que algo nos pasa. Por eso, est\u00e1 bien mostrar y compartir nuestros sentimientos con ellos y ellas, esto tambi\u00e9n les puede dar seguridad ante estas situaciones. Que esto ocurra es importante, ya que se podr\u00e1 hacer un acompa\u00f1amiento m\u00e1s adecuado en su expresi\u00f3n de los sentimientos.   <\/p>\n<p>Zenaia Aguilar Vijande, psic\u00f3loga del <a href=\"https:\/\/www.institutocarlrogers.org\/\">Instituto Carl Rogers<\/a>, da algunas <strong>indicaciones<\/strong> sobre el duelo en las diferentes etapas de los ni\u00f1os y ni\u00f1as.<\/p>\n<ul>\n<li>De <strong>0 a 3 a\u00f1os<\/strong>: no entienden el concepto de muerte como tal, pero notan la ausencia de una persona muy cercana. Aconseja que exista alguna otra figura que pueda suplir ese posible sentimiento de abandono. <\/li>\n<li>De <strong>4 a 7 a\u00f1os<\/strong>: son edades en las que todav\u00eda pueden pensar que la persona puede volver, por eso es necesario que les dejemos claro que es un hecho irreversible. Tambi\u00e9n hay que tener claro que es una \u00e9poca de muchas preguntas y que como adultos\/as, es necesario estar preparados\/as. <\/li>\n<li>De <strong>7 a 12 a\u00f1os<\/strong>: en estas edades ya diferencian la realidad de la fantas\u00eda. El proceso puede ser similar al de los adultos, y por tanto es necesario poder acompa\u00f1arlos en este camino. <\/li>\n<\/ul>\n<p>&nbsp;<\/p>\n<p>[\/et_pb_text][et_pb_image src=\u00bbhttps:\/\/escoles.fundesplai.org\/wp-content\/uploads\/2021\/10\/Acompanyament-dol-2.jpg\u00bb title_text=\u00bbAcompa\u00f1amiento duelo\u00bb align=\u00bbcenter\u00bb _builder_version=\u00bb4.16&#8243; _module_preset=\u00bbdefault\u00bb width=\u00bb100%\u00bb max_width=\u00bb100%\u00bb custom_margin=\u00bb20px||20px||false|false\u00bb global_colors_info=\u00bb{}\u00bb][\/et_pb_image][et_pb_text admin_label=\u00bbrecomanacions\u00bb _builder_version=\u00bb4.27.4&#8243; _module_preset=\u00bbdefault\u00bb custom_margin=\u00bb30px||||false|false\u00bb global_colors_info=\u00bb{}\u00bb]<\/p>\n<h3>RECOMENDACIONES PARA ACOMPA\u00d1AR EN EL DUELO<\/h3>\n<p>Desde <a href=\"https:\/\/escolasalut.sjdhospitalbarcelona.org\/ca\/noticies\/faros-passa-formar-part-escola-de-salut\">FAROS<\/a> y tambi\u00e9n en una <a href=\"https:\/\/epce.blogs.uoc.edu\/ca\/com-gestionar-proces-dol-en-la-infancia-psicologia-infantil\/\">publicaci\u00f3n<\/a> de Zenaida, se dan varias recomendaciones para <strong>acompa\u00f1ar a los ni\u00f1os\/as en el duelo<\/strong>. Te exponemos las m\u00e1s relevantes.<\/p>\n<ul>\n<li>Dar la informaci\u00f3n <strong>tan pronto como se pueda<\/strong>.<\/li>\n<li>Usar un <strong>lenguaje sencillo<\/strong> y que no confunda al ni\u00f1o\/a.<\/li>\n<li>Aceptar su <strong>reacci\u00f3n<\/strong> y hacerles entender que su reacci\u00f3n puede ser dada por la tristeza o dolor.<\/li>\n<li>Crear un <strong>espacio<\/strong> para hablar sobre el tema y resolver sus dudas.<\/li>\n<li><strong>Compartir<\/strong> c\u00f3mo nos sentimos nosotros como adultos\/as.<\/li>\n<li>Prever y saber si nuestras <strong>rutinas<\/strong> van a cambiar.<\/li>\n<li>Hacer un <strong>ritual o despedida,<\/strong> ya sea yendo al tanatorio o entierro o haciendo alguna actividad de escribir, hacer un dibujo o una manualidad.<\/li>\n<\/ul>\n<p>[\/et_pb_text][\/et_pb_column][\/et_pb_row][et_pb_row _builder_version=\u00bb4.16&#8243; _module_preset=\u00bbdefault\u00bb global_colors_info=\u00bb{}\u00bb][et_pb_column type=\u00bb4_4&#8243; _builder_version=\u00bb4.16&#8243; _module_preset=\u00bbdefault\u00bb global_colors_info=\u00bb{}\u00bb][et_pb_divider _builder_version=\u00bb4.16&#8243; _module_preset=\u00bbdefault\u00bb custom_margin=\u00bb30px||||false|false\u00bb global_colors_info=\u00bb{}\u00bb][\/et_pb_divider][et_pb_text _builder_version=\u00bb4.16&#8243; _module_preset=\u00bbdefault\u00bb global_colors_info=\u00bb{}\u00bb]<\/p>\n<h3 style=\"text-align: center;\"><i class=\"fas fa-book\"><\/i> CUENTOS PARA ACOMPA\u00d1AR EN EL DUELO <i class=\"fas fa-book\"><\/i><\/h3>\n<p>[\/et_pb_text][et_pb_divider _builder_version=\u00bb4.16&#8243; _module_preset=\u00bbdefault\u00bb custom_margin=\u00bb30px||||false|false\u00bb global_colors_info=\u00bb{}\u00bb][\/et_pb_divider][et_pb_text _builder_version=\u00bb4.16&#8243; _module_preset=\u00bbdefault\u00bb custom_margin=\u00bb30px||||false|false\u00bb global_colors_info=\u00bb{}\u00bb]<\/p>\n<p>La propuesta que te hacemos desde Fundesplai es la de una recopilaci\u00f3n de cuentos infantiles que te pueden ser \u00fatiles para acompa\u00f1ar a los ni\u00f1os y ni\u00f1as en el proceso del duelo. Hemos recopilado un total de <strong>52 cuentos para ni\u00f1os y ni\u00f1as de entre 3 y 12 a\u00f1os<\/strong> que pueden serte \u00fatiles para trabajar el duelo con aquellos ni\u00f1os\/as que sufran una p\u00e9rdida. <strong>Encuentra el momento y el espacio id\u00f3neo<\/strong>, y se convertir\u00e1 en un recurso muy \u00fatil para que los ni\u00f1os y ni\u00f1as puedan entender mejor qu\u00e9 ha pasado, c\u00f3mo se pueden sentir, hacerles ver que pueden haber muchas situaciones similares&#8230; en definitiva, acompa\u00f1arles y estar a su lado. <\/p>\n<p>[\/et_pb_text][\/et_pb_column][\/et_pb_row][et_pb_row column_structure=\u00bb3_4,1_4&#8243; _builder_version=\u00bb4.16&#8243; _module_preset=\u00bbdefault\u00bb global_colors_info=\u00bb{}\u00bb][et_pb_column type=\u00bb3_4&#8243; _builder_version=\u00bb4.16&#8243; _module_preset=\u00bbdefault\u00bb global_colors_info=\u00bb{}\u00bb][et_pb_text admin_label=\u00bb1. Ad\u00e9u avi\u00bb _builder_version=\u00bb4.16&#8243; _module_preset=\u00bbdefault\u00bb custom_margin=\u00bb30px||||false|false\u00bb global_colors_info=\u00bb{}\u00bb]<\/p>\n<h3>1. AD\u00c9U AVI<\/h3>\n<p>Autor\u00eda <strong>:<\/strong> Anna Masnou<br \/>Autopublicado, 2021<\/p>\n<p>Este cuento trata el luto de una forma dulce, realista y sobre todo desde el amor. Cuando una ni\u00f1a de 3 a\u00f1os pierde al abuelo, se le presentan muchas preguntas, y en esta hermosa historia se acompa\u00f1a en el proceso de entender y elaborar el luto. <\/p>\n<p>[\/et_pb_text][\/et_pb_column][et_pb_column type=\u00bb1_4&#8243; _builder_version=\u00bb4.16&#8243; _module_preset=\u00bbdefault\u00bb global_colors_info=\u00bb{}\u00bb][et_pb_image src=\u00bbhttps:\/\/escoles.fundesplai.org\/wp-content\/uploads\/2021\/10\/Adeu-avi-Fundesplai.jpg\u00bb alt=\u00bbAdi\u00f3s abuelo Fundesplai\u00bb title_text=\u00bbAdi\u00f3s abuelo Fundesplai\u00bb align=\u00bbright\u00bb _builder_version=\u00bb4.16&#8243; _module_preset=\u00bbdefault\u00bb custom_margin=\u00bb30px||||false|false\u00bb custom_padding=\u00bb40px||||false|false\u00bb global_colors_info=\u00bb{}\u00bb][\/et_pb_image][\/et_pb_column][\/et_pb_row][et_pb_row column_structure=\u00bb3_4,1_4&#8243; _builder_version=\u00bb4.16&#8243; _module_preset=\u00bbdefault\u00bb global_colors_info=\u00bb{}\u00bb][et_pb_column type=\u00bb3_4&#8243; _builder_version=\u00bb4.16&#8243; _module_preset=\u00bbdefault\u00bb global_colors_info=\u00bb{}\u00bb][et_pb_text admin_label=\u00bb2. Ad\u00e9u \u00e0via\u00bb _builder_version=\u00bb4.16&#8243; _module_preset=\u00bbdefault\u00bb custom_margin=\u00bb30px||||false|false\u00bb global_colors_info=\u00bb{}\u00bb]<\/p>\n<h3>2. AD\u00c9U \u00c0VIA<\/h3>\n<p><strong>Autor\u00eda:<\/strong> Mieke Van Hooft<br \/>ING Ediciones, 2014<\/p>\n<p>La abuela de Fiona ha muerto, y ella est\u00e1 muy triste. En este cuento se habla de la muerte como algo real, y donde unos amigos en forma de animales, ayudar\u00e1n a Fiona a recordar los buenos momentos con la abuela. <\/p>\n<p>[\/et_pb_text][\/et_pb_column][et_pb_column type=\u00bb1_4&#8243; _builder_version=\u00bb4.16&#8243; _module_preset=\u00bbdefault\u00bb global_colors_info=\u00bb{}\u00bb][et_pb_image src=\u00bbhttps:\/\/escoles.fundesplai.org\/wp-content\/uploads\/2021\/10\/Adeu-avia-Fundesplai.jpg\u00bb alt=\u00bbAdi\u00f3s abuela Fundesplai\u00bb title_text=\u00bbAdi\u00f3s abuela Fundesplai\u00bb align=\u00bbright\u00bb _builder_version=\u00bb4.16&#8243; _module_preset=\u00bbdefault\u00bb custom_margin=\u00bb30px||||false|false\u00bb custom_padding=\u00bb40px||||false|false\u00bb global_colors_info=\u00bb{}\u00bb][\/et_pb_image][\/et_pb_column][\/et_pb_row][et_pb_row column_structure=\u00bb3_4,1_4&#8243; _builder_version=\u00bb4.16&#8243; _module_preset=\u00bbdefault\u00bb global_colors_info=\u00bb{}\u00bb][et_pb_column type=\u00bb3_4&#8243; _builder_version=\u00bb4.16&#8243; _module_preset=\u00bbdefault\u00bb global_colors_info=\u00bb{}\u00bb][et_pb_text admin_label=\u00bb3. Ad\u00e9u Flap\u00bb _builder_version=\u00bb4.16&#8243; _module_preset=\u00bbdefault\u00bb custom_margin=\u00bb30px||||false|false\u00bb global_colors_info=\u00bb{}\u00bb]<\/p>\n<h3>3. AD\u00c9U FLAP<\/h3>\n<p><strong>Autor\u00eda:<\/strong> Montserrat Duran, Conxa P\u00e9rez, Anna Rusi\u00f1ol y Mariona Vilarrasa<br \/>Cru\u00eflla, 2013<\/p>\n<p>La muerte de la mascota de casa tambi\u00e9n puede ser un proceso duro para los ni\u00f1os y ni\u00f1as, y es lo que ocurre en este cuento. Flap, la mascota de siempre ha muerto, y ahora es necesario que se trabaje el duelo. Su forma de hacerlo ser\u00e1 con dibujos para despedirse.  <\/p>\n<p>[\/et_pb_text][\/et_pb_column][et_pb_column type=\u00bb1_4&#8243; _builder_version=\u00bb4.16&#8243; _module_preset=\u00bbdefault\u00bb global_colors_info=\u00bb{}\u00bb][et_pb_image src=\u00bbhttps:\/\/escoles.fundesplai.org\/wp-content\/uploads\/2021\/10\/Adeu-Flap-Fundesplai.jpg\u00bb alt=\u00bbAdi\u00f3s Flap Fundesplai\u00bb title_text=\u00bbAdi\u00f3s Flap Fundesplai\u00bb align=\u00bbright\u00bb _builder_version=\u00bb4.16&#8243; _module_preset=\u00bbdefault\u00bb custom_margin=\u00bb30px||||false|false\u00bb custom_padding=\u00bb40px||||false|false\u00bb global_colors_info=\u00bb{}\u00bb][\/et_pb_image][\/et_pb_column][\/et_pb_row][et_pb_row column_structure=\u00bb3_4,1_4&#8243; _builder_version=\u00bb4.16&#8243; _module_preset=\u00bbdefault\u00bb global_colors_info=\u00bb{}\u00bb][et_pb_column type=\u00bb3_4&#8243; _builder_version=\u00bb4.16&#8243; _module_preset=\u00bbdefault\u00bb global_colors_info=\u00bb{}\u00bb][et_pb_text admin_label=\u00bb4. Ad\u00e9u, petit amic\u00bb _builder_version=\u00bb4.16&#8243; _module_preset=\u00bbdefault\u00bb custom_margin=\u00bb30px||||false|false\u00bb global_colors_info=\u00bb{}\u00bb]<\/p>\n<h3>4. \u00a1AD\u00c9U, PETIT AMIC!<\/h3>\n<p><strong>Autor\u00eda:<\/strong> Ignasi Roda<br \/>ING Edicions, 2011<\/p>\n<p>El duelo de este cuento es diferente, y es que Sara, despu\u00e9s de encontrar un patito peque\u00f1o y de cuidarlo, sabe que alg\u00fan d\u00eda tendr\u00e1 que irse con los dem\u00e1s patos, siguiendo su camino. En este caso, se trabaja el duelo como la aceptaci\u00f3n de la despedida del patito. <\/p>\n<p>[\/et_pb_text][\/et_pb_column][et_pb_column type=\u00bb1_4&#8243; _builder_version=\u00bb4.16&#8243; _module_preset=\u00bbdefault\u00bb global_colors_info=\u00bb{}\u00bb][et_pb_image src=\u00bbhttps:\/\/escoles.fundesplai.org\/wp-content\/uploads\/2021\/10\/Adeu-petit-amic-Fundesplai.jpg\u00bb alt=\u00bbAdi\u00f3s peque\u00f1o amigo Fundesplai\u00bb title_text=\u00bbAdi\u00f3s peque\u00f1o amigo Fundesplai\u00bb align=\u00bbright\u00bb _builder_version=\u00bb4.16&#8243; _module_preset=\u00bbdefault\u00bb custom_margin=\u00bb30px||||false|false\u00bb custom_padding=\u00bb40px||||false|false\u00bb global_colors_info=\u00bb{}\u00bb][\/et_pb_image][\/et_pb_column][\/et_pb_row][et_pb_row column_structure=\u00bb3_4,1_4&#8243; _builder_version=\u00bb4.16&#8243; _module_preset=\u00bbdefault\u00bb global_colors_info=\u00bb{}\u00bb][et_pb_column type=\u00bb3_4&#8243; _builder_version=\u00bb4.16&#8243; _module_preset=\u00bbdefault\u00bb global_colors_info=\u00bb{}\u00bb][et_pb_text admin_label=\u00bb5. Aix\u00ed \u00e9s la vida\u00bb _builder_version=\u00bb4.16&#8243; _module_preset=\u00bbdefault\u00bb custom_margin=\u00bb30px||||false|false\u00bb global_colors_info=\u00bb{}\u00bb]<\/p>\n<h3>5. AIX\u00cd \u00c9S LA VIDA<\/h3>\n<p>Autor\u00eda <strong>:<\/strong> Ana Luisa Ram\u00edrez<br \/>Editorial Di\u00e1logo, 2005<\/p>\n<p>En este cuento se habla de la frustraci\u00f3n, la frustraci\u00f3n de cuando no se logra lo que queremos, cuando sentimos decepci\u00f3n, tristeza o frustraci\u00f3n. Y entre las frustraciones aparece la muerte. \u00bfC\u00f3mo nos sentimos cuando algo termina o alguien muere? Adem\u00e1s incluye un rompecabezas para que los ni\u00f1os y ni\u00f1as puedan repasar lo que se ha hablado en el cuento.   <\/p>\n<p>[\/et_pb_text][\/et_pb_column][et_pb_column type=\u00bb1_4&#8243; _builder_version=\u00bb4.16&#8243; _module_preset=\u00bbdefault\u00bb global_colors_info=\u00bb{}\u00bb][et_pb_image src=\u00bbhttps:\/\/escoles.fundesplai.org\/wp-content\/uploads\/2021\/10\/Aixi-es-la-vida-Fundesplai.jpg\u00bb alt=\u00bbAdi\u00f3s peque\u00f1o amigo Fundesplai\u00bb title_text=\u00bbAs\u00ed es la vida Fundesplai\u00bb align=\u00bbright\u00bb _builder_version=\u00bb4.16&#8243; _module_preset=\u00bbdefault\u00bb custom_margin=\u00bb30px||||false|false\u00bb custom_padding=\u00bb40px||||false|false\u00bb global_colors_info=\u00bb{}\u00bb][\/et_pb_image][\/et_pb_column][\/et_pb_row][et_pb_row column_structure=\u00bb3_4,1_4&#8243; _builder_version=\u00bb4.16&#8243; _module_preset=\u00bbdefault\u00bb global_colors_info=\u00bb{}\u00bb][et_pb_column type=\u00bb3_4&#8243; _builder_version=\u00bb4.16&#8243; _module_preset=\u00bbdefault\u00bb global_colors_info=\u00bb{}\u00bb][et_pb_text admin_label=\u00bb6. Ara l&#8217;avi viu en mi\u00bb _builder_version=\u00bb4.16&#8243; _module_preset=\u00bbdefault\u00bb custom_margin=\u00bb30px||||false|false\u00bb global_colors_info=\u00bb{}\u00bb]<\/p>\n<h3>6. ARA L&#8217;AVI VIU EN MI<\/h3>\n<p><strong>Autor\u00eda:<\/strong> Laura Calero<br \/>Mr. Momo, 2019<\/p>\n<p>Esta hermosa historia quiere ser un recurso respetuoso con la muerte. En este caso afrontar la muerte del abuelo no es un proceso f\u00e1cil de superar, y debe hacerse de una manera natural, sencilla y amorosa. <\/p>\n<p>[\/et_pb_text][\/et_pb_column][et_pb_column type=\u00bb1_4&#8243; _builder_version=\u00bb4.16&#8243; _module_preset=\u00bbdefault\u00bb global_colors_info=\u00bb{}\u00bb][et_pb_image src=\u00bbhttps:\/\/escoles.fundesplai.org\/wp-content\/uploads\/2021\/10\/Ara-lavi-viu-en-mi-Fundesplai.jpg\u00bb alt=\u00bbAhora el abuelo vive en m\u00ed Fundesplai\u00bb title_text=\u00bbAhora el abuelo vive en m\u00ed Fundesplai\u00bb align=\u00bbright\u00bb _builder_version=\u00bb4.16&#8243; _module_preset=\u00bbdefault\u00bb custom_margin=\u00bb30px||||false|false\u00bb custom_padding=\u00bb30px||||false|false\u00bb global_colors_info=\u00bb{}\u00bb][\/et_pb_image][\/et_pb_column][\/et_pb_row][et_pb_row column_structure=\u00bb3_4,1_4&#8243; _builder_version=\u00bb4.16&#8243; _module_preset=\u00bbdefault\u00bb global_colors_info=\u00bb{}\u00bb][et_pb_column type=\u00bb3_4&#8243; _builder_version=\u00bb4.16&#8243; _module_preset=\u00bbdefault\u00bb global_colors_info=\u00bb{}\u00bb][et_pb_text admin_label=\u00bb7. Cullereta\u00bb _builder_version=\u00bb4.16&#8243; _module_preset=\u00bbdefault\u00bb custom_margin=\u00bb30px||||false|false\u00bb global_colors_info=\u00bb{}\u00bb]<\/p>\n<h3>7. CULLERETA<\/h3>\n<p>Autor\u00eda <strong>:<\/strong> Benji Davies<br \/>Andana Editorial, 2019<\/p>\n<p>En este cuento encontramos la historia de Cullereta, un renacuajo que vive en una balsa con m\u00e1s renacuajos como ella. Su temor comienza cuando sus hermanos comienzan a desaparecer y ella no sabe lo que est\u00e1 pasando. Se va haciendo varias preguntas para saber qu\u00e9 le va a pasar en un futuro.  <\/p>\n<p>[\/et_pb_text][\/et_pb_column][et_pb_column type=\u00bb1_4&#8243; _builder_version=\u00bb4.16&#8243; _module_preset=\u00bbdefault\u00bb global_colors_info=\u00bb{}\u00bb][et_pb_image src=\u00bbhttps:\/\/escoles.fundesplai.org\/wp-content\/uploads\/2021\/10\/Cullereta-Fundesplai.jpg\u00bb alt=\u00bbCucharilla Fundesplai\u00bb title_text=\u00bbCucharilla Fundesplai\u00bb align=\u00bbright\u00bb _builder_version=\u00bb4.16&#8243; _module_preset=\u00bbdefault\u00bb custom_margin=\u00bb30px||||false|false\u00bb custom_padding=\u00bb40px||||false|false\u00bb global_colors_info=\u00bb{}\u00bb][\/et_pb_image][\/et_pb_column][\/et_pb_row][et_pb_row column_structure=\u00bb3_4,1_4&#8243; _builder_version=\u00bb4.16&#8243; _module_preset=\u00bbdefault\u00bb global_colors_info=\u00bb{}\u00bb][et_pb_column type=\u00bb3_4&#8243; _builder_version=\u00bb4.16&#8243; _module_preset=\u00bbdefault\u00bb global_colors_info=\u00bb{}\u00bb][et_pb_text admin_label=\u00bb8. El buit\u00bb _builder_version=\u00bb4.16&#8243; _module_preset=\u00bbdefault\u00bb custom_margin=\u00bb30px||||false|false\u00bb global_colors_info=\u00bb{}\u00bb]<\/p>\n<h3>8. EL BUIT<\/h3>\n<p>Autor\u00eda <strong>:<\/strong> Anna Llenas<br \/>Barbara Fiore, 2015<\/p>\n<p>Anna Llenas hace unas creaciones literarias preciosas, y con \u00e9sta se quiere trabajar la resiliencia y la superaci\u00f3n personal. Julia siente un vac\u00edo en su interior y no sabe por qu\u00e9. Trata de taparle con muchos tapones, pero no encuentra lo que m\u00e1s le encaja, \u00bfqu\u00e9 le pasa?  <\/p>\n<p>[\/et_pb_text][\/et_pb_column][et_pb_column type=\u00bb1_4&#8243; _builder_version=\u00bb4.16&#8243; _module_preset=\u00bbdefault\u00bb global_colors_info=\u00bb{}\u00bb][et_pb_image src=\u00bbhttps:\/\/escoles.fundesplai.org\/wp-content\/uploads\/2021\/10\/El-buit-Fundesplai.jpg\u00bb alt=\u00bbEl vac\u00edo Fundesplai\u00bb title_text=\u00bbEl vac\u00edo Fundesplai\u00bb align=\u00bbright\u00bb _builder_version=\u00bb4.16&#8243; _module_preset=\u00bbdefault\u00bb custom_margin=\u00bb30px||||false|false\u00bb custom_padding=\u00bb40px||||false|false\u00bb global_colors_info=\u00bb{}\u00bb][\/et_pb_image][\/et_pb_column][\/et_pb_row][et_pb_row column_structure=\u00bb3_4,1_4&#8243; _builder_version=\u00bb4.16&#8243; _module_preset=\u00bbdefault\u00bb global_colors_info=\u00bb{}\u00bb][et_pb_column type=\u00bb3_4&#8243; _builder_version=\u00bb4.16&#8243; _module_preset=\u00bbdefault\u00bb global_colors_info=\u00bb{}\u00bb][et_pb_text admin_label=\u00bb9. El cam\u00ed d&#8217;en Dan\u00bb _builder_version=\u00bb4.16&#8243; _module_preset=\u00bbdefault\u00bb custom_margin=\u00bb30px||||false|false\u00bb global_colors_info=\u00bb{}\u00bb]<\/p>\n<h3>9. EL CAM\u00cd D&#8217;EN DAN<\/h3>\n<p><strong>Autor\u00eda:<\/strong> Xevi Victori, Neus Ballesteros, Ivan Tapia y Ewa Stiko<br \/>Proyecto Luia y Dan, 2014<\/p>\n<p>Dan es un ni\u00f1o que experimentar\u00e1 las fases duelo debido a la muerte de su madre. Se muestra enojado y enrabietado con todo lo que le ocurre y que le rodea, y es que superar la muerte de su madre no es f\u00e1cil. Pero con la ayuda de la gente que le ama har\u00e1 un viaje por el mundo de los colores que m\u00e1s gustaban a su madre.  <\/p>\n<p>[\/et_pb_text][\/et_pb_column][et_pb_column type=\u00bb1_4&#8243; _builder_version=\u00bb4.16&#8243; _module_preset=\u00bbdefault\u00bb global_colors_info=\u00bb{}\u00bb][et_pb_image src=\u00bbhttps:\/\/escoles.fundesplai.org\/wp-content\/uploads\/2021\/10\/El-cami-den-Dan-Fundesplai.jpg\u00bb alt=\u00bbEl camino de Dan Fundesplai\u00bb title_text=\u00bbEl camino de Dan Fundesplai\u00bb align=\u00bbright\u00bb _builder_version=\u00bb4.16&#8243; _module_preset=\u00bbdefault\u00bb custom_margin=\u00bb30px||||false|false\u00bb custom_padding=\u00bb40px||||false|false\u00bb global_colors_info=\u00bb{}\u00bb][\/et_pb_image][\/et_pb_column][\/et_pb_row][et_pb_row column_structure=\u00bb3_4,1_4&#8243; _builder_version=\u00bb4.16&#8243; _module_preset=\u00bbdefault\u00bb global_colors_info=\u00bb{}\u00bb][et_pb_column type=\u00bb3_4&#8243; _builder_version=\u00bb4.16&#8243; _module_preset=\u00bbdefault\u00bb global_colors_info=\u00bb{}\u00bb][et_pb_text admin_label=\u00bb10. El conill i la moto\u00bb _builder_version=\u00bb4.16&#8243; _module_preset=\u00bbdefault\u00bb custom_margin=\u00bb30px||||false|false\u00bb global_colors_info=\u00bb{}\u00bb]<\/p>\n<h3>10. EL CONILL I LA MOTO<\/h3>\n<p><strong>Autor\u00eda:<\/strong> Kate Hoefler<br \/>Flamboyant, 2020<\/p>\n<p>El protagonista de este cuento es el conejo, \u00e9l nunca ha salido de su casa del campo, pero espera con deleite cada d\u00eda a su amigo perro, un aventurero que va en moto. Un d\u00eda, sin embargo, el perro no llega, y le hacen llegar la moto que le han dejado en herencia. La aceptaci\u00f3n, afrontar la p\u00e9rdida y salir de la zona de confort son aspectos que se trabajan en este cuento.  <\/p>\n<p>[\/et_pb_text][\/et_pb_column][et_pb_column type=\u00bb1_4&#8243; _builder_version=\u00bb4.16&#8243; _module_preset=\u00bbdefault\u00bb global_colors_info=\u00bb{}\u00bb][et_pb_image src=\u00bbhttps:\/\/escoles.fundesplai.org\/wp-content\/uploads\/2021\/10\/El-conill-i-la-moto-Fundesplai.jpg\u00bb alt=\u00bbEl conejo y la moto Fundesplai\u00bb title_text=\u00bbEl conejo y la moto Fundesplai\u00bb align=\u00bbright\u00bb _builder_version=\u00bb4.16&#8243; _module_preset=\u00bbdefault\u00bb custom_margin=\u00bb30px||||false|false\u00bb custom_padding=\u00bb40px||||false|false\u00bb global_colors_info=\u00bb{}\u00bb][\/et_pb_image][\/et_pb_column][\/et_pb_row][et_pb_row column_structure=\u00bb3_4,1_4&#8243; _builder_version=\u00bb4.16&#8243; _module_preset=\u00bbdefault\u00bb global_colors_info=\u00bb{}\u00bb][et_pb_column type=\u00bb3_4&#8243; _builder_version=\u00bb4.16&#8243; _module_preset=\u00bbdefault\u00bb global_colors_info=\u00bb{}\u00bb][et_pb_text admin_label=\u00bb11. El cor damunt la sorra\u00bb _builder_version=\u00bb4.16&#8243; _module_preset=\u00bbdefault\u00bb custom_margin=\u00bb30px||||false|false\u00bb global_colors_info=\u00bb{}\u00bb]<\/p>\n<h3>11. EL COR DAMUNT LA SORRA<\/h3>\n<p><strong>Autor\u00eda:<\/strong> Jordi Llompart<br \/>La Galera, 2006<\/p>\n<p>Jana tiene muchas preguntas, y un hada diminuta le aconseja viajar hasta \u00c1frica con su caballete alado de la suerte. All\u00ed, en el desierto de Namibia conoce a diferentes personajes, Mel, una flor, un zorro y un le\u00f3n, que le transmitir\u00e1n consejos y lecciones sobre nuestra vida. <\/p>\n<p>[\/et_pb_text][\/et_pb_column][et_pb_column type=\u00bb1_4&#8243; _builder_version=\u00bb4.16&#8243; _module_preset=\u00bbdefault\u00bb global_colors_info=\u00bb{}\u00bb][et_pb_image src=\u00bbhttps:\/\/escoles.fundesplai.org\/wp-content\/uploads\/2021\/10\/El-cor-damunt-la-sorra-Fundesplai.jpg\u00bb alt=\u00bbEl coraz\u00f3n sobre la arena Fundesplai\u00bb title_text=\u00bbEl coraz\u00f3n sobre la arena Fundesplai\u00bb align=\u00bbright\u00bb _builder_version=\u00bb4.16&#8243; _module_preset=\u00bbdefault\u00bb custom_margin=\u00bb30px||||false|false\u00bb custom_padding=\u00bb40px||||false|false\u00bb global_colors_info=\u00bb{}\u00bb][\/et_pb_image][\/et_pb_column][\/et_pb_row][et_pb_row column_structure=\u00bb3_4,1_4&#8243; _builder_version=\u00bb4.16&#8243; _module_preset=\u00bbdefault\u00bb global_colors_info=\u00bb{}\u00bb][et_pb_column type=\u00bb3_4&#8243; _builder_version=\u00bb4.16&#8243; _module_preset=\u00bbdefault\u00bb global_colors_info=\u00bb{}\u00bb][et_pb_text admin_label=\u00bb12. El fil invisible\u00bb _builder_version=\u00bb4.16&#8243; _module_preset=\u00bbdefault\u00bb custom_margin=\u00bb30px||||false|false\u00bb global_colors_info=\u00bb{}\u00bb]<\/p>\n<h3>12. EL FIL INVISIBLE<\/h3>\n<p><strong>Autor\u00eda:<\/strong> Miriam Tirado Torras<br \/>B de Blok, 2020<\/p>\n<p>Nura descubre que de su ombligo sale un hilo invisible que la conecta con todas las personas que ama. Un bonito \u00e1lbum ilustrado en el que se plantea qu\u00e9 pasar\u00e1 cuando alguna persona a la que amamos, no est\u00e9. \u00bfSeguir\u00e1 siendo ese hilo invisible? Te cautivar\u00e1n las ilustraciones y una preciosa historia.   <\/p>\n<p>[\/et_pb_text][\/et_pb_column][et_pb_column type=\u00bb1_4&#8243; _builder_version=\u00bb4.16&#8243; _module_preset=\u00bbdefault\u00bb global_colors_info=\u00bb{}\u00bb][et_pb_image src=\u00bbhttps:\/\/escoles.fundesplai.org\/wp-content\/uploads\/2021\/10\/El-finl-invisible-Fundesplai.jpg\u00bb alt=\u00bbEl finlo invisible Fundesplai\u00bb title_text=\u00bbEl finlo invisible Fundesplai\u00bb align=\u00bbright\u00bb _builder_version=\u00bb4.16&#8243; _module_preset=\u00bbdefault\u00bb custom_margin=\u00bb30px||||false|false\u00bb custom_padding=\u00bb40px||||false|false\u00bb global_colors_info=\u00bb{}\u00bb][\/et_pb_image][\/et_pb_column][\/et_pb_row][et_pb_row column_structure=\u00bb3_4,1_4&#8243; _builder_version=\u00bb4.16&#8243; _module_preset=\u00bbdefault\u00bb global_colors_info=\u00bb{}\u00bb][et_pb_column type=\u00bb3_4&#8243; _builder_version=\u00bb4.16&#8243; _module_preset=\u00bbdefault\u00bb global_colors_info=\u00bb{}\u00bb][et_pb_text admin_label=\u00bb13. El jard\u00ed del meu avi\u00bb _builder_version=\u00bb4.16&#8243; _module_preset=\u00bbdefault\u00bb custom_margin=\u00bb30px||||false|false\u00bb global_colors_info=\u00bb{}\u00bb]<\/p>\n<h3>13. EL JARD\u00cd DEL MEU AVI<\/h3>\n<p><strong>Autor\u00eda:<\/strong> M.\u00c0ngels Vil y Mabel Pi\u00e9rola<br \/>Edicions Bellaterra, 2007<\/p>\n<p>Nuestra vida es como el ciclo vital de cualquier planta, y una buena manera de contarlo es compar\u00e1ndolo con un jard\u00edn. Todos nacemos, nos desarrollamos y acabamos desapareciendo. Un libro que permite acercar a los ni\u00f1os y ni\u00f1as a los ciclos de la vida.  <\/p>\n<p>[\/et_pb_text][\/et_pb_column][et_pb_column type=\u00bb1_4&#8243; _builder_version=\u00bb4.16&#8243; _module_preset=\u00bbdefault\u00bb global_colors_info=\u00bb{}\u00bb][et_pb_image src=\u00bbhttps:\/\/escoles.fundesplai.org\/wp-content\/uploads\/2021\/10\/El-jardi-del-meu-avi-Fundesplai.jpg\u00bb alt=\u00bbEl jard\u00edn de mi abuelo Fundesplai\u00bb title_text=\u00bbEl jard\u00edn de mi abuelo Fundesplai\u00bb align=\u00bbright\u00bb _builder_version=\u00bb4.16&#8243; _module_preset=\u00bbdefault\u00bb custom_margin=\u00bb30px||||false|false\u00bb custom_padding=\u00bb40px||||false|false\u00bb global_colors_info=\u00bb{}\u00bb][\/et_pb_image][\/et_pb_column][\/et_pb_row][et_pb_row column_structure=\u00bb3_4,1_4&#8243; _builder_version=\u00bb4.16&#8243; _module_preset=\u00bbdefault\u00bb global_colors_info=\u00bb{}\u00bb][et_pb_column type=\u00bb3_4&#8243; _builder_version=\u00bb4.16&#8243; _module_preset=\u00bbdefault\u00bb global_colors_info=\u00bb{}\u00bb][et_pb_text admin_label=\u00bb14. El Joan ha mort\u00bb _builder_version=\u00bb4.16&#8243; _module_preset=\u00bbdefault\u00bb custom_margin=\u00bb30px||||false|false\u00bb global_colors_info=\u00bb{}\u00bb]<\/p>\n<h3>14. EL JOAN HA MORT<\/h3>\n<p>Autor\u00eda<strong>:<\/strong> Itziar Fernandez Hurtado<br \/>Pag\u00e8s Editors, 2013<\/p>\n<p>La comunicaci\u00f3n es clave cuando debemos explicar la muerte de alguien, y es que explicarlo bien es importante para no traumatizar a los ni\u00f1os y ni\u00f1as. En este cuento se habla de la enfermedad y de la muerte de un familiar cercano. Acompa\u00f1ado de una gu\u00eda para poder trabajar mejor la tem\u00e1tica, es una herramienta clave para acompa\u00f1ar al duelo.  <\/p>\n<p>[\/et_pb_text][\/et_pb_column][et_pb_column type=\u00bb1_4&#8243; _builder_version=\u00bb4.16&#8243; _module_preset=\u00bbdefault\u00bb global_colors_info=\u00bb{}\u00bb][et_pb_image src=\u00bbhttps:\/\/escoles.fundesplai.org\/wp-content\/uploads\/2021\/10\/El-Joan-ha-mort-Fundesplai.jpg\u00bb alt=\u00bbEl jard\u00edn de mi abuelo Fundesplai\u00bb title_text=\u00bbJuan ha muerto Fundesplai\u00bb align=\u00bbright\u00bb _builder_version=\u00bb4.16&#8243; _module_preset=\u00bbdefault\u00bb custom_margin=\u00bb30px||||false|false\u00bb custom_padding=\u00bb40px||||false|false\u00bb global_colors_info=\u00bb{}\u00bb][\/et_pb_image][\/et_pb_column][\/et_pb_row][et_pb_row column_structure=\u00bb3_4,1_4&#8243; _builder_version=\u00bb4.16&#8243; _module_preset=\u00bbdefault\u00bb global_colors_info=\u00bb{}\u00bb][et_pb_column type=\u00bb3_4&#8243; _builder_version=\u00bb4.16&#8243; _module_preset=\u00bbdefault\u00bb global_colors_info=\u00bb{}\u00bb][et_pb_text admin_label=\u00bb15. El mar hov a veure\u00bb _builder_version=\u00bb4.16&#8243; _module_preset=\u00bbdefault\u00bb custom_margin=\u00bb30px||||false|false\u00bb global_colors_info=\u00bb{}\u00bb]<\/p>\n<h3>14. EL MAR HO VA VEURE<\/h3>\n<p><strong>Autor\u00eda:<\/strong> Tom Percival<br \/>Andana, 2018<\/p>\n<p>Sof\u00eda pierde el peluche que m\u00e1s le gusta en la playa y est\u00e1 muy triste. El mar lo vio todo, y quiz\u00e1s podr\u00eda llegar a ser capaz de reunir el peluche con Sof\u00eda otra vez, pero no se sabe cu\u00e1ndo ni d\u00f3nde. Un cuento para trabajar la esperanza y la constancia.  <\/p>\n<p>[\/et_pb_text][\/et_pb_column][et_pb_column type=\u00bb1_4&#8243; _builder_version=\u00bb4.16&#8243; _module_preset=\u00bbdefault\u00bb global_colors_info=\u00bb{}\u00bb][et_pb_image src=\u00bbhttps:\/\/escoles.fundesplai.org\/wp-content\/uploads\/2021\/10\/El-mar-ho-va-veure-Fundesplai.jpg\u00bb alt=\u00bbEl mar lo vio Fundesplai\u00bb title_text=\u00bbEl mar lo vio Fundesplai\u00bb align=\u00bbright\u00bb _builder_version=\u00bb4.16&#8243; _module_preset=\u00bbdefault\u00bb custom_margin=\u00bb30px||||false|false\u00bb custom_padding=\u00bb40px||||false|false\u00bb global_colors_info=\u00bb{}\u00bb][\/et_pb_image][\/et_pb_column][\/et_pb_row][et_pb_row column_structure=\u00bb3_4,1_4&#8243; _builder_version=\u00bb4.16&#8243; _module_preset=\u00bbdefault\u00bb global_colors_info=\u00bb{}\u00bb][et_pb_column type=\u00bb3_4&#8243; _builder_version=\u00bb4.16&#8243; _module_preset=\u00bbdefault\u00bb global_colors_info=\u00bb{}\u00bb][et_pb_text admin_label=\u00bb16. El meu avi i jo\u00bb _builder_version=\u00bb4.16&#8243; _module_preset=\u00bbdefault\u00bb custom_margin=\u00bb30px||||false|false\u00bb global_colors_info=\u00bb{}\u00bb]<\/p>\n<h3>16. EL MEU AVI I JO<\/h3>\n<p><strong>Autor\u00eda:<\/strong> N\u00faria Parera Ciur\u00f3<br \/>Editorial Juventud, 2015<\/p>\n<p>La relaci\u00f3n entre una ni\u00f1a y su abuelo es lo que se muestra en ese \u00e1lbum. Juntos juegan a esconder besos, un juego que siempre recordar\u00e1 a esta ni\u00f1a, cuando su abuelo ya haya muerto. Esto har\u00e1 que su muerte sea m\u00e1s llevadera y la recuerde con m\u00e1s amor.  <\/p>\n<p>[\/et_pb_text][\/et_pb_column][et_pb_column type=\u00bb1_4&#8243; _builder_version=\u00bb4.16&#8243; _module_preset=\u00bbdefault\u00bb global_colors_info=\u00bb{}\u00bb][et_pb_image src=\u00bbhttps:\/\/escoles.fundesplai.org\/wp-content\/uploads\/2021\/10\/El-meu-avi-i-jo-Fundesplai.jpg\u00bb alt=\u00bbMi abuelo y yo Fundesplai\u00bb title_text=\u00bbMi abuelo y yo Fundesplai\u00bb align=\u00bbright\u00bb _builder_version=\u00bb4.16&#8243; _module_preset=\u00bbdefault\u00bb custom_margin=\u00bb30px||||false|false\u00bb custom_padding=\u00bb40px||||false|false\u00bb global_colors_info=\u00bb{}\u00bb][\/et_pb_image][\/et_pb_column][\/et_pb_row][et_pb_row column_structure=\u00bb3_4,1_4&#8243; _builder_version=\u00bb4.16&#8243; _module_preset=\u00bbdefault\u00bb global_colors_info=\u00bb{}\u00bb][et_pb_column type=\u00bb3_4&#8243; _builder_version=\u00bb4.16&#8243; _module_preset=\u00bbdefault\u00bb global_colors_info=\u00bb{}\u00bb][et_pb_text admin_label=\u00bb17. El nen dels estels\u00bb _builder_version=\u00bb4.16&#8243; _module_preset=\u00bbdefault\u00bb custom_margin=\u00bb30px||||false|false\u00bb global_colors_info=\u00bb{}\u00bb]<\/p>\n<h3>17. EL NEN DELS ESTELS<\/h3>\n<p><strong>Autor\u00eda:<\/strong> Patrick Somers<br \/>ING Edicions, 2017<\/p>\n<p>Clara ha perdido a Miquel, su hermano. Esto le hace sentir muy triste y hablar de su muerte le ha ayudado a entender que todos nos moriremos alg\u00fan d\u00eda, as\u00ed es el ciclo de la vida. Clara sabe que su hermano seguir\u00e1 presente, viviendo en las estrellas.  <\/p>\n<p>[\/et_pb_text][\/et_pb_column][et_pb_column type=\u00bb1_4&#8243; _builder_version=\u00bb4.16&#8243; _module_preset=\u00bbdefault\u00bb global_colors_info=\u00bb{}\u00bb][et_pb_image src=\u00bbhttps:\/\/escoles.fundesplai.org\/wp-content\/uploads\/2021\/10\/El-nen-dels-estels-Fundesplai.jpg\u00bb alt=\u00bbEl ni\u00f1o de las estrellas Fundesplai\u00bb title_text=\u00bbEl ni\u00f1o de las estrellas Fundesplai\u00bb align=\u00bbright\u00bb _builder_version=\u00bb4.16&#8243; _module_preset=\u00bbdefault\u00bb custom_margin=\u00bb30px||||false|false\u00bb custom_padding=\u00bb40px||||false|false\u00bb global_colors_info=\u00bb{}\u00bb][\/et_pb_image][\/et_pb_column][\/et_pb_row][et_pb_row column_structure=\u00bb3_4,1_4&#8243; _builder_version=\u00bb4.16&#8243; _module_preset=\u00bbdefault\u00bb global_colors_info=\u00bb{}\u00bb][et_pb_column type=\u00bb3_4&#8243; _builder_version=\u00bb4.16&#8243; _module_preset=\u00bbdefault\u00bb global_colors_info=\u00bb{}\u00bb][et_pb_text admin_label=\u00bb18. El senyor mort dins una avellana\u00bb _builder_version=\u00bb4.16&#8243; _module_preset=\u00bbdefault\u00bb custom_margin=\u00bb30px||||false|false\u00bb global_colors_info=\u00bb{}\u00bb]<\/p>\n<h3>18. EL SENYOR MORT DINS D&#8217;UNA AVELLANA<\/h3>\n<p><strong>Autor\u00eda:<\/strong> Eric Maddern<br \/>Blume, 2007<\/p>\n<p>\u00abNecesitamos la muerte para que exista la vida\u00bb, eso es lo que piensan los protagonistas de este cuento, cuando se plantean qu\u00e9 pasar\u00eda si nadie muriera, ni los animales, ni los vegetales&#8230; Una forma delicada de abordar la muerte y que la har\u00e1 m\u00e1s comprensible por los ni\u00f1os y ni\u00f1as. <\/p>\n<p>[\/et_pb_text][\/et_pb_column][et_pb_column type=\u00bb1_4&#8243; _builder_version=\u00bb4.16&#8243; _module_preset=\u00bbdefault\u00bb global_colors_info=\u00bb{}\u00bb][et_pb_image src=\u00bbhttps:\/\/escoles.fundesplai.org\/wp-content\/uploads\/2021\/10\/El-senyor-mort-dins-duna-avellana-Fundesplai.jpg\u00bb alt=\u00bbEl se\u00f1or muerto dentro de una avellana Fundesplai\u00bb title_text=\u00bbEl se\u00f1or muerto dentro de una avellana Fundesplai\u00bb align=\u00bbright\u00bb _builder_version=\u00bb4.16&#8243; _module_preset=\u00bbdefault\u00bb custom_margin=\u00bb30px||||false|false\u00bb custom_padding=\u00bb40px||||false|false\u00bb global_colors_info=\u00bb{}\u00bb][\/et_pb_image][\/et_pb_column][\/et_pb_row][et_pb_row column_structure=\u00bb3_4,1_4&#8243; _builder_version=\u00bb4.16&#8243; _module_preset=\u00bbdefault\u00bb global_colors_info=\u00bb{}\u00bb][et_pb_column type=\u00bb3_4&#8243; _builder_version=\u00bb4.16&#8243; _module_preset=\u00bbdefault\u00bb global_colors_info=\u00bb{}\u00bb][et_pb_text admin_label=\u00bb19. El talism\u00e0 de la luna\u00bb _builder_version=\u00bb4.16&#8243; _module_preset=\u00bbdefault\u00bb custom_margin=\u00bb30px||||false|false\u00bb global_colors_info=\u00bb{}\u00bb]<\/p>\n<h3>19. EL TALISM\u00c0 DE LA LUNA<\/h3>\n<p><strong>Autor\u00eda:<\/strong> Maryorie Dantagnan y Jorge Barudy<br \/>Editorial Sentir, 2019<\/p>\n<p>A veces nos suceden cosas malas y dif\u00edciles, no sabemos c\u00f3mo afrontarlas, y necesitamos el apoyo de las personas de nuestro entorno. Esto es lo que le pasa a Luna, que le gusta mucho re\u00edr y jugar, pero le ha pasado algo terrible que la hace sentirse muy triste. <\/p>\n<p>[\/et_pb_text][\/et_pb_column][et_pb_column type=\u00bb1_4&#8243; _builder_version=\u00bb4.16&#8243; _module_preset=\u00bbdefault\u00bb global_colors_info=\u00bb{}\u00bb][et_pb_image src=\u00bbhttps:\/\/escoles.fundesplai.org\/wp-content\/uploads\/2021\/10\/El-talisma-de-la-Luna-Fundesplai.jpg\u00bb alt=\u00bbEl talism\u00e1n de la Luna Fundesplai\u00bb title_text=\u00bbEl talism\u00e1n de la Luna Fundesplai\u00bb align=\u00bbright\u00bb _builder_version=\u00bb4.16&#8243; _module_preset=\u00bbdefault\u00bb custom_margin=\u00bb30px||||false|false\u00bb custom_padding=\u00bb40px||||false|false\u00bb global_colors_info=\u00bb{}\u00bb][\/et_pb_image][\/et_pb_column][\/et_pb_row][et_pb_row column_structure=\u00bb3_4,1_4&#8243; _builder_version=\u00bb4.16&#8243; _module_preset=\u00bbdefault\u00bb global_colors_info=\u00bb{}\u00bb][et_pb_column type=\u00bb3_4&#8243; _builder_version=\u00bb4.16&#8243; _module_preset=\u00bbdefault\u00bb global_colors_info=\u00bb{}\u00bb][et_pb_text admin_label=\u00bb20. El vaixell de l&#8217;avi\u00bb _builder_version=\u00bb4.16&#8243; _module_preset=\u00bbdefault\u00bb custom_margin=\u00bb30px||||false|false\u00bb global_colors_info=\u00bb{}\u00bb]<\/p>\n<h3>20. EL VAIXELL DE L&#8217;AVI<\/h3>\n<p><strong>Autor\u00eda:<\/strong> Michael Catchpool<br \/>Editorial Juventud, 20008<\/p>\n<p>El abuelo de esta historia ten\u00eda un barco, el Cargol\u00ed, y desde que \u00e9l muri\u00f3, el barco est\u00e1 abandonado. Su familia un buen d\u00eda piensa que si le recuperan tambi\u00e9n tendr\u00e1n hermosos recuerdos suyos, y eso hacen, el barco del abuelo seguir\u00e1 vivo. <\/p>\n<p>[\/et_pb_text][\/et_pb_column][et_pb_column type=\u00bb1_4&#8243; _builder_version=\u00bb4.16&#8243; _module_preset=\u00bbdefault\u00bb global_colors_info=\u00bb{}\u00bb][et_pb_image src=\u00bbhttps:\/\/escoles.fundesplai.org\/wp-content\/uploads\/2021\/10\/El-vaixexll-de-lavi-Fundesplai.jpg\u00bb alt=\u00bbEl barco del abuelo Fundesplai\u00bb title_text=\u00bbEl barco del abuelo Fundesplai\u00bb align=\u00bbright\u00bb _builder_version=\u00bb4.16&#8243; _module_preset=\u00bbdefault\u00bb custom_margin=\u00bb30px||||false|false\u00bb custom_padding=\u00bb40px||||false|false\u00bb global_colors_info=\u00bb{}\u00bb][\/et_pb_image][\/et_pb_column][\/et_pb_row][et_pb_row column_structure=\u00bb3_4,1_4&#8243; _builder_version=\u00bb4.16&#8243; _module_preset=\u00bbdefault\u00bb global_colors_info=\u00bb{}\u00bb][et_pb_column type=\u00bb3_4&#8243; _builder_version=\u00bb4.16&#8243; _module_preset=\u00bbdefault\u00bb global_colors_info=\u00bb{}\u00bb][et_pb_text admin_label=\u00bb21. Estirar la pota\u00bb _builder_version=\u00bb4.16&#8243; _module_preset=\u00bbdefault\u00bb custom_margin=\u00bb30px||||false|false\u00bb global_colors_info=\u00bb{}\u00bb]<\/p>\n<h3>21. ESTIRAR LA POTA<\/h3>\n<p><strong>Autor\u00eda:<\/strong> Babette Cole<br \/>Estrella Polar, 2008<\/p>\n<p>Este bonito cuento explica c\u00f3mo el cuerpo con el que nacemos, poco a poco va envejeciendo y se va transformando. Unos ni\u00f1os preguntan a sus abuelos por qu\u00e9 son tan viejos y por qu\u00e9 tienen poco pelo. Las respuestas de los abuelos pasar\u00e1n por todas las etapas de la vida, explicando c\u00f3mo han evolucionado.  <\/p>\n<p>[\/et_pb_text][\/et_pb_column][et_pb_column type=\u00bb1_4&#8243; _builder_version=\u00bb4.16&#8243; _module_preset=\u00bbdefault\u00bb global_colors_info=\u00bb{}\u00bb][et_pb_image src=\u00bbhttps:\/\/escoles.fundesplai.org\/wp-content\/uploads\/2021\/10\/Estirar-la-pota-Fundesplai.jpg\u00bb alt=\u00bbEstirar la pata Fundesplai\u00bb title_text=\u00bbEstirar la pata Fundesplai\u00bb align=\u00bbright\u00bb _builder_version=\u00bb4.16&#8243; _module_preset=\u00bbdefault\u00bb custom_margin=\u00bb30px||||false|false\u00bb custom_padding=\u00bb40px||||false|false\u00bb global_colors_info=\u00bb{}\u00bb][\/et_pb_image][\/et_pb_column][\/et_pb_row][et_pb_row column_structure=\u00bb3_4,1_4&#8243; _builder_version=\u00bb4.16&#8243; _module_preset=\u00bbdefault\u00bb global_colors_info=\u00bb{}\u00bb][et_pb_column type=\u00bb3_4&#8243; _builder_version=\u00bb4.16&#8243; _module_preset=\u00bbdefault\u00bb global_colors_info=\u00bb{}\u00bb][et_pb_text admin_label=\u00bb22. Gallons de taronja\u00bb _builder_version=\u00bb4.16&#8243; _module_preset=\u00bbdefault\u00bb custom_margin=\u00bb30px||||false|false\u00bb global_colors_info=\u00bb{}\u00bb]<\/p>\n<h3>22. GALLONS DE TARONJA<\/h3>\n<p><strong>Autor\u00eda:<\/strong> Fran\u00e7oise Legendre<br \/>Tandem Edicions, 2008<\/p>\n<p>En un peque\u00f1o pueblecito de Andaluc\u00eda vive Petra. Ella tiene muy buena relaci\u00f3n con su abuelo, que cada d\u00eda le ofrece un gajo de naranja cuando le espera en un banco a la salida de la escuela. Pero llega un d\u00eda en que el abuelo no le est\u00e1 esperando. La aceptaci\u00f3n de la p\u00e9rdida y el recuerdo es lo que trata esta tierna historia.   <\/p>\n<p>[\/et_pb_text][\/et_pb_column][et_pb_column type=\u00bb1_4&#8243; _builder_version=\u00bb4.16&#8243; _module_preset=\u00bbdefault\u00bb global_colors_info=\u00bb{}\u00bb][et_pb_image src=\u00bbhttps:\/\/escoles.fundesplai.org\/wp-content\/uploads\/2021\/10\/Gallons-de-taronja-Fundesplai.jpg\u00bb alt=\u00bbGallones de naranja Fundesplai\u00bb title_text=\u00bbGallones de naranja Fundesplai\u00bb align=\u00bbright\u00bb _builder_version=\u00bb4.16&#8243; _module_preset=\u00bbdefault\u00bb custom_margin=\u00bb30px||||false|false\u00bb custom_padding=\u00bb40px||||false|false\u00bb global_colors_info=\u00bb{}\u00bb][\/et_pb_image][\/et_pb_column][\/et_pb_row][et_pb_row column_structure=\u00bb3_4,1_4&#8243; _builder_version=\u00bb4.16&#8243; _module_preset=\u00bbdefault\u00bb global_colors_info=\u00bb{}\u00bb][et_pb_column type=\u00bb3_4&#8243; _builder_version=\u00bb4.16&#8243; _module_preset=\u00bbdefault\u00bb global_colors_info=\u00bb{}\u00bb][et_pb_text admin_label=\u00bb23. Gr\u00e0cies teix\u00f3\u00bb _builder_version=\u00bb4.16&#8243; _module_preset=\u00bbdefault\u00bb custom_margin=\u00bb30px||||false|false\u00bb global_colors_info=\u00bb{}\u00bb]<\/p>\n<h3>23. GR\u00c0CIES, TEIX\u00d3<\/h3>\n<p>Autor\u00eda <strong>:<\/strong> Susan Varley<br \/>Los cuatro azules, 2017<\/p>\n<p>Llega un d\u00eda que Teix\u00f3, el protagonista de esta historia, se siente ya muy viejo y sabe que pronto morir\u00e1. \u00c9l no tiene miedo a morir, pero le preocupa c\u00f3mo se sentir\u00e1n sus amigos cuando esto ocurra. Cuando llega el momento, los amigos se quedan tristes, pero saben que siempre les quedar\u00e1n los buenos recuerdos.  <\/p>\n<p>[\/et_pb_text][\/et_pb_column][et_pb_column type=\u00bb1_4&#8243; _builder_version=\u00bb4.16&#8243; _module_preset=\u00bbdefault\u00bb global_colors_info=\u00bb{}\u00bb][et_pb_image src=\u00bbhttps:\/\/escoles.fundesplai.org\/wp-content\/uploads\/2021\/10\/Gracies-teixo-Fundesplai.jpg\u00bb alt=\u00bbGracias tej\u00f3n Fundesplai\u00bb title_text=\u00bbGracias tej\u00f3n Fundesplai\u00bb align=\u00bbright\u00bb _builder_version=\u00bb4.16&#8243; _module_preset=\u00bbdefault\u00bb custom_margin=\u00bb30px||||false|false\u00bb custom_padding=\u00bb40px||||false|false\u00bb global_colors_info=\u00bb{}\u00bb][\/et_pb_image][\/et_pb_column][\/et_pb_row][et_pb_row column_structure=\u00bb3_4,1_4&#8243; _builder_version=\u00bb4.16&#8243; _module_preset=\u00bbdefault\u00bb global_colors_info=\u00bb{}\u00bb][et_pb_column type=\u00bb3_4&#8243; _builder_version=\u00bb4.16&#8243; _module_preset=\u00bbdefault\u00bb global_colors_info=\u00bb{}\u00bb][et_pb_text admin_label=\u00bb24. Jo sempre t&#8217;estimar\u00e9\u00bb _builder_version=\u00bb4.16&#8243; _module_preset=\u00bbdefault\u00bb custom_margin=\u00bb30px||||false|false\u00bb global_colors_info=\u00bb{}\u00bb]<\/p>\n<h3>24. JO SEMPRE T&#8217;ESTIMAR\u00c9<\/h3>\n<p>Autor\u00eda <strong>:<\/strong> Han Wilhelm<br \/>Editorial Juventud, 1999<\/p>\n<p>La relaci\u00f3n entre un ni\u00f1o y su perra puede ser muy fuerte, y es lo que le ocurre al protagonista de este cuento. Tras su muerte el ni\u00f1o est\u00e1 muy triste, y solo le queda su recuerdo. Una visi\u00f3n hermosa y tierna sobre la p\u00e9rdida de una mascota querida.  <\/p>\n<p>[\/et_pb_text][\/et_pb_column][et_pb_column type=\u00bb1_4&#8243; _builder_version=\u00bb4.16&#8243; _module_preset=\u00bbdefault\u00bb global_colors_info=\u00bb{}\u00bb][et_pb_image src=\u00bbhttps:\/\/escoles.fundesplai.org\/wp-content\/uploads\/2021\/10\/Jo-sempre-testimare-Fundesplai.jpg\u00bb alt=\u00bbYo siempre te amar Fundesplai\u00bb title_text=\u00bbYo siempre te amar Fundesplai\u00bb align=\u00bbright\u00bb _builder_version=\u00bb4.16&#8243; _module_preset=\u00bbdefault\u00bb custom_margin=\u00bb30px||||false|false\u00bb custom_padding=\u00bb40px||||false|false\u00bb global_colors_info=\u00bb{}\u00bb][\/et_pb_image][\/et_pb_column][\/et_pb_row][et_pb_row column_structure=\u00bb3_4,1_4&#8243; _builder_version=\u00bb4.16&#8243; _module_preset=\u00bbdefault\u00bb global_colors_info=\u00bb{}\u00bb][et_pb_column type=\u00bb3_4&#8243; _builder_version=\u00bb4.16&#8243; _module_preset=\u00bbdefault\u00bb global_colors_info=\u00bb{}\u00bb][et_pb_text admin_label=\u00bb25. L&#8217;arbre dels records\u00bb _builder_version=\u00bb4.16&#8243; _module_preset=\u00bbdefault\u00bb custom_margin=\u00bb30px||||false|false\u00bb global_colors_info=\u00bb{}\u00bb]<\/p>\n<h3>25. L&#8217;ARBRE DELS RECORDS<\/h3>\n<p><strong>Autor\u00eda:<\/strong> Britta Teckentrup<br \/>Nubeocho Ediciones, 2015<\/p>\n<p>El zorro se ha hecho mayor y sabe que ha llegado la hora de irse. Se va a un rinc\u00f3n del bosque, un rinc\u00f3n tranquilo y en paz, es su lugar de reposo hasta el \u00faltimo aliento. Todos sus amigos y amigas van a verla para recordar todos los buenos momentos pasados juntos, y de todos los buenos recuerdos crecer\u00e1 un bonito \u00e1rbol.  <\/p>\n<p>[\/et_pb_text][\/et_pb_column][et_pb_column type=\u00bb1_4&#8243; _builder_version=\u00bb4.16&#8243; _module_preset=\u00bbdefault\u00bb global_colors_info=\u00bb{}\u00bb][et_pb_image src=\u00bbhttps:\/\/escoles.fundesplai.org\/wp-content\/uploads\/2021\/10\/Larbre-dels-records-Fundesplai.jpg\u00bb alt=\u00bbEl \u00e1rbol de los recuerdos Fundesplai\u00bb title_text=\u00bbEl \u00e1rbol de los recuerdos Fundesplai\u00bb align=\u00bbright\u00bb _builder_version=\u00bb4.16&#8243; _module_preset=\u00bbdefault\u00bb custom_margin=\u00bb30px||||false|false\u00bb custom_padding=\u00bb40px||||false|false\u00bb global_colors_info=\u00bb{}\u00bb][\/et_pb_image][\/et_pb_column][\/et_pb_row][et_pb_row column_structure=\u00bb3_4,1_4&#8243; _builder_version=\u00bb4.16&#8243; _module_preset=\u00bbdefault\u00bb global_colors_info=\u00bb{}\u00bb][et_pb_column type=\u00bb3_4&#8243; _builder_version=\u00bb4.16&#8243; _module_preset=\u00bbdefault\u00bb global_colors_info=\u00bb{}\u00bb][et_pb_text admin_label=\u00bb26. L&#8217;avi de l&#8217;osset\u00bb _builder_version=\u00bb4.16&#8243; _module_preset=\u00bbdefault\u00bb custom_margin=\u00bb30px||||false|false\u00bb global_colors_info=\u00bb{}\u00bb]<\/p>\n<h3>26. L&#8217;AVI DE L&#8217;OSSET<\/h3>\n<p><strong>Autor\u00eda:<\/strong> Nigel Gray<br \/>Estrella Polar, 2003<\/p>\n<p>El abuelo de Osset le cuenta muchos cuentos en la casita que tienen en el \u00e1rbol. Pero un d\u00eda el abuelo est\u00e1 enfermo en el hospital y es Osset quien le cuenta cuentos al abuelo al borde de su cama, y hasta el \u00faltimo suspiro. Recordar las historias que contaba el abuelo, hace que el Osset se sienta m\u00e1s tranquilo y seguro.  <\/p>\n<p>[\/et_pb_text][\/et_pb_column][et_pb_column type=\u00bb1_4&#8243; _builder_version=\u00bb4.16&#8243; _module_preset=\u00bbdefault\u00bb global_colors_info=\u00bb{}\u00bb][et_pb_image src=\u00bbhttps:\/\/escoles.fundesplai.org\/wp-content\/uploads\/2021\/10\/Lavi-de-losset-Fundesplai.jpg\u00bb alt=\u00bbEl abuelo del osito Fundesplai\u00bb title_text=\u00bbEl abuelo del osito Fundesplai\u00bb align=\u00bbright\u00bb _builder_version=\u00bb4.16&#8243; _module_preset=\u00bbdefault\u00bb custom_margin=\u00bb30px||||false|false\u00bb custom_padding=\u00bb40px||||false|false\u00bb global_colors_info=\u00bb{}\u00bb][\/et_pb_image][\/et_pb_column][\/et_pb_row][et_pb_row column_structure=\u00bb3_4,1_4&#8243; _builder_version=\u00bb4.16&#8243; _module_preset=\u00bbdefault\u00bb global_colors_info=\u00bb{}\u00bb][et_pb_column type=\u00bb3_4&#8243; _builder_version=\u00bb4.16&#8243; _module_preset=\u00bbdefault\u00bb global_colors_info=\u00bb{}\u00bb][et_pb_text admin_label=\u00bb27. L&#8217;Edu el petit llop\u00bb _builder_version=\u00bb4.16&#8243; _module_preset=\u00bbdefault\u00bb custom_margin=\u00bb30px||||false|false\u00bb global_colors_info=\u00bb{}\u00bb]<\/p>\n<h3>27. L&#8217;EDU, EL PETIT LLOP<\/h3>\n<p><strong>Autor\u00eda:<\/strong> Gregoire Solorareff<br \/>Corimbo, 2010<\/p>\n<p>Los protagonistas son Tom y Edu, un conejo y un lobo. Tom no tiene miedo a Edu, pero \u00bfson compatibles sus amistades? Este cuento sirve para simular que hay miedos que son reales, pero otros que pueden ser imaginarios, y a veces dominarnos.  <\/p>\n<p>[\/et_pb_text][\/et_pb_column][et_pb_column type=\u00bb1_4&#8243; _builder_version=\u00bb4.16&#8243; _module_preset=\u00bbdefault\u00bb global_colors_info=\u00bb{}\u00bb][et_pb_image src=\u00bbhttps:\/\/escoles.fundesplai.org\/wp-content\/uploads\/2021\/10\/LEdu-el-petit-llop-Fundesplai.jpg\u00bb alt=\u00bbEdu el peque\u00f1o lobo Fundesplai\u00bb title_text=\u00bbEdu el peque\u00f1o lobo Fundesplai\u00bb align=\u00bbright\u00bb _builder_version=\u00bb4.16&#8243; _module_preset=\u00bbdefault\u00bb custom_margin=\u00bb30px||||false|false\u00bb custom_padding=\u00bb40px||||false|false\u00bb global_colors_info=\u00bb{}\u00bb][\/et_pb_image][\/et_pb_column][\/et_pb_row][et_pb_row column_structure=\u00bb3_4,1_4&#8243; _builder_version=\u00bb4.16&#8243; _module_preset=\u00bbdefault\u00bb global_colors_info=\u00bb{}\u00bb][et_pb_column type=\u00bb3_4&#8243; _builder_version=\u00bb4.16&#8243; _module_preset=\u00bbdefault\u00bb global_colors_info=\u00bb{}\u00bb][et_pb_text admin_label=\u00bb28. L&#8217;ef\u00edmera\u00bb _builder_version=\u00bb4.16&#8243; _module_preset=\u00bbdefault\u00bb custom_margin=\u00bb30px||||false|false\u00bb global_colors_info=\u00bb{}\u00bb]<\/p>\n<h3>28. L&#8217;EF\u00cdMERA<\/h3>\n<p><strong>Autor\u00eda:<\/strong> Stephane Senegas<br \/>Tatatuka, 2016<\/p>\n<p>La ef\u00edmera es un animal que solo vive 24 horas. Este cuento habla de la historia de dos hermanos que descubren a una y que le quieren hacer pasar el mejor d\u00eda de su vida. Cuando esta muere, se ponen muy tristes, pero entienden que a las personas tambi\u00e9n les va a pasar.  <\/p>\n<p>[\/et_pb_text][\/et_pb_column][et_pb_column type=\u00bb1_4&#8243; _builder_version=\u00bb4.16&#8243; _module_preset=\u00bbdefault\u00bb global_colors_info=\u00bb{}\u00bb][et_pb_image src=\u00bbhttps:\/\/escoles.fundesplai.org\/wp-content\/uploads\/2021\/10\/Lefimera-Fundesplai.jpg\u00bb alt=\u00bbLa ef\u00edmera Fundesplai\u00bb title_text=\u00bbLa ef\u00edmera Fundesplai\u00bb align=\u00bbright\u00bb _builder_version=\u00bb4.16&#8243; _module_preset=\u00bbdefault\u00bb custom_margin=\u00bb30px||||false|false\u00bb custom_padding=\u00bb40px||||false|false\u00bb global_colors_info=\u00bb{}\u00bb][\/et_pb_image][\/et_pb_column][\/et_pb_row][et_pb_row column_structure=\u00bb3_4,1_4&#8243; _builder_version=\u00bb4.16&#8243; _module_preset=\u00bbdefault\u00bb global_colors_info=\u00bb{}\u00bb][et_pb_column type=\u00bb3_4&#8243; _builder_version=\u00bb4.16&#8243; _module_preset=\u00bbdefault\u00bb global_colors_info=\u00bb{}\u00bb][et_pb_text admin_label=\u00bb29. L&#8217;estrella de la Laura\u00bb _builder_version=\u00bb4.16&#8243; _module_preset=\u00bbdefault\u00bb custom_margin=\u00bb30px||||false|false\u00bb global_colors_info=\u00bb{}\u00bb]<\/p>\n<h3>29. L&#8217;ESTRELLA DE LA LAURA<\/h3>\n<p><strong>Autor\u00eda:<\/strong> Klaus Baumgart<br \/>BEASCOA, 2005<\/p>\n<p>Una estrella cae frente a la casa de Laura, ella la coge y la cuida, pero al d\u00eda siguiente la estrella desaparece. No sabe qu\u00e9 ocurre y est\u00e1 triste hasta que por la noche vuelve a aparecer. \u00a1Claro, las estrellas no se ven de d\u00eda! Sin embargo, sabe que aquel no es su lugar y que la estrella tendr\u00e1 que volver al cielo.   <\/p>\n<p>[\/et_pb_text][\/et_pb_column][et_pb_column type=\u00bb1_4&#8243; _builder_version=\u00bb4.16&#8243; _module_preset=\u00bbdefault\u00bb global_colors_info=\u00bb{}\u00bb][et_pb_image src=\u00bbhttps:\/\/escoles.fundesplai.org\/wp-content\/uploads\/2021\/10\/Lestrella-de-la-Laura-Fundesplai.jpg\u00bb alt=\u00bbLa estrella de Laura Fundesplai\u00bb title_text=\u00bbLa estrella de Laura Fundesplai\u00bb align=\u00bbright\u00bb _builder_version=\u00bb4.16&#8243; _module_preset=\u00bbdefault\u00bb custom_margin=\u00bb30px||||false|false\u00bb custom_padding=\u00bb40px||||false|false\u00bb global_colors_info=\u00bb{}\u00bb][\/et_pb_image][\/et_pb_column][\/et_pb_row][et_pb_row column_structure=\u00bb3_4,1_4&#8243; _builder_version=\u00bb4.16&#8243; _module_preset=\u00bbdefault\u00bb global_colors_info=\u00bb{}\u00bb][et_pb_column type=\u00bb3_4&#8243; _builder_version=\u00bb4.16&#8243; _module_preset=\u00bbdefault\u00bb global_colors_info=\u00bb{}\u00bb][et_pb_text admin_label=\u00bb30. L&#8217;illa de l&#8217;avi\u00bb _builder_version=\u00bb4.16&#8243; _module_preset=\u00bbdefault\u00bb custom_margin=\u00bb30px||||false|false\u00bb global_colors_info=\u00bb{}\u00bb]<\/p>\n<h3>30. L&#8217;ILLA DE L&#8217;AVI <\/h3>\n<p>Autor\u00eda<strong>:<\/strong> Benji Davis<br \/>Andana Editorial, 2017<\/p>\n<p>Esta es la hermosa historia de un nieto y su abuelo, qu\u00e9 juntos, emprenden un viaje algo surrealista a una isla, una isla de la que el abuelo nunca vuelve. Unas bonitas ilustraciones que hace recordar que las personas que quieres siempre est\u00e1n presentes. <\/p>\n<p>[\/et_pb_text][\/et_pb_column][et_pb_column type=\u00bb1_4&#8243; _builder_version=\u00bb4.16&#8243; _module_preset=\u00bbdefault\u00bb global_colors_info=\u00bb{}\u00bb][et_pb_image src=\u00bbhttps:\/\/escoles.fundesplai.org\/wp-content\/uploads\/2021\/10\/Lilla-de-lavi-Fundesplai.jpg\u00bb alt=\u00bbLa isla del abuelo Fundesplai\u00bb title_text=\u00bbLa isla del abuelo Fundesplai\u00bb align=\u00bbright\u00bb _builder_version=\u00bb4.16&#8243; _module_preset=\u00bbdefault\u00bb custom_margin=\u00bb30px||||false|false\u00bb custom_padding=\u00bb40px||||false|false\u00bb global_colors_info=\u00bb{}\u00bb][\/et_pb_image][\/et_pb_column][\/et_pb_row][et_pb_row column_structure=\u00bb3_4,1_4&#8243; _builder_version=\u00bb4.16&#8243; _module_preset=\u00bbdefault\u00bb global_colors_info=\u00bb{}\u00bb][et_pb_column type=\u00bb3_4&#8243; _builder_version=\u00bb4.16&#8243; _module_preset=\u00bbdefault\u00bb global_colors_info=\u00bb{}\u00bb][et_pb_text admin_label=\u00bb31. L&#8217;ocell mort\u00bb _builder_version=\u00bb4.16&#8243; _module_preset=\u00bbdefault\u00bb custom_margin=\u00bb30px||||false|false\u00bb global_colors_info=\u00bb{}\u00bb]<\/p>\n<h3>31. L&#8217;OCELL MORT<\/h3>\n<p><strong>Autor\u00eda:<\/strong> Margaret Wise<br \/>Editorial Corimbo, 2018<\/p>\n<p>En este cuento, un grupo de ni\u00f1os y ni\u00f1as encuentran un p\u00e1jaro muerto en medio del parque. All\u00ed deciden hacerle una despedida, como las de las personas mayores, y cavan un hoyo y lo entierran con mucho cari\u00f1o y detalles. Juntos cantan una canci\u00f3n por una hermosa despedida.  <\/p>\n<p>[\/et_pb_text][\/et_pb_column][et_pb_column type=\u00bb1_4&#8243; _builder_version=\u00bb4.16&#8243; _module_preset=\u00bbdefault\u00bb global_colors_info=\u00bb{}\u00bb][et_pb_image src=\u00bbhttps:\/\/escoles.fundesplai.org\/wp-content\/uploads\/2021\/10\/Locell-mort-Fundesplai.jpg\u00bb alt=\u00bbEl p\u00e1jaro muerto Fundesplai\u00bb title_text=\u00bbEl p\u00e1jaro muerto Fundesplai\u00bb align=\u00bbright\u00bb _builder_version=\u00bb4.16&#8243; _module_preset=\u00bbdefault\u00bb custom_margin=\u00bb30px||||false|false\u00bb custom_padding=\u00bb40px||||false|false\u00bb global_colors_info=\u00bb{}\u00bb][\/et_pb_image][\/et_pb_column][\/et_pb_row][et_pb_row column_structure=\u00bb3_4,1_4&#8243; _builder_version=\u00bb4.16&#8243; _module_preset=\u00bbdefault\u00bb global_colors_info=\u00bb{}\u00bb][et_pb_column type=\u00bb3_4&#8243; _builder_version=\u00bb4.16&#8243; _module_preset=\u00bbdefault\u00bb global_colors_info=\u00bb{}\u00bb][et_pb_text admin_label=\u00bb32. La caricia de la papallona\u00bb _builder_version=\u00bb4.16&#8243; _module_preset=\u00bbdefault\u00bb custom_margin=\u00bb30px||||false|false\u00bb global_colors_info=\u00bb{}\u00bb]<\/p>\n<h3>32. LA CAR\u00cdCIA DE LA PAPALLONA<\/h3>\n<p><strong>Autor\u00eda:<\/strong> Christian Voltz<br \/>Hipotesis, 2008<\/p>\n<p>Visualmente este cuento es espectacular, hecho con diferentes alambres, tierra y tapones de corcho, crea unas im\u00e1genes muy originales y tiernas. Con esta historia se plantea la pregunta: \u00bfd\u00f3nde vamos cuando morimos? En el cielo, en la tierra&#8230; un cuento que mezcla toques de humor, sensibilidad y naturalidad.   <\/p>\n<p>[\/et_pb_text][\/et_pb_column][et_pb_column type=\u00bb1_4&#8243; _builder_version=\u00bb4.16&#8243; _module_preset=\u00bbdefault\u00bb global_colors_info=\u00bb{}\u00bb][et_pb_image src=\u00bbhttps:\/\/escoles.fundesplai.org\/wp-content\/uploads\/2021\/10\/La-caricia-de-la-papallona-Fundesplai.jpg\u00bb alt=\u00bbLa caricia de la mariposa Fundesplai\u00bb title_text=\u00bbLa caricia de la mariposa Fundesplai\u00bb align=\u00bbright\u00bb _builder_version=\u00bb4.16&#8243; _module_preset=\u00bbdefault\u00bb custom_margin=\u00bb30px||||false|false\u00bb custom_padding=\u00bb40px||||false|false\u00bb global_colors_info=\u00bb{}\u00bb][\/et_pb_image][\/et_pb_column][\/et_pb_row][et_pb_row column_structure=\u00bb3_4,1_4&#8243; _builder_version=\u00bb4.16&#8243; _module_preset=\u00bbdefault\u00bb global_colors_info=\u00bb{}\u00bb][et_pb_column type=\u00bb3_4&#8243; _builder_version=\u00bb4.16&#8243; _module_preset=\u00bbdefault\u00bb global_colors_info=\u00bb{}\u00bb][et_pb_text admin_label=\u00bb33. La Carla ara \u00e9s la nostra estrella\u00bb _builder_version=\u00bb4.16&#8243; _module_preset=\u00bbdefault\u00bb custom_margin=\u00bb30px||||false|false\u00bb global_colors_info=\u00bb{}\u00bb]<\/p>\n<h3>33. LA CARLA \u00c9S ARA LA NOSTRA ESTRELLA<\/h3>\n<p>Autor\u00eda<strong>:<\/strong> vv.aa<br \/>Pag\u00e8s, 2013<\/p>\n<p>En este cuento se plantea la muerte de Carla, una ni\u00f1a de 4 a\u00f1os que, sin previo aviso, ha muerto. Una historia por plantear la p\u00e9rdida de una amiga y compa\u00f1era de clase, y poder crear momentos para recordarla. <\/p>\n<p>[\/et_pb_text][\/et_pb_column][et_pb_column type=\u00bb1_4&#8243; _builder_version=\u00bb4.16&#8243; _module_preset=\u00bbdefault\u00bb global_colors_info=\u00bb{}\u00bb][et_pb_image src=\u00bbhttps:\/\/escoles.fundesplai.org\/wp-content\/uploads\/2021\/10\/La-Carla-ara-es-la-nostra-estrella-Fundesplai.jpg\u00bb alt=\u00bbCarla ahora es nuestra estrella Fundesplai\u00bb title_text=\u00bbCarla ahora es nuestra estrella Fundesplai\u00bb align=\u00bbright\u00bb _builder_version=\u00bb4.16&#8243; _module_preset=\u00bbdefault\u00bb custom_margin=\u00bb30px||||false|false\u00bb custom_padding=\u00bb40px||||false|false\u00bb global_colors_info=\u00bb{}\u00bb][\/et_pb_image][\/et_pb_column][\/et_pb_row][et_pb_row column_structure=\u00bb3_4,1_4&#8243; _builder_version=\u00bb4.16&#8243; _module_preset=\u00bbdefault\u00bb global_colors_info=\u00bb{}\u00bb][et_pb_column type=\u00bb3_4&#8243; _builder_version=\u00bb4.16&#8243; _module_preset=\u00bbdefault\u00bb global_colors_info=\u00bb{}\u00bb][et_pb_text admin_label=\u00bb34. La gota d&#8217;aigua\u00bb _builder_version=\u00bb4.16&#8243; _module_preset=\u00bbdefault\u00bb custom_margin=\u00bb30px||||false|false\u00bb global_colors_info=\u00bb{}\u00bb]<\/p>\n<h3>34. LA GOTA D&#8217;AIGUA<\/h3>\n<p><strong>Autor\u00eda:<\/strong> Ines-Castel Branco<br \/>Akialbum, 2017<\/p>\n<p>Un \u00e1lbum ilustrado que plantea la vida y la muerte desde el punto de vista de una gota de agua que llega al mar. El poder de transformaci\u00f3n del agua servir\u00e1 para compararlo con el de la vida humana. <\/p>\n<p>[\/et_pb_text][\/et_pb_column][et_pb_column type=\u00bb1_4&#8243; _builder_version=\u00bb4.16&#8243; _module_preset=\u00bbdefault\u00bb global_colors_info=\u00bb{}\u00bb][et_pb_image src=\u00bbhttps:\/\/escoles.fundesplai.org\/wp-content\/uploads\/2021\/10\/La-gota-daigua-Fundesplai.jpg\u00bb alt=\u00bbLa gota de agua Fundesplai\u00bb title_text=\u00bbLa gota de agua Fundesplai\u00bb align=\u00bbright\u00bb _builder_version=\u00bb4.16&#8243; _module_preset=\u00bbdefault\u00bb custom_margin=\u00bb30px||||false|false\u00bb custom_padding=\u00bb40px||||false|false\u00bb global_colors_info=\u00bb{}\u00bb][\/et_pb_image][\/et_pb_column][\/et_pb_row][et_pb_row column_structure=\u00bb3_4,1_4&#8243; _builder_version=\u00bb4.16&#8243; _module_preset=\u00bbdefault\u00bb global_colors_info=\u00bb{}\u00bb][et_pb_column type=\u00bb3_4&#8243; _builder_version=\u00bb4.16&#8243; _module_preset=\u00bbdefault\u00bb global_colors_info=\u00bb{}\u00bb][et_pb_text admin_label=\u00bb35. La iaia embolica la troca\u00bb _builder_version=\u00bb4.16&#8243; _module_preset=\u00bbdefault\u00bb custom_margin=\u00bb30px||||false|false\u00bb global_colors_info=\u00bb{}\u00bb]<\/p>\n<h3>35. LA IAIA EMBOLICA LA TROCA<\/h3>\n<p><strong>Autor\u00eda:<\/strong> Xavier Sim\u00f3 y Roger Sim\u00f3<br \/>Andana Editorial, 2018<\/p>\n<p>La abuela Rosal\u00eda no est\u00e1 como siempre despu\u00e9s de que se haya quedado viuda, todo le cuesta y se le hace una monta\u00f1a. Pero con la ayuda de los dem\u00e1s y de una buena noticia, ser\u00e1 capaz de seguir adelante y recuperar la alegr\u00eda y la esperanza. Una hermosa historia que trata con ternura una situaci\u00f3n triste.  <\/p>\n<p>[\/et_pb_text][\/et_pb_column][et_pb_column type=\u00bb1_4&#8243; _builder_version=\u00bb4.16&#8243; _module_preset=\u00bbdefault\u00bb global_colors_info=\u00bb{}\u00bb][et_pb_image src=\u00bbhttps:\/\/escoles.fundesplai.org\/wp-content\/uploads\/2021\/10\/La-iaia-embolica-la-troca-Fundesplai.jpg\u00bb alt=\u00bbLa abuela envuelve la madeja Fundesplai\u00bb title_text=\u00bbLa abuela envuelve la madeja Fundesplai\u00bb align=\u00bbright\u00bb _builder_version=\u00bb4.16&#8243; _module_preset=\u00bbdefault\u00bb custom_margin=\u00bb30px||||false|false\u00bb custom_padding=\u00bb40px||||false|false\u00bb global_colors_info=\u00bb{}\u00bb][\/et_pb_image][\/et_pb_column][\/et_pb_row][et_pb_row column_structure=\u00bb3_4,1_4&#8243; _builder_version=\u00bb4.16&#8243; _module_preset=\u00bbdefault\u00bb global_colors_info=\u00bb{}\u00bb][et_pb_column type=\u00bb3_4&#8243; _builder_version=\u00bb4.16&#8243; _module_preset=\u00bbdefault\u00bb global_colors_info=\u00bb{}\u00bb][et_pb_text admin_label=\u00bb36. La J\u00falia t\u00e9 un estel\u00bb _builder_version=\u00bb4.16&#8243; _module_preset=\u00bbdefault\u00bb custom_margin=\u00bb30px||||false|false\u00bb global_colors_info=\u00bb{}\u00bb]<\/p>\n<h3>36. LA JULIA T\u00c9 UN ESTEL<\/h3>\n<p>Autor\u00eda<strong>:<\/strong> Eduard Jos\u00e9 y Valent\u00ed Gubianas<br \/>Editorial Galera, 2006<\/p>\n<p>La muerte de la madre de Julia por una enfermedad grave, hace que su recuerdo se quede en una estrella que hay en el cielo. Ella sabe que puede disfrutar de su compa\u00f1\u00eda solo mirando por la ventana, a pesar de no tenerla a su lado literalmente. <\/p>\n<p>[\/et_pb_text][\/et_pb_column][et_pb_column type=\u00bb1_4&#8243; _builder_version=\u00bb4.16&#8243; _module_preset=\u00bbdefault\u00bb global_colors_info=\u00bb{}\u00bb][et_pb_image src=\u00bbhttps:\/\/escoles.fundesplai.org\/wp-content\/uploads\/2021\/10\/La-Julia-te-un-estel-Fundesplai.jpg\u00bb alt=\u00bbJulia tiene una estrella Fundesplai\u00bb title_text=\u00bbJulia tiene una estrella Fundesplai\u00bb align=\u00bbright\u00bb _builder_version=\u00bb4.16&#8243; _module_preset=\u00bbdefault\u00bb custom_margin=\u00bb30px||||false|false\u00bb custom_padding=\u00bb40px||||false|false\u00bb global_colors_info=\u00bb{}\u00bb][\/et_pb_image][\/et_pb_column][\/et_pb_row][et_pb_row column_structure=\u00bb3_4,1_4&#8243; _builder_version=\u00bb4.16&#8243; _module_preset=\u00bbdefault\u00bb global_colors_info=\u00bb{}\u00bb][et_pb_column type=\u00bb3_4&#8243; _builder_version=\u00bb4.16&#8243; _module_preset=\u00bbdefault\u00bb global_colors_info=\u00bb{}\u00bb][et_pb_text admin_label=\u00bb37. La lluna d&#8217;en Joan\u00bb _builder_version=\u00bb4.16&#8243; _module_preset=\u00bbdefault\u00bb custom_margin=\u00bb30px||||false|false\u00bb global_colors_info=\u00bb{}\u00bb]<\/p>\n<h3>37. LA LLUNA D&#8217;EN JOAN<\/h3>\n<p>Autor\u00eda<strong>:<\/strong> Carme Sol\u00e9<br \/>Asociaci\u00f3 de Mestres Rosa Sensat, 2009<\/p>\n<p>El padre del protagonista no est\u00e1 muy bien de salud, y \u00e9l quiere salvarle de todas formas, subiendo hasta la luna o bajando hasta el fondo del mar. Es una bonita historia de ternura que se ha convertido en un cuento de referencia para hablar del duelo. <\/p>\n<p>[\/et_pb_text][\/et_pb_column][et_pb_column type=\u00bb1_4&#8243; _builder_version=\u00bb4.16&#8243; _module_preset=\u00bbdefault\u00bb global_colors_info=\u00bb{}\u00bb][et_pb_image src=\u00bbhttps:\/\/escoles.fundesplai.org\/wp-content\/uploads\/2021\/10\/La-lluna-den-Joan-Fundesplai.jpg\u00bb alt=\u00bbLa luna de Joan Fundesplai\u00bb title_text=\u00bbLa luna de Joan Fundesplai\u00bb align=\u00bbright\u00bb _builder_version=\u00bb4.16&#8243; _module_preset=\u00bbdefault\u00bb custom_margin=\u00bb30px||||false|false\u00bb custom_padding=\u00bb40px||||false|false\u00bb global_colors_info=\u00bb{}\u00bb][\/et_pb_image][\/et_pb_column][\/et_pb_row][et_pb_row column_structure=\u00bb3_4,1_4&#8243; _builder_version=\u00bb4.16&#8243; _module_preset=\u00bbdefault\u00bb global_colors_info=\u00bb{}\u00bb][et_pb_column type=\u00bb3_4&#8243; _builder_version=\u00bb4.16&#8243; _module_preset=\u00bbdefault\u00bb global_colors_info=\u00bb{}\u00bb][et_pb_text admin_label=\u00bb38. La por de la Daniela\u00bb _builder_version=\u00bb4.16&#8243; _module_preset=\u00bbdefault\u00bb custom_margin=\u00bb30px||||false|false\u00bb global_colors_info=\u00bb{}\u00bb]<\/p>\n<h3>38. LA POR DE LA DANIELA<\/h3>\n<p><strong>Autor\u00eda:<\/strong> Laia Panyella Carbonell<br \/>Pol\u00b7len, 2021<\/p>\n<p>Este cuento plantea un miedo que adquiere una ni\u00f1a y que realmente le pertenece a su madre. El miedo que la madre de Daniela le transmite (porque su madre muri\u00f3 muy joven) afecta directamente a Daniela, y hay que encontrar la manera de que esto no sea as\u00ed.  <\/p>\n<p>[\/et_pb_text][\/et_pb_column][et_pb_column type=\u00bb1_4&#8243; _builder_version=\u00bb4.16&#8243; _module_preset=\u00bbdefault\u00bb global_colors_info=\u00bb{}\u00bb][et_pb_image src=\u00bbhttps:\/\/escoles.fundesplai.org\/wp-content\/uploads\/2021\/10\/La-por-de-la-Daniela-Fundesplai.jpg\u00bb alt=\u00bbEl miedo a Daniela Fundesplai\u00bb title_text=\u00bbEl miedo a Daniela Fundesplai\u00bb align=\u00bbright\u00bb _builder_version=\u00bb4.16&#8243; _module_preset=\u00bbdefault\u00bb custom_margin=\u00bb30px||||false|false\u00bb custom_padding=\u00bb40px||||false|false\u00bb global_colors_info=\u00bb{}\u00bb][\/et_pb_image][\/et_pb_column][\/et_pb_row][et_pb_row column_structure=\u00bb3_4,1_4&#8243; _builder_version=\u00bb4.16&#8243; _module_preset=\u00bbdefault\u00bb global_colors_info=\u00bb{}\u00bb][et_pb_column type=\u00bb3_4&#8243; _builder_version=\u00bb4.16&#8243; _module_preset=\u00bbdefault\u00bb global_colors_info=\u00bb{}\u00bb][et_pb_text admin_label=\u00bb39. Les coses que se&#8217;n van\u00bb _builder_version=\u00bb4.16&#8243; _module_preset=\u00bbdefault\u00bb custom_margin=\u00bb30px||||false|false\u00bb global_colors_info=\u00bb{}\u00bb]<\/p>\n<h3>39. LES COSES QUE SE&#8217;N VAN<\/h3>\n<p><strong>Autor\u00eda:<\/strong> Beatrice Alemagna<br \/>Combel, 2019<\/p>\n<p>Te presentamos un cuento muy original, y es que va exponiendo cosas que se van marchando de nuestro d\u00eda a d\u00eda y que se transforman con el paso del tiempo. La forma que tiene de mostrar estos cambios es a trav\u00e9s de unas p\u00e1ginas de papel vegetal, que hacen que el cambio sea m\u00e1s visible y comprensible. <\/p>\n<p>[\/et_pb_text][\/et_pb_column][et_pb_column type=\u00bb1_4&#8243; _builder_version=\u00bb4.16&#8243; _module_preset=\u00bbdefault\u00bb global_colors_info=\u00bb{}\u00bb][et_pb_image src=\u00bbhttps:\/\/escoles.fundesplai.org\/wp-content\/uploads\/2021\/10\/Les-coses-que-sen-van-Fundesplai.jpg\u00bb alt=\u00bbLas cosas que se van Fundesplai\u00bb title_text=\u00bbLas cosas que se van Fundesplai\u00bb align=\u00bbright\u00bb _builder_version=\u00bb4.16&#8243; _module_preset=\u00bbdefault\u00bb custom_margin=\u00bb30px||||false|false\u00bb custom_padding=\u00bb40px||||false|false\u00bb global_colors_info=\u00bb{}\u00bb][\/et_pb_image][\/et_pb_column][\/et_pb_row][et_pb_row column_structure=\u00bb3_4,1_4&#8243; _builder_version=\u00bb4.16&#8243; _module_preset=\u00bbdefault\u00bb global_colors_info=\u00bb{}\u00bb][et_pb_column type=\u00bb3_4&#8243; _builder_version=\u00bb4.16&#8243; _module_preset=\u00bbdefault\u00bb global_colors_info=\u00bb{}\u00bb][et_pb_text admin_label=\u00bb40. M\u00e9s enll\u00e0 del gran riu\u00bb _builder_version=\u00bb4.16&#8243; _module_preset=\u00bbdefault\u00bb custom_margin=\u00bb30px||||false|false\u00bb global_colors_info=\u00bb{}\u00bb]<\/p>\n<h3>40. M\u00c9S ENLL\u00c0 DEL GRAN RIU<\/h3>\n<p><strong>Autor\u00eda:<\/strong> Armin Bescher y Cornelia Hass<br \/>Editorial Juventud, 2014<\/p>\n<p>Este \u00e1lbum ilustrado narra la despedida entre la liebre y el oso lavadero. La liebre debe emprender un nuevo camino que debe hacer sola y que no podr\u00e1 compartir con sus amigos y amigas. Una historia sobre el duelo y la despedida, una aproximaci\u00f3n sensible y con visi\u00f3n laica.  <\/p>\n<p>[\/et_pb_text][\/et_pb_column][et_pb_column type=\u00bb1_4&#8243; _builder_version=\u00bb4.16&#8243; _module_preset=\u00bbdefault\u00bb global_colors_info=\u00bb{}\u00bb][et_pb_image src=\u00bbhttps:\/\/escoles.fundesplai.org\/wp-content\/uploads\/2021\/10\/Mes-enlla-del-gran-riu-Fundesplai.jpg\u00bb alt=\u00bbM\u00e1s all\u00e1 del gran r\u00edo Fundesplai\u00bb title_text=\u00bbM\u00e1s all\u00e1 del gran r\u00edo Fundesplai\u00bb align=\u00bbright\u00bb _builder_version=\u00bb4.16&#8243; _module_preset=\u00bbdefault\u00bb custom_margin=\u00bb30px||||false|false\u00bb custom_padding=\u00bb40px||||false|false\u00bb global_colors_info=\u00bb{}\u00bb][\/et_pb_image][\/et_pb_column][\/et_pb_row][et_pb_row column_structure=\u00bb3_4,1_4&#8243; _builder_version=\u00bb4.16&#8243; _module_preset=\u00bbdefault\u00bb global_colors_info=\u00bb{}\u00bb][et_pb_column type=\u00bb3_4&#8243; _builder_version=\u00bb4.16&#8243; _module_preset=\u00bbdefault\u00bb global_colors_info=\u00bb{}\u00bb][et_pb_text admin_label=\u00bb41. No \u00e9s f\u00e0cil petit esquirol\u00bb _builder_version=\u00bb4.16&#8243; _module_preset=\u00bbdefault\u00bb custom_margin=\u00bb30px||||false|false\u00bb global_colors_info=\u00bb{}\u00bb]<\/p>\n<h3>41. NO \u00c9S F\u00c0CIL PETIT ESQUIROL<\/h3>\n<p><strong>Autor\u00eda:<\/strong> Elisa Ramon y Rosa Osuna<br \/>Editorial Kalandraka, 2020<\/p>\n<p>Esta historia narra la muerte de la madre de una ardilla, y la pena y tristeza que siente ante esta p\u00e9rdida. Un cuento que habla con mucha ternura y naturalidad de este proceso y que pretende acompa\u00f1ar a los ni\u00f1os y ni\u00f1as en el camino de la aceptaci\u00f3n. <\/p>\n<p>[\/et_pb_text][\/et_pb_column][et_pb_column type=\u00bb1_4&#8243; _builder_version=\u00bb4.16&#8243; _module_preset=\u00bbdefault\u00bb global_colors_info=\u00bb{}\u00bb][et_pb_image src=\u00bbhttps:\/\/escoles.fundesplai.org\/wp-content\/uploads\/2021\/10\/No-es-facil-petit-esquirol-Fundesplai.jpg\u00bb alt=\u00bbNo es f\u00e1cil peque\u00f1a ardilla Fundesplai\u00bb title_text=\u00bbNo es f\u00e1cil peque\u00f1a ardilla Fundesplai\u00bb align=\u00bbright\u00bb _builder_version=\u00bb4.16&#8243; _module_preset=\u00bbdefault\u00bb custom_margin=\u00bb30px||||false|false\u00bb custom_padding=\u00bb40px||||false|false\u00bb global_colors_info=\u00bb{}\u00bb][\/et_pb_image][\/et_pb_column][\/et_pb_row][et_pb_row column_structure=\u00bb3_4,1_4&#8243; _builder_version=\u00bb4.16&#8243; _module_preset=\u00bbdefault\u00bb global_colors_info=\u00bb{}\u00bb][et_pb_column type=\u00bb3_4&#8243; _builder_version=\u00bb4.16&#8243; _module_preset=\u00bbdefault\u00bb global_colors_info=\u00bb{}\u00bb][et_pb_text admin_label=\u00bb42. No t&#8217;oblido\u00bb _builder_version=\u00bb4.16&#8243; _module_preset=\u00bbdefault\u00bb custom_margin=\u00bb30px||||false|false\u00bb global_colors_info=\u00bb{}\u00bb]<\/p>\n<h3>42. NO T&#8217;OBLIDO<\/h3>\n<p><strong>Autor\u00eda:<\/strong> Jennifer Moore-Mallinos<br \/>Edeb\u00e9, 2009<\/p>\n<p><em>No te olvido<\/em> es otro cuento para hablar, contar y acompa\u00f1ar al ni\u00f1o o ni\u00f1as ante la muerte de un animal. Este cuento puede servir para explicar el ciclo de la vida y aprender a recordarlo sin dolor. Ilustraciones hermosas que har\u00e1n que esta historia sea muy bonita.  <\/p>\n<p>[\/et_pb_text][\/et_pb_column][et_pb_column type=\u00bb1_4&#8243; _builder_version=\u00bb4.16&#8243; _module_preset=\u00bbdefault\u00bb global_colors_info=\u00bb{}\u00bb][et_pb_image src=\u00bbhttps:\/\/escoles.fundesplai.org\/wp-content\/uploads\/2021\/10\/No-toblido-Fundesplai.jpg\u00bb alt=\u00bbNo te olvido Fundesplai\u00bb title_text=\u00bbNo te olvido Fundesplai\u00bb align=\u00bbright\u00bb _builder_version=\u00bb4.16&#8243; _module_preset=\u00bbdefault\u00bb custom_margin=\u00bb30px||||false|false\u00bb custom_padding=\u00bb40px||||false|false\u00bb global_colors_info=\u00bb{}\u00bb][\/et_pb_image][\/et_pb_column][\/et_pb_row][et_pb_row column_structure=\u00bb3_4,1_4&#8243; _builder_version=\u00bb4.16&#8243; _module_preset=\u00bbdefault\u00bb global_colors_info=\u00bb{}\u00bb][et_pb_column type=\u00bb3_4&#8243; _builder_version=\u00bb4.16&#8243; _module_preset=\u00bbdefault\u00bb global_colors_info=\u00bb{}\u00bb][et_pb_text admin_label=\u00bb43. On \u00e9s el iaio\u00bb _builder_version=\u00bb4.16&#8243; _module_preset=\u00bbdefault\u00bb custom_margin=\u00bb30px||||false|false\u00bb global_colors_info=\u00bb{}\u00bb]<\/p>\n<h3>43. ON \u00c9S EL IAIO?<\/h3>\n<p><strong>Autor\u00eda:<\/strong> Mar Cortina Selva y Amparo Peguero<br \/>Tandem Edicions, 2016<\/p>\n<p>Afrontar la muerte de un abuelo o de una abuela no es f\u00e1cil, y \u00e9ste es un cuento para poder afrontar y explicar esta situaci\u00f3n. La protagonista no sabe d\u00f3nde est\u00e1 el abuelo, piensa que volver\u00e1 y le hace una caja con recuerdos para que cuando vuelva la pueda abrir, pero el abuelo no vuelve. Entender este proceso es lo que muestra este cuento.  <\/p>\n<p>[\/et_pb_text][\/et_pb_column][et_pb_column type=\u00bb1_4&#8243; _builder_version=\u00bb4.16&#8243; _module_preset=\u00bbdefault\u00bb global_colors_info=\u00bb{}\u00bb][et_pb_image src=\u00bbhttps:\/\/escoles.fundesplai.org\/wp-content\/uploads\/2021\/10\/On-es-el-iaio-Fundesplai.jpg\u00bb alt=\u00bb\u00bfD\u00f3nde est\u00e1 el abuelo Fundesplai\u00bb title_text=\u00bb\u00bfD\u00f3nde est\u00e1 el abuelo Fundesplai\u00bb align=\u00bbright\u00bb _builder_version=\u00bb4.16&#8243; _module_preset=\u00bbdefault\u00bb custom_margin=\u00bb30px||||false|false\u00bb custom_padding=\u00bb40px||||false|false\u00bb global_colors_info=\u00bb{}\u00bb][\/et_pb_image][\/et_pb_column][\/et_pb_row][et_pb_row column_structure=\u00bb3_4,1_4&#8243; _builder_version=\u00bb4.16&#8243; _module_preset=\u00bbdefault\u00bb global_colors_info=\u00bb{}\u00bb][et_pb_column type=\u00bb3_4&#8243; _builder_version=\u00bb4.16&#8243; _module_preset=\u00bbdefault\u00bb global_colors_info=\u00bb{}\u00bb][et_pb_text admin_label=\u00bb44. Per sempre m\u00e9s\u00bb _builder_version=\u00bb4.16&#8243; _module_preset=\u00bbdefault\u00bb custom_margin=\u00bb30px||||false|false\u00bb global_colors_info=\u00bb{}\u00bb]<\/p>\n<h3>44. PER SEMPRE M\u00c9S<\/h3>\n<p><strong>Autor\u00eda:<\/strong> Alan Durant y Debi Gliori<br \/>Estrella Polar, 2003<\/p>\n<p>Ll\u00fadria, Topo, Guineu y Liebre viven juntos, son buenos amigos y se quieren mucho, y cuando la muerte de Zorro llega, todos se ponen muy tristes. Pero recuerdan lo bueno que hac\u00edan, les ayudar\u00e1 a superar poco a poco su p\u00e9rdida, porque los buenos recuerdos siempre perduran. <\/p>\n<p>[\/et_pb_text][\/et_pb_column][et_pb_column type=\u00bb1_4&#8243; _builder_version=\u00bb4.16&#8243; _module_preset=\u00bbdefault\u00bb global_colors_info=\u00bb{}\u00bb][et_pb_image src=\u00bbhttps:\/\/escoles.fundesplai.org\/wp-content\/uploads\/2021\/10\/Per-sempre-mes-Fundesplai.jpg\u00bb alt=\u00bbPara siempre Fundesplai\u00bb title_text=\u00bbPara siempre Fundesplai\u00bb align=\u00bbright\u00bb _builder_version=\u00bb4.16&#8243; _module_preset=\u00bbdefault\u00bb custom_margin=\u00bb30px||||false|false\u00bb custom_padding=\u00bb40px||||false|false\u00bb global_colors_info=\u00bb{}\u00bb][\/et_pb_image][\/et_pb_column][\/et_pb_row][et_pb_row column_structure=\u00bb3_4,1_4&#8243; _builder_version=\u00bb4.16&#8243; _module_preset=\u00bbdefault\u00bb global_colors_info=\u00bb{}\u00bb][et_pb_column type=\u00bb3_4&#8243; _builder_version=\u00bb4.16&#8243; _module_preset=\u00bbdefault\u00bb global_colors_info=\u00bb{}\u00bb][et_pb_text admin_label=\u00bb45. Qu\u00e8 ve despr\u00e9s del mil?\u00bb _builder_version=\u00bb4.16&#8243; _module_preset=\u00bbdefault\u00bb custom_margin=\u00bb30px||||false|false\u00bb global_colors_info=\u00bb{}\u00bb]<\/p>\n<h3>45. QU\u00c8 VE DESPR\u00c9S DEL MIL?<\/h3>\n<p><strong>Autor\u00eda:<\/strong> Anette Bleyi<br \/>Takatuka, 2009<\/p>\n<p>Lisa tiene un amigo, Otto, un se\u00f1or mayor que le ayuda a aprender a contar a trav\u00e9s de las estrellas. Pero un buen d\u00eda su muerte llega y Lisa se pone muy triste. Es una bonita historia con la que se ayuda a entender que aunque no vemos a una persona, siempre podemos recordarla.  <\/p>\n<p>[\/et_pb_text][\/et_pb_column][et_pb_column type=\u00bb1_4&#8243; _builder_version=\u00bb4.16&#8243; _module_preset=\u00bbdefault\u00bb global_colors_info=\u00bb{}\u00bb][et_pb_image src=\u00bbhttps:\/\/escoles.fundesplai.org\/wp-content\/uploads\/2021\/10\/Que-ve-despres-del-mil-Fundesplai.jpg\u00bb alt=\u00bb\u00bfQu\u00e9 viene despu\u00e9s del mil Fundesplai\u00bb title_text=\u00bb\u00bfQu\u00e9 viene despu\u00e9s del mil Fundesplai\u00bb align=\u00bbright\u00bb _builder_version=\u00bb4.16&#8243; _module_preset=\u00bbdefault\u00bb custom_margin=\u00bb30px||||false|false\u00bb custom_padding=\u00bb40px||||false|false\u00bb global_colors_info=\u00bb{}\u00bb][\/et_pb_image][\/et_pb_column][\/et_pb_row][et_pb_row column_structure=\u00bb3_4,1_4&#8243; _builder_version=\u00bb4.16&#8243; _module_preset=\u00bbdefault\u00bb global_colors_info=\u00bb{}\u00bb][et_pb_column type=\u00bb3_4&#8243; _builder_version=\u00bb4.16&#8243; _module_preset=\u00bbdefault\u00bb global_colors_info=\u00bb{}\u00bb][et_pb_text admin_label=\u00bb46. Ramona la mona\u00bb _builder_version=\u00bb4.16&#8243; _module_preset=\u00bbdefault\u00bb custom_margin=\u00bb30px||||false|false\u00bb global_colors_info=\u00bb{}\u00bb]<\/p>\n<h3>46. RAMONA LA MONA<\/h3>\n<p><strong>Autor\u00eda:<\/strong> Aitana Carrasco<br \/>Fondo de cultura economica de Espa\u00f1a, 2006<\/p>\n<p>Este \u00e1lbum ilustrado muestra un mont\u00f3n de sentimientos que pueden sentirse casi a la vez cuando se juntan muchos hechos. La muerte del abuelo, de unos peces, la llegada una hermanita y de un gato&#8230; todo un mont\u00f3n de aventuras que Bruno tendr\u00e1 que aceptar, aunque le cueste. <\/p>\n<p>[\/et_pb_text][\/et_pb_column][et_pb_column type=\u00bb1_4&#8243; _builder_version=\u00bb4.16&#8243; _module_preset=\u00bbdefault\u00bb global_colors_info=\u00bb{}\u00bb][et_pb_image src=\u00bbhttps:\/\/escoles.fundesplai.org\/wp-content\/uploads\/2021\/10\/Ramona-la-mona-Fundesplai.jpg\u00bb alt=\u00bb\u00bfQu\u00e9 viene despu\u00e9s del mil Fundesplai\u00bb title_text=\u00bbRamona la mona Fundesplai\u00bb align=\u00bbright\u00bb _builder_version=\u00bb4.16&#8243; _module_preset=\u00bbdefault\u00bb custom_margin=\u00bb30px||||false|false\u00bb custom_padding=\u00bb40px||||false|false\u00bb global_colors_info=\u00bb{}\u00bb][\/et_pb_image][\/et_pb_column][\/et_pb_row][et_pb_row column_structure=\u00bb3_4,1_4&#8243; _builder_version=\u00bb4.16&#8243; _module_preset=\u00bbdefault\u00bb global_colors_info=\u00bb{}\u00bb][et_pb_column type=\u00bb3_4&#8243; _builder_version=\u00bb4.16&#8243; _module_preset=\u00bbdefault\u00bb global_colors_info=\u00bb{}\u00bb][et_pb_text admin_label=\u00bb47. Sempre t&#8217;estimar\u00e9\u00bb _builder_version=\u00bb4.16&#8243; _module_preset=\u00bbdefault\u00bb custom_margin=\u00bb30px||||false|false\u00bb global_colors_info=\u00bb{}\u00bb]<\/p>\n<h3>47. SEMPRE T&#8217;ESTIMAR\u00c9<\/h3>\n<p><strong>Autor\u00eda:<\/strong> Robert Munsch<br \/>Andana, 2017<\/p>\n<p>Esta es una bonita y tierna historia, la de una madre y su hijo en todas las fases de la vida. La superaci\u00f3n de las etapas har\u00e1n que, cuando la madre sea mayor, sea el hijo quien cuide de ella y as\u00ed le devuelva todo el amor que \u00e9l ha recibido desde peque\u00f1o. <\/p>\n<p>[\/et_pb_text][\/et_pb_column][et_pb_column type=\u00bb1_4&#8243; _builder_version=\u00bb4.16&#8243; _module_preset=\u00bbdefault\u00bb global_colors_info=\u00bb{}\u00bb][et_pb_image src=\u00bbhttps:\/\/escoles.fundesplai.org\/wp-content\/uploads\/2021\/10\/Sempre-testimare-Fundesplai.jpg\u00bb alt=\u00bbSiempre te querr\u00e9 Fundesplai\u00bb title_text=\u00bbSiempre te querr\u00e9 Fundesplai\u00bb align=\u00bbright\u00bb _builder_version=\u00bb4.16&#8243; _module_preset=\u00bbdefault\u00bb custom_margin=\u00bb30px||||false|false\u00bb custom_padding=\u00bb40px||||false|false\u00bb global_colors_info=\u00bb{}\u00bb][\/et_pb_image][\/et_pb_column][\/et_pb_row][et_pb_row column_structure=\u00bb3_4,1_4&#8243; _builder_version=\u00bb4.16&#8243; _module_preset=\u00bbdefault\u00bb global_colors_info=\u00bb{}\u00bb][et_pb_column type=\u00bb3_4&#8243; _builder_version=\u00bb4.16&#8243; _module_preset=\u00bbdefault\u00bb global_colors_info=\u00bb{}\u00bb][et_pb_text admin_label=\u00bb48. T&#8217;estimar\u00e9 sempre, petit\u00f3\u00bb _builder_version=\u00bb4.16&#8243; _module_preset=\u00bbdefault\u00bb custom_margin=\u00bb30px||||false|false\u00bb global_colors_info=\u00bb{}\u00bb]<\/p>\n<h3>48. T&#8217;ESTIMAR\u00c9 SEMPRE, PETIT\u00d3<\/h3>\n<p>Autor\u00eda<strong>:<\/strong> Debi Gliori<br \/>Estrella Polar, 2013<\/p>\n<p>Cueta pregunta a su madre si le amar\u00eda aunque fuera malo, aunque se convirtiera en otro animal, e incluso, si le amar\u00eda cuando ella muriera. Nos muestra una historia tierna y po\u00e9tica en la que se ve el amor incondicional que hay siempre, pase lo que pase. <\/p>\n<p>[\/et_pb_text][\/et_pb_column][et_pb_column type=\u00bb1_4&#8243; _builder_version=\u00bb4.16&#8243; _module_preset=\u00bbdefault\u00bb global_colors_info=\u00bb{}\u00bb][et_pb_image src=\u00bbhttps:\/\/escoles.fundesplai.org\/wp-content\/uploads\/2021\/10\/Testimare-sempre-petito-Fundesplai.jpg\u00bb alt=\u00bbTe querr\u00e9 siempre, peque\u00f1ito Fundesplai\u00bb title_text=\u00bbTe querr\u00e9 siempre, peque\u00f1ito Fundesplai\u00bb align=\u00bbright\u00bb _builder_version=\u00bb4.16&#8243; _module_preset=\u00bbdefault\u00bb custom_margin=\u00bb30px||||false|false\u00bb custom_padding=\u00bb40px||||false|false\u00bb global_colors_info=\u00bb{}\u00bb][\/et_pb_image][\/et_pb_column][\/et_pb_row][et_pb_row column_structure=\u00bb3_4,1_4&#8243; _builder_version=\u00bb4.16&#8243; _module_preset=\u00bbdefault\u00bb global_colors_info=\u00bb{}\u00bb][et_pb_column type=\u00bb3_4&#8243; _builder_version=\u00bb4.16&#8243; _module_preset=\u00bbdefault\u00bb global_colors_info=\u00bb{}\u00bb][et_pb_text admin_label=\u00bb49. Un poema a la panxa\u00bb _builder_version=\u00bb4.16&#8243; _module_preset=\u00bbdefault\u00bb custom_margin=\u00bb30px||||false|false\u00bb global_colors_info=\u00bb{}\u00bb]<\/p>\n<h3>49. UN POEMA A LA PANXA<\/h3>\n<p><strong>Autor\u00eda:<\/strong> Eul\u00e0lia Canal<br \/>Oxford University Press Espa\u00f1a, 2013<\/p>\n<p>Babal\u00fa no se siente bien, no tiene ganas de hacer nada y no sabe por qu\u00e9. Con el importante trabajo de la profesora descubren que el abuelo ha muerto y que la tristeza de Babal\u00fa se ha transformado en un dolor de est\u00f3mago que sacar\u00e1 en forma de poema dedicado al abuelo. Con esto Babal\u00fa se sentir\u00e1 mejor.  <\/p>\n<p>[\/et_pb_text][\/et_pb_column][et_pb_column type=\u00bb1_4&#8243; _builder_version=\u00bb4.16&#8243; _module_preset=\u00bbdefault\u00bb global_colors_info=\u00bb{}\u00bb][et_pb_image src=\u00bbhttps:\/\/escoles.fundesplai.org\/wp-content\/uploads\/2021\/10\/Un-poema-a-la-panxa-Fundesplai.jpg\u00bb alt=\u00bbUn poema en la barriga Fundesplai\u00bb title_text=\u00bbUn poema en la barriga Fundesplai\u00bb align=\u00bbright\u00bb _builder_version=\u00bb4.16&#8243; _module_preset=\u00bbdefault\u00bb custom_margin=\u00bb30px||||false|false\u00bb custom_padding=\u00bb40px||||false|false\u00bb global_colors_info=\u00bb{}\u00bb][\/et_pb_image][\/et_pb_column][\/et_pb_row][et_pb_row column_structure=\u00bb3_4,1_4&#8243; _builder_version=\u00bb4.16&#8243; _module_preset=\u00bbdefault\u00bb global_colors_info=\u00bb{}\u00bb][et_pb_column type=\u00bb3_4&#8243; _builder_version=\u00bb4.16&#8243; _module_preset=\u00bbdefault\u00bb global_colors_info=\u00bb{}\u00bb][et_pb_text admin_label=\u00bb50. Una capsa de colors vius\u00bb _builder_version=\u00bb4.16&#8243; _module_preset=\u00bbdefault\u00bb custom_margin=\u00bb30px||||false|false\u00bb global_colors_info=\u00bb{}\u00bb]<\/p>\n<h3>50. UNA CAPSA DE COLOR VIUS<\/h3>\n<p><strong>Autor\u00eda:<\/strong> Teresa Blanch Gasol<br \/>Baula, 2015<\/p>\n<p>Este cuento muestra la relaci\u00f3n de Mar y su abuela Carme, una relaci\u00f3n muy especial. La abuela entiende muy bien el mundo imaginario de Mar y eso hace sentirla acompa\u00f1ada, pero su p\u00e9rdida ser\u00e1 un duro golpe para Mar. La compa\u00f1\u00eda de su perro y los buenos recuerdos le ayudar\u00e1n en el viaje.  <\/p>\n<p>[\/et_pb_text][\/et_pb_column][et_pb_column type=\u00bb1_4&#8243; _builder_version=\u00bb4.16&#8243; _module_preset=\u00bbdefault\u00bb global_colors_info=\u00bb{}\u00bb][et_pb_image src=\u00bbhttps:\/\/escoles.fundesplai.org\/wp-content\/uploads\/2021\/10\/Una-capsa-de-colors-vius-Fundesplai.jpg\u00bb alt=\u00bbUna caja de colores vivos Fundesplai\u00bb title_text=\u00bbUna caja de colores vivos Fundesplai\u00bb align=\u00bbright\u00bb _builder_version=\u00bb4.16&#8243; _module_preset=\u00bbdefault\u00bb custom_margin=\u00bb30px||||false|false\u00bb custom_padding=\u00bb40px||||false|false\u00bb global_colors_info=\u00bb{}\u00bb][\/et_pb_image][\/et_pb_column][\/et_pb_row][et_pb_row column_structure=\u00bb3_4,1_4&#8243; _builder_version=\u00bb4.16&#8243; _module_preset=\u00bbdefault\u00bb global_colors_info=\u00bb{}\u00bb][et_pb_column type=\u00bb3_4&#8243; _builder_version=\u00bb4.16&#8243; _module_preset=\u00bbdefault\u00bb global_colors_info=\u00bb{}\u00bb][et_pb_text admin_label=\u00bb51. Un regal sense obrir\u00bb _builder_version=\u00bb4.16&#8243; _module_preset=\u00bbdefault\u00bb custom_margin=\u00bb30px||||false|false\u00bb global_colors_info=\u00bb{}\u00bb]<\/p>\n<h3>51. UN REGAL SENSE OBRIR<\/h3>\n<p><strong>Autor\u00eda:<\/strong> Marianne Verge<br \/>Pag\u00e8s editors, 2018<\/p>\n<p>Una hermosa historia que habla de la p\u00e9rdida de Debbie, una madre y mujer que deja un gran vac\u00edo a su familia. Mona y su padre tendr\u00e1n que rehacer su vida para poder seguir adelante. Conocer\u00e1n a nueva gente que les ayudar\u00e1 a ver las cosas de otra manera.  <\/p>\n<p>[\/et_pb_text][\/et_pb_column][et_pb_column type=\u00bb1_4&#8243; _builder_version=\u00bb4.16&#8243; _module_preset=\u00bbdefault\u00bb global_colors_info=\u00bb{}\u00bb][et_pb_image src=\u00bbhttps:\/\/escoles.fundesplai.org\/wp-content\/uploads\/2021\/10\/Un-regal-sense-obrir-Fundesplai.jpg\u00bb alt=\u00bbUn regalo sin abrir Fundesplai\u00bb title_text=\u00bbUn regalo sin abrir Fundesplai\u00bb align=\u00bbright\u00bb _builder_version=\u00bb4.16&#8243; _module_preset=\u00bbdefault\u00bb custom_margin=\u00bb30px||||false|false\u00bb custom_padding=\u00bb40px||||false|false\u00bb global_colors_info=\u00bb{}\u00bb][\/et_pb_image][\/et_pb_column][\/et_pb_row][et_pb_row column_structure=\u00bb3_4,1_4&#8243; _builder_version=\u00bb4.16&#8243; _module_preset=\u00bbdefault\u00bb global_colors_info=\u00bb{}\u00bb][et_pb_column type=\u00bb3_4&#8243; _builder_version=\u00bb4.16&#8243; _module_preset=\u00bbdefault\u00bb global_colors_info=\u00bb{}\u00bb][et_pb_text admin_label=\u00bb52. Dues ales\u00bb _builder_version=\u00bb4.16&#8243; _module_preset=\u00bbdefault\u00bb custom_margin=\u00bb30px||||false|false\u00bb global_colors_info=\u00bb{}\u00bb]<\/p>\n<h3>52. DUES ALES<\/h3>\n<p><strong>Autor\u00eda:<\/strong> Cristina Bellemo<br \/>Combel, 2016<\/p>\n<p>Este \u00e1lbum ilustrado explica la muerte con mucha sensibilidad. El se\u00f1or Guillermo, un d\u00eda encuentra unas alas en su jard\u00edn, unas alas que nadie reclama. \u00c9l las cuida durante un tiempo por si alguien viene a buscarlas. Pero el d\u00eda que las toca, todos sus recuerdos comienzan a florecer.   <\/p>\n<p>[\/et_pb_text][\/et_pb_column][et_pb_column type=\u00bb1_4&#8243; _builder_version=\u00bb4.16&#8243; _module_preset=\u00bbdefault\u00bb global_colors_info=\u00bb{}\u00bb][et_pb_image src=\u00bbhttps:\/\/escoles.fundesplai.org\/wp-content\/uploads\/2021\/10\/Dues-ales-Fundesplai.jpg\u00bb alt=\u00bbDos alas Fundesplai\u00bb title_text=\u00bbDos alas Fundesplai\u00bb align=\u00bbright\u00bb _builder_version=\u00bb4.16&#8243; _module_preset=\u00bbdefault\u00bb custom_margin=\u00bb30px||||false|false\u00bb custom_padding=\u00bb40px||||false|false\u00bb global_colors_info=\u00bb{}\u00bb][\/et_pb_image][\/et_pb_column][\/et_pb_row][et_pb_row _builder_version=\u00bb4.16&#8243; _module_preset=\u00bbdefault\u00bb global_colors_info=\u00bb{}\u00bb][et_pb_column type=\u00bb4_4&#8243; _builder_version=\u00bb4.16&#8243; _module_preset=\u00bbdefault\u00bb global_colors_info=\u00bb{}\u00bb][et_pb_divider _builder_version=\u00bb4.16&#8243; _module_preset=\u00bbdefault\u00bb custom_margin=\u00bb30px||||false|false\u00bb global_colors_info=\u00bb{}\u00bb][\/et_pb_divider][et_pb_text _builder_version=\u00bb4.22.2&#8243; _module_preset=\u00bbdefault\u00bb custom_margin=\u00bb20px||||false|false\u00bb global_colors_info=\u00bb{}\u00bb]<\/p>\n<p>Hasta aqu\u00ed nuestra recopilaci\u00f3n de <strong>cuentos para trabajar el duelo con ni\u00f1os y ni\u00f1as de entre 3 y 12 a\u00f1os<\/strong>. Poder trabajar este proceso, tanto si eres maestro\/a, velador\/a, monitor\/a o un familiar, puede ser crucial para que el ni\u00f1o\/a se sienta seguro\/a y entienda qu\u00e9 est\u00e1 pasando. <\/p>\n<p><strong>No debemos tratar el tema de la muerte como un tab\u00fa<\/strong>, sino hacerlo con mucho cuidado, con una comunicaci\u00f3n muy asertiva y adecuada a cada edad, pero sobre todo hacerlo y normalizarlo. Es un hecho que todo el mundo vivir\u00e1 tarde o temprano, y el hecho es que tendr\u00e1 que afrontarse, as\u00ed que cuantas m\u00e1s herramientas se tengan, mejor. <\/p>\n<p>Aprovecha este recurso enfocado a ni\u00f1os y ni\u00f1as, y m\u00e1s adelante te presentaremos otra versi\u00f3n para adolescentes.<\/p>\n<p>\u00bfSab\u00edas que organizamos charlas para AFA o grupos de familias para hablar de diversos temas educativos como, por ejemplo, c\u00f3mo acompa\u00f1ar el duelo en ni\u00f1os\/as y adolescentes? <a href=\"https:\/\/escoles.fundesplai.org\/serveis\/xerrades-per-a-families-i-ampa\/\">Consulta nuestro cat\u00e1logo de charlas para AFA o AMPA.<\/a><\/p>\n<p>[\/et_pb_text][\/et_pb_column][\/et_pb_row][et_pb_row column_structure=\u00bb1_4,3_4&#8243; admin_label=\u00bbcuadro pc Aventura de la vida\u00bb _builder_version=\u00bb4.22.2&#8243; _module_preset=\u00bbdefault\u00bb custom_margin=\u00bb50px||40px||false|false\u00bb border_radii=\u00bbon|10px|10px|10px|10px\u00bb border_width_all=\u00bb3px\u00bb border_color_all=\u00bb#DCDC1C\u00bb locked=\u00bboff\u00bb global_colors_info=\u00bb{}\u00bb disabled_on=\u00bbon|off|off\u00bb][et_pb_column type=\u00bb1_4&#8243; _builder_version=\u00bb4.22.2&#8243; _module_preset=\u00bbdefault\u00bb global_colors_info=\u00bb{}\u00bb][et_pb_image src=\u00bbhttps:\/\/escoles.fundesplai.org\/wp-content\/uploads\/2020\/02\/Laventura-de-la-vida-Fundesplai-programa-salut.jpg\u00bb alt=\u00bbicono La aventura de la vida\u00bb title_text=\u00bbLa aventura de la vida &#8211; Fundesplai programa salud\u00bb _builder_version=\u00bb4.27.4&#8243; _module_preset=\u00bbdefault\u00bb custom_margin=\u00bb20px|20px|20px|20px|false|false\u00bb global_colors_info=\u00bb{}\u00bb][\/et_pb_image][\/et_pb_column][et_pb_column type=\u00bb3_4&#8243; _builder_version=\u00bb4.22.2&#8243; _module_preset=\u00bbdefault\u00bb global_colors_info=\u00bb{}\u00bb][et_pb_text admin_label=\u00bbAventura de la vida\u00bb _builder_version=\u00bb4.27.4&#8243; _module_preset=\u00bbdefault\u00bb custom_margin=\u00bb20px||||false|false\u00bb global_colors_info=\u00bb{}\u00bb]<\/p>\n<h3 style=\"text-align: center;\"><strong>\u00bfQUIERES ACOMPA\u00d1AR A LOS NI\u00d1OS Y NI\u00d1AS A CRECER TAMBI\u00c9N POR DENTRO?<\/strong><\/h3>\n<p>[\/et_pb_text][et_pb_text _builder_version=\u00bb4.27.4&#8243; _module_preset=\u00bbdefault\u00bb global_colors_info=\u00bb{}\u00bb]<\/p>\n<p style=\"text-align: left;\">Descubre nuestro programa <strong>la Aventura de la vida<\/strong>, con 36 propuestas de trabajo sobre las dos \u00e1reas de contenidos: habilidades para la vida y habilidades saludables, impulsando el autoconocimiento, la empat\u00eda, la comunicaci\u00f3n y creando aprendizajes que conecten con el d\u00eda a d\u00eda.<\/p>\n<p>[\/et_pb_text][et_pb_button button_url=\u00bbhttps:\/\/escoles.fundesplai.org\/es\/actividades-escuela\/programas-de-salud-y-prevencion\/laventura-de-la-vida\/\u00bb button_text=\u00bb\u00a1Conectad, compartid y creced juntos!\u00bb button_alignment=\u00bbcenter\u00bb _builder_version=\u00bb4.27.4&#8243; _module_preset=\u00bbdefault\u00bb custom_margin=\u00bb25px||||false|false\u00bb global_colors_info=\u00bb{}\u00bb][\/et_pb_button][\/et_pb_column][\/et_pb_row][et_pb_row column_structure=\u00bb1_4,3_4&#8243; disabled_on=\u00bboff|on|on\u00bb admin_label=\u00bbcuadro mbl Aventura de la vida\u00bb _builder_version=\u00bb4.27.4&#8243; _module_preset=\u00bbdefault\u00bb custom_margin=\u00bb25px||40px||false|false\u00bb border_radii=\u00bbon|10px|10px|10px|10px\u00bb border_width_all=\u00bb3px\u00bb border_color_all=\u00bb#DCDC1C\u00bb locked=\u00bboff\u00bb collapsed=\u00bboff\u00bb global_colors_info=\u00bb{}\u00bb][et_pb_column type=\u00bb1_4&#8243; _builder_version=\u00bb4.22.2&#8243; _module_preset=\u00bbdefault\u00bb global_colors_info=\u00bb{}\u00bb][et_pb_image src=\u00bbhttps:\/\/escoles.fundesplai.org\/wp-content\/uploads\/2020\/02\/Laventura-de-la-vida-Fundesplai-programa-salut.jpg\u00bb alt=\u00bbicono La aventura de la vida\u00bb title_text=\u00bbLa aventura de la vida &#8211; Fundesplai programa salud\u00bb _builder_version=\u00bb4.27.4&#8243; _module_preset=\u00bbdefault\u00bb custom_margin=\u00bb20px|20px|20px|20px|false|false\u00bb global_colors_info=\u00bb{}\u00bb][\/et_pb_image][\/et_pb_column][et_pb_column type=\u00bb3_4&#8243; _builder_version=\u00bb4.22.2&#8243; _module_preset=\u00bbdefault\u00bb global_colors_info=\u00bb{}\u00bb][et_pb_text admin_label=\u00bbVols acompanyar els infants a cr\u00e9ixer tamb\u00e9 per dins?\u00bb _builder_version=\u00bb4.27.4&#8243; _module_preset=\u00bbdefault\u00bb custom_margin=\u00bb20px|10px||10px|false|false\u00bb global_colors_info=\u00bb{}\u00bb]<\/p>\n<h3 style=\"text-align: center;\"><strong>\u00bfQUIERES ACOMPA\u00d1AR A LOS NI\u00d1OS Y NI\u00d1AS A CRECER TAMBI\u00c9N POR DENTRO?<\/strong><\/h3>\n<p>[\/et_pb_text][et_pb_text _builder_version=\u00bb4.27.4&#8243; _module_preset=\u00bbdefault\u00bb custom_margin=\u00bb|10px||10px|false|false\u00bb global_colors_info=\u00bb{}\u00bb]<\/p>\n<p style=\"text-align: center;\">Descubre nuestro programa <strong>la Aventura de la vida<\/strong>, con 36 propuestas de trabajo sobre las dos \u00e1reas de contenidos: habilidades para la vida y habilidades saludables, impulsando el autoconocimiento, la empat\u00eda, la comunicaci\u00f3n y creando aprendizajes que conecten con el d\u00eda a d\u00eda.<\/p>\n<p>[\/et_pb_text][et_pb_button button_url=\u00bbhttps:\/\/escoles.fundesplai.org\/es\/actividades-escuela\/programas-de-salud-y-prevencion\/laventura-de-la-vida\/\u00bb button_text=\u00bb\u00a1Conectad, compartid y creced juntos!\u00bb button_alignment=\u00bbcenter\u00bb _builder_version=\u00bb4.27.4&#8243; _module_preset=\u00bbdefault\u00bb custom_margin=\u00bb25px|10px|20px|10px|false|false\u00bb global_colors_info=\u00bb{}\u00bb][\/et_pb_button][\/et_pb_column][\/et_pb_row][et_pb_row _builder_version=\u00bb4.27.4&#8243; _module_preset=\u00bbdefault\u00bb global_colors_info=\u00bb{}\u00bb][et_pb_column type=\u00bb4_4&#8243; _builder_version=\u00bb4.27.4&#8243; _module_preset=\u00bbdefault\u00bb global_colors_info=\u00bb{}\u00bb][et_pb_text _builder_version=\u00bb4.16&#8243; _module_preset=\u00bbdefault\u00bb custom_margin=\u00bb30px||30px||false|false\u00bb custom_padding=\u00bb||||false|false\u00bb global_colors_info=\u00bb{}\u00bb]<\/p>\n<p style=\"text-align: center;\"><strong>Si crees que esta entrada puede ser \u00fatil, \u00a1comp\u00e1rtela en las redes!<br \/>Ayudamos a que todo el mundo viva el duelo con normalidad.<br \/><\/strong><\/p>\n<p>[\/et_pb_text][\/et_pb_column][\/et_pb_row][\/et_pb_section]<\/p>\n","protected":false},"excerpt":{"rendered":"<p>Te presentamos 52 cuentos para poder acompa\u00f1ar a los ni\u00f1os y ni\u00f1as en el proceso de la p\u00e9rdida de una persona, una mascota, una amistad&#8230; Herramientas para hablar abiertamente y tomando conciencia de los sentimientos y reacciones que se pueden sentir. <\/p>\n","protected":false},"author":26,"featured_media":29408,"comment_status":"closed","ping_status":"closed","sticky":false,"template":"","format":"standard","meta":{"_et_pb_use_builder":"on","_et_pb_old_content":"","_et_gb_content_width":"","footnotes":""},"categories":[282,303,272],"tags":[713,518,712,466,445,446,602],"class_list":["post-60695","post","type-post","status-publish","format-standard","has-post-thumbnail","hentry","category-educacion-en-el-tiempo-libre","category-promocion-de-la-salud","category-recursos-es","tag-acompanamiento","tag-cuentos","tag-duelo","tag-educacion-emocional","tag-educacion-en-el-tiempo-libre","tag-educacion-en-valores","tag-promocion-de-la-salud"],"yoast_head":"<!-- This site is optimized with the Yoast SEO plugin v27.5 - https:\/\/yoast.com\/product\/yoast-seo-wordpress\/ -->\n<title>52 Cuentos para acompa\u00f1ar a los ni\u00f1os y ni\u00f1as en el duelo - Fundesplai M\u00f3n Escolar<\/title>\n<meta name=\"description\" content=\"Te presentamos 52 cuentos para poder acompa\u00f1ar a los ni\u00f1os y ni\u00f1as en el proceso de p\u00e9rdida de una persona, una mascota, una amistad...\" \/>\n<meta name=\"robots\" content=\"index, follow, max-snippet:-1, max-image-preview:large, max-video-preview:-1\" \/>\n<link rel=\"canonical\" href=\"https:\/\/escoles.fundesplai.org\/es\/blog-es\/educacion-en-el-tiempo-libre\/52-cuentos-para-acompanar-a-los-ninos-y-ninas-en-el-duelo\/\" \/>\n<meta property=\"og:locale\" content=\"es_ES\" \/>\n<meta property=\"og:type\" content=\"article\" \/>\n<meta property=\"og:title\" content=\"52 Cuentos para acompa\u00f1ar a los ni\u00f1os y ni\u00f1as en el duelo - Fundesplai M\u00f3n Escolar\" \/>\n<meta property=\"og:description\" content=\"Te presentamos 52 cuentos para poder acompa\u00f1ar a los ni\u00f1os y ni\u00f1as en el proceso de p\u00e9rdida de una persona, una mascota, una amistad...\" \/>\n<meta property=\"og:url\" content=\"https:\/\/escoles.fundesplai.org\/es\/blog-es\/educacion-en-el-tiempo-libre\/52-cuentos-para-acompanar-a-los-ninos-y-ninas-en-el-duelo\/\" \/>\n<meta property=\"og:site_name\" content=\"Fundesplai M\u00f3n Escolar\" \/>\n<meta property=\"article:publisher\" content=\"https:\/\/www.facebook.com\/Fundesplai\/\" \/>\n<meta property=\"article:published_time\" content=\"2021-10-27T11:43:26+00:00\" \/>\n<meta property=\"article:modified_time\" content=\"2025-08-14T07:14:33+00:00\" \/>\n<meta property=\"og:image\" content=\"https:\/\/escoles.fundesplai.org\/wp-content\/uploads\/2021\/10\/Contes-acompanyar-dol-Fundesplai.jpg\" \/>\n\t<meta property=\"og:image:width\" content=\"1888\" \/>\n\t<meta property=\"og:image:height\" content=\"900\" \/>\n\t<meta property=\"og:image:type\" content=\"image\/jpeg\" \/>\n<meta name=\"author\" content=\"Mariona Duch\" \/>\n<meta name=\"twitter:card\" content=\"summary_large_image\" \/>\n<meta name=\"twitter:creator\" content=\"@fundesplai\" \/>\n<meta name=\"twitter:site\" content=\"@fundesplai\" \/>\n<meta name=\"twitter:label1\" content=\"Escrito por\" \/>\n\t<meta name=\"twitter:data1\" content=\"Mariona Duch\" \/>\n\t<meta name=\"twitter:label2\" content=\"Tiempo de lectura\" \/>\n\t<meta name=\"twitter:data2\" content=\"58 minutos\" \/>\n<script type=\"application\/ld+json\" class=\"yoast-schema-graph\">{\"@context\":\"https:\\\/\\\/schema.org\",\"@graph\":[{\"@type\":\"Article\",\"@id\":\"https:\\\/\\\/escoles.fundesplai.org\\\/es\\\/blog-es\\\/educacion-en-el-tiempo-libre\\\/52-cuentos-para-acompanar-a-los-ninos-y-ninas-en-el-duelo\\\/#article\",\"isPartOf\":{\"@id\":\"https:\\\/\\\/escoles.fundesplai.org\\\/es\\\/blog-es\\\/educacion-en-el-tiempo-libre\\\/52-cuentos-para-acompanar-a-los-ninos-y-ninas-en-el-duelo\\\/\"},\"author\":{\"name\":\"Mariona Duch\",\"@id\":\"https:\\\/\\\/escoles.fundesplai.org\\\/es\\\/#\\\/schema\\\/person\\\/2ca12c7f6e427a577b996c3c7f432211\"},\"headline\":\"52 Cuentos para acompa\u00f1ar a los ni\u00f1os y ni\u00f1as en el duelo\",\"datePublished\":\"2021-10-27T11:43:26+00:00\",\"dateModified\":\"2025-08-14T07:14:33+00:00\",\"mainEntityOfPage\":{\"@id\":\"https:\\\/\\\/escoles.fundesplai.org\\\/es\\\/blog-es\\\/educacion-en-el-tiempo-libre\\\/52-cuentos-para-acompanar-a-los-ninos-y-ninas-en-el-duelo\\\/\"},\"wordCount\":11734,\"publisher\":{\"@id\":\"https:\\\/\\\/escoles.fundesplai.org\\\/es\\\/#organization\"},\"image\":{\"@id\":\"https:\\\/\\\/escoles.fundesplai.org\\\/es\\\/blog-es\\\/educacion-en-el-tiempo-libre\\\/52-cuentos-para-acompanar-a-los-ninos-y-ninas-en-el-duelo\\\/#primaryimage\"},\"thumbnailUrl\":\"https:\\\/\\\/escoles.fundesplai.org\\\/wp-content\\\/uploads\\\/2021\\\/10\\\/Contes-acompanyar-dol-Fundesplai.jpg\",\"keywords\":[\"acompa\u00f1amiento\",\"cuentos\",\"duelo\",\"educaci\u00f3n emocional\",\"educaci\u00f3n en el tiempo libre\",\"educaci\u00f3n en valores\",\"promoci\u00f3n de la salud\"],\"articleSection\":[\"Educaci\u00f3n en el tiempo libre\",\"Promoci\u00f3n de la salud\",\"Recursos\"],\"inLanguage\":\"es\"},{\"@type\":\"WebPage\",\"@id\":\"https:\\\/\\\/escoles.fundesplai.org\\\/es\\\/blog-es\\\/educacion-en-el-tiempo-libre\\\/52-cuentos-para-acompanar-a-los-ninos-y-ninas-en-el-duelo\\\/\",\"url\":\"https:\\\/\\\/escoles.fundesplai.org\\\/es\\\/blog-es\\\/educacion-en-el-tiempo-libre\\\/52-cuentos-para-acompanar-a-los-ninos-y-ninas-en-el-duelo\\\/\",\"name\":\"52 Cuentos para acompa\u00f1ar a los ni\u00f1os y ni\u00f1as en el duelo - Fundesplai M\u00f3n Escolar\",\"isPartOf\":{\"@id\":\"https:\\\/\\\/escoles.fundesplai.org\\\/es\\\/#website\"},\"primaryImageOfPage\":{\"@id\":\"https:\\\/\\\/escoles.fundesplai.org\\\/es\\\/blog-es\\\/educacion-en-el-tiempo-libre\\\/52-cuentos-para-acompanar-a-los-ninos-y-ninas-en-el-duelo\\\/#primaryimage\"},\"image\":{\"@id\":\"https:\\\/\\\/escoles.fundesplai.org\\\/es\\\/blog-es\\\/educacion-en-el-tiempo-libre\\\/52-cuentos-para-acompanar-a-los-ninos-y-ninas-en-el-duelo\\\/#primaryimage\"},\"thumbnailUrl\":\"https:\\\/\\\/escoles.fundesplai.org\\\/wp-content\\\/uploads\\\/2021\\\/10\\\/Contes-acompanyar-dol-Fundesplai.jpg\",\"datePublished\":\"2021-10-27T11:43:26+00:00\",\"dateModified\":\"2025-08-14T07:14:33+00:00\",\"description\":\"Te presentamos 52 cuentos para poder acompa\u00f1ar a los ni\u00f1os y ni\u00f1as en el proceso de p\u00e9rdida de una persona, una mascota, una amistad...\",\"breadcrumb\":{\"@id\":\"https:\\\/\\\/escoles.fundesplai.org\\\/es\\\/blog-es\\\/educacion-en-el-tiempo-libre\\\/52-cuentos-para-acompanar-a-los-ninos-y-ninas-en-el-duelo\\\/#breadcrumb\"},\"inLanguage\":\"es\",\"potentialAction\":[{\"@type\":\"ReadAction\",\"target\":[\"https:\\\/\\\/escoles.fundesplai.org\\\/es\\\/blog-es\\\/educacion-en-el-tiempo-libre\\\/52-cuentos-para-acompanar-a-los-ninos-y-ninas-en-el-duelo\\\/\"]}]},{\"@type\":\"ImageObject\",\"inLanguage\":\"es\",\"@id\":\"https:\\\/\\\/escoles.fundesplai.org\\\/es\\\/blog-es\\\/educacion-en-el-tiempo-libre\\\/52-cuentos-para-acompanar-a-los-ninos-y-ninas-en-el-duelo\\\/#primaryimage\",\"url\":\"https:\\\/\\\/escoles.fundesplai.org\\\/wp-content\\\/uploads\\\/2021\\\/10\\\/Contes-acompanyar-dol-Fundesplai.jpg\",\"contentUrl\":\"https:\\\/\\\/escoles.fundesplai.org\\\/wp-content\\\/uploads\\\/2021\\\/10\\\/Contes-acompanyar-dol-Fundesplai.jpg\",\"width\":1888,\"height\":900},{\"@type\":\"BreadcrumbList\",\"@id\":\"https:\\\/\\\/escoles.fundesplai.org\\\/es\\\/blog-es\\\/educacion-en-el-tiempo-libre\\\/52-cuentos-para-acompanar-a-los-ninos-y-ninas-en-el-duelo\\\/#breadcrumb\",\"itemListElement\":[{\"@type\":\"ListItem\",\"position\":1,\"name\":\"Inici\",\"item\":\"https:\\\/\\\/escoles.fundesplai.org\\\/es\\\/inicio\\\/\"},{\"@type\":\"ListItem\",\"position\":2,\"name\":\"Blog\",\"item\":\"https:\\\/\\\/escoles.fundesplai.org\\\/es\\\/blog-es\\\/\"},{\"@type\":\"ListItem\",\"position\":3,\"name\":\"Educaci\u00f3n en el tiempo libre\",\"item\":\"https:\\\/\\\/escoles.fundesplai.org\\\/es\\\/blog-es\\\/educacion-en-el-tiempo-libre\\\/\"},{\"@type\":\"ListItem\",\"position\":4,\"name\":\"52 Cuentos para acompa\u00f1ar a los ni\u00f1os y ni\u00f1as en el duelo\"}]},{\"@type\":\"WebSite\",\"@id\":\"https:\\\/\\\/escoles.fundesplai.org\\\/es\\\/#website\",\"url\":\"https:\\\/\\\/escoles.fundesplai.org\\\/es\\\/\",\"name\":\"Fundesplai M\u00f3n Escolar\",\"description\":\"Serveis de lleure educatiu per a escoles\",\"publisher\":{\"@id\":\"https:\\\/\\\/escoles.fundesplai.org\\\/es\\\/#organization\"},\"potentialAction\":[{\"@type\":\"SearchAction\",\"target\":{\"@type\":\"EntryPoint\",\"urlTemplate\":\"https:\\\/\\\/escoles.fundesplai.org\\\/es\\\/?s={search_term_string}\"},\"query-input\":{\"@type\":\"PropertyValueSpecification\",\"valueRequired\":true,\"valueName\":\"search_term_string\"}}],\"inLanguage\":\"es\"},{\"@type\":\"Organization\",\"@id\":\"https:\\\/\\\/escoles.fundesplai.org\\\/es\\\/#organization\",\"name\":\"Fundesplai - M\u00f3n Escolar\",\"url\":\"https:\\\/\\\/escoles.fundesplai.org\\\/es\\\/\",\"logo\":{\"@type\":\"ImageObject\",\"inLanguage\":\"es\",\"@id\":\"https:\\\/\\\/escoles.fundesplai.org\\\/es\\\/#\\\/schema\\\/logo\\\/image\\\/\",\"url\":\"https:\\\/\\\/escoles.fundesplai.org\\\/wp-content\\\/uploads\\\/2021\\\/08\\\/logo-mon-escolar.png\",\"contentUrl\":\"https:\\\/\\\/escoles.fundesplai.org\\\/wp-content\\\/uploads\\\/2021\\\/08\\\/logo-mon-escolar.png\",\"width\":468,\"height\":211,\"caption\":\"Fundesplai - M\u00f3n Escolar\"},\"image\":{\"@id\":\"https:\\\/\\\/escoles.fundesplai.org\\\/es\\\/#\\\/schema\\\/logo\\\/image\\\/\"},\"sameAs\":[\"https:\\\/\\\/www.facebook.com\\\/Fundesplai\\\/\",\"https:\\\/\\\/x.com\\\/fundesplai\",\"https:\\\/\\\/www.instagram.com\\\/fundesplai\\\/\"]},{\"@type\":\"Person\",\"@id\":\"https:\\\/\\\/escoles.fundesplai.org\\\/es\\\/#\\\/schema\\\/person\\\/2ca12c7f6e427a577b996c3c7f432211\",\"name\":\"Mariona Duch\",\"image\":{\"@type\":\"ImageObject\",\"inLanguage\":\"es\",\"@id\":\"https:\\\/\\\/secure.gravatar.com\\\/avatar\\\/678f8dc5592155106183c2dba5a10542029cee6b53d56fa163cb5ba0b4db9386?s=96&d=mm&r=g\",\"url\":\"https:\\\/\\\/secure.gravatar.com\\\/avatar\\\/678f8dc5592155106183c2dba5a10542029cee6b53d56fa163cb5ba0b4db9386?s=96&d=mm&r=g\",\"contentUrl\":\"https:\\\/\\\/secure.gravatar.com\\\/avatar\\\/678f8dc5592155106183c2dba5a10542029cee6b53d56fa163cb5ba0b4db9386?s=96&d=mm&r=g\",\"caption\":\"Mariona Duch\"}}]}<\/script>\n<!-- \/ Yoast SEO plugin. -->","yoast_head_json":{"title":"52 Cuentos para acompa\u00f1ar a los ni\u00f1os y ni\u00f1as en el duelo - Fundesplai M\u00f3n Escolar","description":"Te presentamos 52 cuentos para poder acompa\u00f1ar a los ni\u00f1os y ni\u00f1as en el proceso de p\u00e9rdida de una persona, una mascota, una amistad...","robots":{"index":"index","follow":"follow","max-snippet":"max-snippet:-1","max-image-preview":"max-image-preview:large","max-video-preview":"max-video-preview:-1"},"canonical":"https:\/\/escoles.fundesplai.org\/es\/blog-es\/educacion-en-el-tiempo-libre\/52-cuentos-para-acompanar-a-los-ninos-y-ninas-en-el-duelo\/","og_locale":"es_ES","og_type":"article","og_title":"52 Cuentos para acompa\u00f1ar a los ni\u00f1os y ni\u00f1as en el duelo - Fundesplai M\u00f3n Escolar","og_description":"Te presentamos 52 cuentos para poder acompa\u00f1ar a los ni\u00f1os y ni\u00f1as en el proceso de p\u00e9rdida de una persona, una mascota, una amistad...","og_url":"https:\/\/escoles.fundesplai.org\/es\/blog-es\/educacion-en-el-tiempo-libre\/52-cuentos-para-acompanar-a-los-ninos-y-ninas-en-el-duelo\/","og_site_name":"Fundesplai M\u00f3n Escolar","article_publisher":"https:\/\/www.facebook.com\/Fundesplai\/","article_published_time":"2021-10-27T11:43:26+00:00","article_modified_time":"2025-08-14T07:14:33+00:00","og_image":[{"width":1888,"height":900,"url":"https:\/\/escoles.fundesplai.org\/wp-content\/uploads\/2021\/10\/Contes-acompanyar-dol-Fundesplai.jpg","type":"image\/jpeg"}],"author":"Mariona Duch","twitter_card":"summary_large_image","twitter_creator":"@fundesplai","twitter_site":"@fundesplai","twitter_misc":{"Escrito por":"Mariona Duch","Tiempo de lectura":"58 minutos"},"schema":{"@context":"https:\/\/schema.org","@graph":[{"@type":"Article","@id":"https:\/\/escoles.fundesplai.org\/es\/blog-es\/educacion-en-el-tiempo-libre\/52-cuentos-para-acompanar-a-los-ninos-y-ninas-en-el-duelo\/#article","isPartOf":{"@id":"https:\/\/escoles.fundesplai.org\/es\/blog-es\/educacion-en-el-tiempo-libre\/52-cuentos-para-acompanar-a-los-ninos-y-ninas-en-el-duelo\/"},"author":{"name":"Mariona Duch","@id":"https:\/\/escoles.fundesplai.org\/es\/#\/schema\/person\/2ca12c7f6e427a577b996c3c7f432211"},"headline":"52 Cuentos para acompa\u00f1ar a los ni\u00f1os y ni\u00f1as en el duelo","datePublished":"2021-10-27T11:43:26+00:00","dateModified":"2025-08-14T07:14:33+00:00","mainEntityOfPage":{"@id":"https:\/\/escoles.fundesplai.org\/es\/blog-es\/educacion-en-el-tiempo-libre\/52-cuentos-para-acompanar-a-los-ninos-y-ninas-en-el-duelo\/"},"wordCount":11734,"publisher":{"@id":"https:\/\/escoles.fundesplai.org\/es\/#organization"},"image":{"@id":"https:\/\/escoles.fundesplai.org\/es\/blog-es\/educacion-en-el-tiempo-libre\/52-cuentos-para-acompanar-a-los-ninos-y-ninas-en-el-duelo\/#primaryimage"},"thumbnailUrl":"https:\/\/escoles.fundesplai.org\/wp-content\/uploads\/2021\/10\/Contes-acompanyar-dol-Fundesplai.jpg","keywords":["acompa\u00f1amiento","cuentos","duelo","educaci\u00f3n emocional","educaci\u00f3n en el tiempo libre","educaci\u00f3n en valores","promoci\u00f3n de la salud"],"articleSection":["Educaci\u00f3n en el tiempo libre","Promoci\u00f3n de la salud","Recursos"],"inLanguage":"es"},{"@type":"WebPage","@id":"https:\/\/escoles.fundesplai.org\/es\/blog-es\/educacion-en-el-tiempo-libre\/52-cuentos-para-acompanar-a-los-ninos-y-ninas-en-el-duelo\/","url":"https:\/\/escoles.fundesplai.org\/es\/blog-es\/educacion-en-el-tiempo-libre\/52-cuentos-para-acompanar-a-los-ninos-y-ninas-en-el-duelo\/","name":"52 Cuentos para acompa\u00f1ar a los ni\u00f1os y ni\u00f1as en el duelo - Fundesplai M\u00f3n Escolar","isPartOf":{"@id":"https:\/\/escoles.fundesplai.org\/es\/#website"},"primaryImageOfPage":{"@id":"https:\/\/escoles.fundesplai.org\/es\/blog-es\/educacion-en-el-tiempo-libre\/52-cuentos-para-acompanar-a-los-ninos-y-ninas-en-el-duelo\/#primaryimage"},"image":{"@id":"https:\/\/escoles.fundesplai.org\/es\/blog-es\/educacion-en-el-tiempo-libre\/52-cuentos-para-acompanar-a-los-ninos-y-ninas-en-el-duelo\/#primaryimage"},"thumbnailUrl":"https:\/\/escoles.fundesplai.org\/wp-content\/uploads\/2021\/10\/Contes-acompanyar-dol-Fundesplai.jpg","datePublished":"2021-10-27T11:43:26+00:00","dateModified":"2025-08-14T07:14:33+00:00","description":"Te presentamos 52 cuentos para poder acompa\u00f1ar a los ni\u00f1os y ni\u00f1as en el proceso de p\u00e9rdida de una persona, una mascota, una amistad...","breadcrumb":{"@id":"https:\/\/escoles.fundesplai.org\/es\/blog-es\/educacion-en-el-tiempo-libre\/52-cuentos-para-acompanar-a-los-ninos-y-ninas-en-el-duelo\/#breadcrumb"},"inLanguage":"es","potentialAction":[{"@type":"ReadAction","target":["https:\/\/escoles.fundesplai.org\/es\/blog-es\/educacion-en-el-tiempo-libre\/52-cuentos-para-acompanar-a-los-ninos-y-ninas-en-el-duelo\/"]}]},{"@type":"ImageObject","inLanguage":"es","@id":"https:\/\/escoles.fundesplai.org\/es\/blog-es\/educacion-en-el-tiempo-libre\/52-cuentos-para-acompanar-a-los-ninos-y-ninas-en-el-duelo\/#primaryimage","url":"https:\/\/escoles.fundesplai.org\/wp-content\/uploads\/2021\/10\/Contes-acompanyar-dol-Fundesplai.jpg","contentUrl":"https:\/\/escoles.fundesplai.org\/wp-content\/uploads\/2021\/10\/Contes-acompanyar-dol-Fundesplai.jpg","width":1888,"height":900},{"@type":"BreadcrumbList","@id":"https:\/\/escoles.fundesplai.org\/es\/blog-es\/educacion-en-el-tiempo-libre\/52-cuentos-para-acompanar-a-los-ninos-y-ninas-en-el-duelo\/#breadcrumb","itemListElement":[{"@type":"ListItem","position":1,"name":"Inici","item":"https:\/\/escoles.fundesplai.org\/es\/inicio\/"},{"@type":"ListItem","position":2,"name":"Blog","item":"https:\/\/escoles.fundesplai.org\/es\/blog-es\/"},{"@type":"ListItem","position":3,"name":"Educaci\u00f3n en el tiempo libre","item":"https:\/\/escoles.fundesplai.org\/es\/blog-es\/educacion-en-el-tiempo-libre\/"},{"@type":"ListItem","position":4,"name":"52 Cuentos para acompa\u00f1ar a los ni\u00f1os y ni\u00f1as en el duelo"}]},{"@type":"WebSite","@id":"https:\/\/escoles.fundesplai.org\/es\/#website","url":"https:\/\/escoles.fundesplai.org\/es\/","name":"Fundesplai M\u00f3n Escolar","description":"Serveis de lleure educatiu per a escoles","publisher":{"@id":"https:\/\/escoles.fundesplai.org\/es\/#organization"},"potentialAction":[{"@type":"SearchAction","target":{"@type":"EntryPoint","urlTemplate":"https:\/\/escoles.fundesplai.org\/es\/?s={search_term_string}"},"query-input":{"@type":"PropertyValueSpecification","valueRequired":true,"valueName":"search_term_string"}}],"inLanguage":"es"},{"@type":"Organization","@id":"https:\/\/escoles.fundesplai.org\/es\/#organization","name":"Fundesplai - M\u00f3n Escolar","url":"https:\/\/escoles.fundesplai.org\/es\/","logo":{"@type":"ImageObject","inLanguage":"es","@id":"https:\/\/escoles.fundesplai.org\/es\/#\/schema\/logo\/image\/","url":"https:\/\/escoles.fundesplai.org\/wp-content\/uploads\/2021\/08\/logo-mon-escolar.png","contentUrl":"https:\/\/escoles.fundesplai.org\/wp-content\/uploads\/2021\/08\/logo-mon-escolar.png","width":468,"height":211,"caption":"Fundesplai - M\u00f3n Escolar"},"image":{"@id":"https:\/\/escoles.fundesplai.org\/es\/#\/schema\/logo\/image\/"},"sameAs":["https:\/\/www.facebook.com\/Fundesplai\/","https:\/\/x.com\/fundesplai","https:\/\/www.instagram.com\/fundesplai\/"]},{"@type":"Person","@id":"https:\/\/escoles.fundesplai.org\/es\/#\/schema\/person\/2ca12c7f6e427a577b996c3c7f432211","name":"Mariona Duch","image":{"@type":"ImageObject","inLanguage":"es","@id":"https:\/\/secure.gravatar.com\/avatar\/678f8dc5592155106183c2dba5a10542029cee6b53d56fa163cb5ba0b4db9386?s=96&d=mm&r=g","url":"https:\/\/secure.gravatar.com\/avatar\/678f8dc5592155106183c2dba5a10542029cee6b53d56fa163cb5ba0b4db9386?s=96&d=mm&r=g","contentUrl":"https:\/\/secure.gravatar.com\/avatar\/678f8dc5592155106183c2dba5a10542029cee6b53d56fa163cb5ba0b4db9386?s=96&d=mm&r=g","caption":"Mariona Duch"}}]}},"_links":{"self":[{"href":"https:\/\/escoles.fundesplai.org\/es\/wp-json\/wp\/v2\/posts\/60695","targetHints":{"allow":["GET"]}}],"collection":[{"href":"https:\/\/escoles.fundesplai.org\/es\/wp-json\/wp\/v2\/posts"}],"about":[{"href":"https:\/\/escoles.fundesplai.org\/es\/wp-json\/wp\/v2\/types\/post"}],"author":[{"embeddable":true,"href":"https:\/\/escoles.fundesplai.org\/es\/wp-json\/wp\/v2\/users\/26"}],"replies":[{"embeddable":true,"href":"https:\/\/escoles.fundesplai.org\/es\/wp-json\/wp\/v2\/comments?post=60695"}],"version-history":[{"count":18,"href":"https:\/\/escoles.fundesplai.org\/es\/wp-json\/wp\/v2\/posts\/60695\/revisions"}],"predecessor-version":[{"id":61461,"href":"https:\/\/escoles.fundesplai.org\/es\/wp-json\/wp\/v2\/posts\/60695\/revisions\/61461"}],"wp:featuredmedia":[{"embeddable":true,"href":"https:\/\/escoles.fundesplai.org\/es\/wp-json\/wp\/v2\/media\/29408"}],"wp:attachment":[{"href":"https:\/\/escoles.fundesplai.org\/es\/wp-json\/wp\/v2\/media?parent=60695"}],"wp:term":[{"taxonomy":"category","embeddable":true,"href":"https:\/\/escoles.fundesplai.org\/es\/wp-json\/wp\/v2\/categories?post=60695"},{"taxonomy":"post_tag","embeddable":true,"href":"https:\/\/escoles.fundesplai.org\/es\/wp-json\/wp\/v2\/tags?post=60695"}],"curies":[{"name":"wp","href":"https:\/\/api.w.org\/{rel}","templated":true}]}}