{"id":65641,"date":"2026-01-08T09:01:08","date_gmt":"2026-01-08T08:01:08","guid":{"rendered":"https:\/\/escoles.fundesplai.org\/sin-categorizar\/nueva-ley-de-alimentacion-escolar-que-implica\/"},"modified":"2026-01-26T13:24:41","modified_gmt":"2026-01-26T12:24:41","slug":"nueva-ley-de-alimentacion-escolar-que-implica","status":"publish","type":"post","link":"https:\/\/escoles.fundesplai.org\/es\/blog-es\/comedor-escolar\/nueva-ley-de-alimentacion-escolar-que-implica\/","title":{"rendered":"Nueva ley de alimentaci\u00f3n escolar: \u00bfqu\u00e9 implica?"},"content":{"rendered":"<p>[et_pb_section fb_built=\u00bb1&#8243; _builder_version=\u00bb4.27.4&#8243; _module_preset=\u00bbdefault\u00bb global_colors_info=\u00bb{}\u00bb][et_pb_row admin_label=\u00bbIntro\u00bb _builder_version=\u00bb4.27.4&#8243; _module_preset=\u00bbdefault\u00bb global_colors_info=\u00bb{}\u00bb][et_pb_column type=\u00bb4_4&#8243; _builder_version=\u00bb4.27.4&#8243; _module_preset=\u00bbdefault\u00bb global_colors_info=\u00bb{}\u00bb][et_pb_text admin_label=\u00bbIntro\u00bb _builder_version=\u00bb4.27.5&#8243; _module_preset=\u00bbdefault\u00bb global_colors_info=\u00bb{}\u00bb]<\/p>\n<p>\u00bfSab\u00edas que se ha aprobado un <a href=\"https:\/\/www.boe.es\/diario_boe\/txt.php?id=BOE-A-2025-7659\" target=\"_blank\" rel=\"noopener\">nuevo decreto ley<\/a> en el Estado Espa\u00f1ol para promover la alimentaci\u00f3n saludable y sostenible en los centros educativos? Los men\u00fas de nuestros comedores escolares ya est\u00e1n adaptados, \u00bfquieres saber c\u00f3mo? <\/p>\n<p>Los datos de salud infantil nos afectan directamente como profesionales del mundo educativo. Seg\u00fan el <a href=\"https:\/\/www.dsca.gob.es\/sites\/default\/files\/publicaciones\/estudio-aladino-2023.pdf\" target=\"_blank\" rel=\"noopener\">Estudio ALADINO 2023<\/a>, un 15,9% de los ni\u00f1os y ni\u00f1as de 6 a 9 a\u00f1os padecen obesidad, un 3,6% obesidad severa y m\u00e1s de un 36% presentan sobrepeso. Lo m\u00e1s preocupante es que, como dice la Organizaci\u00f3n Mundial de la Salud, <strong>6 de cada 10 ni\u00f1os y ni\u00f1as con sobrepeso arrastran esta situaci\u00f3n hasta la edad adulta<\/strong>, con consecuencias graves para la salud y la calidad de vida.  <\/p>\n<p>Ante esta situaci\u00f3n, el nuevo decreto surge con un objetivo claro: <strong>convertir la escuela en un entorno protector y promotor de la salud, garantizando men\u00fas equilibrados, sostenibles y adecuados, y prohibiendo la presencia de alimentos con exceso de grasas, az\u00facares, sal o cafe\u00edna<\/strong>. El tiempo educativo del mediod\u00eda, se convierte en una herramienta clave para reducir la obesidad infantil y para educar en h\u00e1bitos saludables que acompa\u00f1ar\u00e1n a los ni\u00f1os y ni\u00f1as a lo largo de la vida. <\/p>\n<p>El nuevo decreto ley nos marca un camino claro; comedores m\u00e1s saludables y sostenibles. En <a href=\"https:\/\/fundesplai.org\/?_gl=1%2Adl5iyb%2A_up%2AMQ..%2A_gs%2AMQ..&amp;gclid=Cj0KCQiA_8TJBhDNARIsAPX5qxRbySMy7hqWeMOZ2f0LRTelR8JALcGQn4c1yBHYyfgPKL_FXUkv18caAs5VEALw_wcB\">Fundesplai<\/a>, nos hemos adaptado completamente a esta normativa y ofrecemos solo men\u00fas que la cumplen. Adem\u00e1s, algunos de nuestros men\u00fas siguen la <a href=\"https:\/\/salutpublica.gencat.cat\/ca\/ambits\/promocio\/alimentacio-saludable\/preme\/index.html\" target=\"_blank\" rel=\"noopener\">PReME<\/a> (Programa de Revisi\u00f3n de Men\u00fas Escolares en Catalu\u00f1a) a\u00fan m\u00e1s exigente.  <\/p>\n<p>[\/et_pb_text][et_pb_button button_url=\u00bbhttps:\/\/escoles.fundesplai.org\/es\/actividades-escuela\/comedor-tiempo-educativo-del-mediodia\/\u00bb button_text=\u00bbDescubre el Tiempo educativo del mediod\u00eda\u00bb button_alignment=\u00bbcenter\u00bb _builder_version=\u00bb4.27.4&#8243; _module_preset=\u00bbdefault\u00bb custom_margin=\u00bb30px||50px||false|false\u00bb global_colors_info=\u00bb{}\u00bb][\/et_pb_button][et_pb_gallery gallery_ids=\u00bb54461,55841,23183,51055&#8243; show_title_and_caption=\u00bboff\u00bb _builder_version=\u00bb4.27.5&#8243; _module_preset=\u00bbdefault\u00bb global_colors_info=\u00bb{}\u00bb][\/et_pb_gallery][\/et_pb_column][\/et_pb_row][et_pb_row admin_label=\u00bbPuntos clave del decreto\u00bb _builder_version=\u00bb4.27.4&#8243; _module_preset=\u00bbdefault\u00bb custom_margin=\u00bb30px||||false|false\u00bb global_colors_info=\u00bb{}\u00bb][et_pb_column type=\u00bb4_4&#8243; _builder_version=\u00bb4.27.4&#8243; _module_preset=\u00bbdefault\u00bb global_colors_info=\u00bb{}\u00bb][et_pb_text admin_label=\u00bbT\u00edtol\u00bb _builder_version=\u00bb4.27.5&#8243; _module_preset=\u00bbdefault\u00bb global_colors_info=\u00bb{}\u00bb]<\/p>\n<h3>\ud83d\udcccPUNTOS CLAVES DEL NUEVO DECRETO LEY DE ALIMENTACI\u00d3N ESCOLAR<\/h3>\n<p>[\/et_pb_text][et_pb_text _builder_version=\u00bb4.27.5&#8243; _module_preset=\u00bbdefault\u00bb custom_margin=\u00bb15px||||false|false\u00bb global_colors_info=\u00bb{}\u00bb]<\/p>\n<ul>\n<li><strong>Men\u00fas equilibrados y revisados \u200b\u200bpor nutricionistas:<\/strong> garant\u00eda de que son saludables y sostenibles.<\/li>\n<li><strong>M\u00e1s fruta y verdura:<\/strong> la fruta ser\u00e1 casi diaria y las verduras aparecer\u00e1n como ingrediente principal.<\/li>\n<li><strong>Prote\u00edna variada y con l\u00edmites:<\/strong> pescado, huevos y carne con medida y mayor presencia de prote\u00edna vegetal.<\/li>\n<li><strong>Alimentos locales y de proximidad:<\/strong> prioridad de productos frescos, temporada y proximidad.<\/li>\n<li><strong>Alimentos duraderos y b\u00e1sicos:<\/strong> legumbres secas, cereales integrales, frutos secos y aceite, ya que garantizan sostenibilidad y disponibilidad estable.<\/li>\n<li><strong>Agua como \u00fanica bebida:<\/strong> siempre disponible y gratuita.<\/li>\n<li><strong>Integral en el comedor:<\/strong> pan integral y pasta\/arroz integral de forma regular.<\/li>\n<li><strong>Menos fritos y precocinados:<\/strong> se limitan mucho para fomentar comidas saludables.<\/li>\n<li><strong>Entorno escolar m\u00e1s sano:<\/strong> prohibici\u00f3n de productos con exceso de az\u00facar, sal, grasas o cafe\u00edna.<\/li>\n<\/ul>\n<p>[\/et_pb_text][\/et_pb_column][\/et_pb_row][et_pb_row admin_label=\u00bbInfograf\u00eda\u00bb _builder_version=\u00bb4.27.4&#8243; _module_preset=\u00bbdefault\u00bb custom_margin=\u00bb30px||||false|false\u00bb global_colors_info=\u00bb{}\u00bb][et_pb_column type=\u00bb4_4&#8243; _builder_version=\u00bb4.27.4&#8243; _module_preset=\u00bbdefault\u00bb global_colors_info=\u00bb{}\u00bb][et_pb_text admin_label=\u00bbCom fem possible aquest canvi?\u00bb _builder_version=\u00bb4.27.5&#8243; _module_preset=\u00bbdefault\u00bb custom_margin=\u00bb||20px||false|false\u00bb global_colors_info=\u00bb{}\u00bb]<\/p>\n<h3>\u00bfC\u00d3MO HACEMOS POSIBLE ESTE CAMBIO?<\/h3>\n<p>[\/et_pb_text][et_pb_text _builder_version=\u00bb4.27.5&#8243; _module_preset=\u00bbdefault\u00bb global_colors_info=\u00bb{}\u00bb]<\/p>\n<p>Desde Fundesplai, este cambio no lo vivimos solo como una normativa, sino como una oportunidad educativa. A continuaci\u00f3n, te mostramos c\u00f3mo nosotros nos adaptamos a la nueva normativa, ofreciendo m\u00e1s prote\u00edna vegetal en los men\u00fas, garantizando huevos, carnes y pescado fresco, minimizando la cantidad de frituras, carne procesada y precocinados, eliminando el postre azucarado, aumentando el consumo del producto integral y haciendo uso de sal yodada y de agua siendo la \u00fanica bebida habitual.  <strong>Nuestros men\u00fas garantizan una alimentaci\u00f3n saludable, equilibrada y sostenible.<\/strong><\/p>\n<p>[\/et_pb_text][et_pb_image src=\u00bbhttps:\/\/escoles.fundesplai.org\/wp-content\/uploads\/2026\/01\/Infografia-nova-llei-TEM-castella-Fundesplai-1.webp\u00bb alt=\u00bbInfografia nova llei TEM castell\u00e0\u00bb title_text=\u00bbInfografia nova llei TEM castell\u00e0 Fundesplai\u00bb align=\u00bbcenter\u00bb _builder_version=\u00bb4.27.5&#8243; _module_preset=\u00bbdefault\u00bb width=\u00bb80%\u00bb custom_margin=\u00bb20px||30px||false|false\u00bb hover_enabled=\u00bb0&#8243; global_colors_info=\u00bb{}\u00bb sticky_enabled=\u00bb0&#8243;][\/et_pb_image][\/et_pb_column][\/et_pb_row][et_pb_row admin_label=\u00bbConclusi\u00f3n\u00bb _builder_version=\u00bb4.27.4&#8243; _module_preset=\u00bbdefault\u00bb global_colors_info=\u00bb{}\u00bb][et_pb_column type=\u00bb4_4&#8243; _builder_version=\u00bb4.27.4&#8243; _module_preset=\u00bbdefault\u00bb global_colors_info=\u00bb{}\u00bb][et_pb_text _builder_version=\u00bb4.27.5&#8243; _module_preset=\u00bbdefault\u00bb global_colors_info=\u00bb{}\u00bb]<\/p>\n<p>La nueva normativa nos invita a dar un paso adelante como comunidad educativa. No se trata solo de cumplir unos requisitos legales, sino de aprovechar <strong>una oportunidad para transformar la alimentaci\u00f3n de los ni\u00f1os y ni\u00f1as en una experiencia m\u00e1s saludable, sostenible y coherente con los valores que queremos transmitir<\/strong>. Todas estas mejoras son acciones que repercuten directamente en el bienestar de los ni\u00f1os y ni\u00f1as, en la confianza de las familias y en la responsabilidad compartida de cuidar nuestro entorno. Aceptar este cambio significa educar en h\u00e1bitos que van a perdurar a lo largo de la vida y demostrar que la escuela es un espacio donde se cuida la salud, la cultura y el futuro.   <\/p>\n<p>[\/et_pb_text][et_pb_text admin_label=\u00bbfrase final\u00bb _builder_version=\u00bb4.27.5&#8243; _module_preset=\u00bbdefault\u00bb custom_margin=\u00bb20px||30px||false|false\u00bb hover_enabled=\u00bb0&#8243; global_colors_info=\u00bb{}\u00bb sticky_enabled=\u00bb0&#8243;]<\/p>\n<p><img loading=\"lazy\" decoding=\"async\" class=\"wp-image-65646 size-full aligncenter\" src=\"https:\/\/escoles.fundesplai.org\/wp-content\/uploads\/2026\/01\/Frase-CAST-Una-oportunitat-per-creixer-i-donar-mes-pes-a-la-salut-en-leducacio-Fundesplai.webp\" alt=\"Frase CAST Una oportunitat per cr\u00e9ixer i donar m\u00e9s pes a la salut en l\u2019educaci\u00f3\" width=\"728\" height=\"180\" srcset=\"https:\/\/escoles.fundesplai.org\/wp-content\/uploads\/2026\/01\/Frase-CAST-Una-oportunitat-per-creixer-i-donar-mes-pes-a-la-salut-en-leducacio-Fundesplai.webp 728w, https:\/\/escoles.fundesplai.org\/wp-content\/uploads\/2026\/01\/Frase-CAST-Una-oportunitat-per-creixer-i-donar-mes-pes-a-la-salut-en-leducacio-Fundesplai-480x119.webp 480w\" sizes=\"(min-width: 0px) and (max-width: 480px) 480px, (min-width: 481px) 728px, 100vw\" \/><\/p>\n<p>[\/et_pb_text][\/et_pb_column][\/et_pb_row][\/et_pb_section]<\/p>\n","protected":false},"excerpt":{"rendered":"<p>La nueva ley de los comedores nos marca un camino claro, comedores m\u00e1s saludables y sostenibles, dando un paso adelante como comunidad educativa. Desde Fundesplai este cambio no lo vivimos solo como una normativa, sino una oportunidad educativa. <\/p>\n","protected":false},"author":41,"featured_media":65136,"comment_status":"closed","ping_status":"closed","sticky":false,"template":"","format":"standard","meta":{"_et_pb_use_builder":"on","_et_pb_old_content":"","_et_gb_content_width":"","footnotes":""},"categories":[299],"tags":[],"class_list":["post-65641","post","type-post","status-publish","format-standard","has-post-thumbnail","hentry","category-comedor-escolar"],"yoast_head":"<!-- This site is optimized with the Yoast SEO plugin v27.5 - https:\/\/yoast.com\/product\/yoast-seo-wordpress\/ -->\n<title>Nueva ley de alimentaci\u00f3n escolar: \u00bfqu\u00e9 implica? - Fundesplai M\u00f3n Escolar<\/title>\n<meta name=\"description\" content=\"La nueva ley de los comedores nos marca un camino claro, comedores m\u00e1s saludables y sostenibles, dando un paso adelante como comunidad educativa.\" \/>\n<meta name=\"robots\" content=\"index, follow, max-snippet:-1, max-image-preview:large, max-video-preview:-1\" \/>\n<link rel=\"canonical\" href=\"https:\/\/escoles.fundesplai.org\/es\/blog-es\/comedor-escolar\/nueva-ley-de-alimentacion-escolar-que-implica\/\" \/>\n<meta property=\"og:locale\" content=\"es_ES\" \/>\n<meta property=\"og:type\" content=\"article\" \/>\n<meta property=\"og:title\" content=\"Nueva ley de alimentaci\u00f3n escolar: \u00bfqu\u00e9 implica? - Fundesplai M\u00f3n Escolar\" \/>\n<meta property=\"og:description\" content=\"La nueva ley de los comedores nos marca un camino claro, comedores m\u00e1s saludables y sostenibles, dando un paso adelante como comunidad educativa.\" \/>\n<meta property=\"og:url\" content=\"https:\/\/escoles.fundesplai.org\/es\/blog-es\/comedor-escolar\/nueva-ley-de-alimentacion-escolar-que-implica\/\" \/>\n<meta property=\"og:site_name\" content=\"Fundesplai M\u00f3n Escolar\" \/>\n<meta property=\"article:publisher\" content=\"https:\/\/www.facebook.com\/Fundesplai\/\" \/>\n<meta property=\"article:published_time\" content=\"2026-01-08T08:01:08+00:00\" \/>\n<meta property=\"article:modified_time\" content=\"2026-01-26T12:24:41+00:00\" \/>\n<meta property=\"og:image\" content=\"https:\/\/escoles.fundesplai.org\/wp-content\/uploads\/2026\/01\/Monitora-servint-menjar-Fundesplai-1.webp\" \/>\n\t<meta property=\"og:image:width\" content=\"1888\" \/>\n\t<meta property=\"og:image:height\" content=\"900\" \/>\n\t<meta property=\"og:image:type\" content=\"image\/webp\" \/>\n<meta name=\"author\" content=\"cristina.lopez\" \/>\n<meta name=\"twitter:card\" content=\"summary_large_image\" \/>\n<meta name=\"twitter:creator\" content=\"@fundesplai\" \/>\n<meta name=\"twitter:site\" content=\"@fundesplai\" \/>\n<meta name=\"twitter:label1\" content=\"Escrito por\" \/>\n\t<meta name=\"twitter:data1\" content=\"cristina.lopez\" \/>\n\t<meta name=\"twitter:label2\" content=\"Tiempo de lectura\" \/>\n\t<meta name=\"twitter:data2\" content=\"5 minutos\" \/>\n<script type=\"application\/ld+json\" class=\"yoast-schema-graph\">{\"@context\":\"https:\\\/\\\/schema.org\",\"@graph\":[{\"@type\":\"Article\",\"@id\":\"https:\\\/\\\/escoles.fundesplai.org\\\/es\\\/blog-es\\\/comedor-escolar\\\/nueva-ley-de-alimentacion-escolar-que-implica\\\/#article\",\"isPartOf\":{\"@id\":\"https:\\\/\\\/escoles.fundesplai.org\\\/es\\\/blog-es\\\/comedor-escolar\\\/nueva-ley-de-alimentacion-escolar-que-implica\\\/\"},\"author\":{\"name\":\"cristina.lopez\",\"@id\":\"https:\\\/\\\/escoles.fundesplai.org\\\/es\\\/#\\\/schema\\\/person\\\/3aa237f49afe8ec76709a5845245ea22\"},\"headline\":\"Nueva ley de alimentaci\u00f3n escolar: \u00bfqu\u00e9 implica?\",\"datePublished\":\"2026-01-08T08:01:08+00:00\",\"dateModified\":\"2026-01-26T12:24:41+00:00\",\"mainEntityOfPage\":{\"@id\":\"https:\\\/\\\/escoles.fundesplai.org\\\/es\\\/blog-es\\\/comedor-escolar\\\/nueva-ley-de-alimentacion-escolar-que-implica\\\/\"},\"wordCount\":1053,\"publisher\":{\"@id\":\"https:\\\/\\\/escoles.fundesplai.org\\\/es\\\/#organization\"},\"image\":{\"@id\":\"https:\\\/\\\/escoles.fundesplai.org\\\/es\\\/blog-es\\\/comedor-escolar\\\/nueva-ley-de-alimentacion-escolar-que-implica\\\/#primaryimage\"},\"thumbnailUrl\":\"https:\\\/\\\/escoles.fundesplai.org\\\/wp-content\\\/uploads\\\/2026\\\/01\\\/Monitora-servint-menjar-Fundesplai-1.webp\",\"articleSection\":[\"Comedor escolar\"],\"inLanguage\":\"es\"},{\"@type\":\"WebPage\",\"@id\":\"https:\\\/\\\/escoles.fundesplai.org\\\/es\\\/blog-es\\\/comedor-escolar\\\/nueva-ley-de-alimentacion-escolar-que-implica\\\/\",\"url\":\"https:\\\/\\\/escoles.fundesplai.org\\\/es\\\/blog-es\\\/comedor-escolar\\\/nueva-ley-de-alimentacion-escolar-que-implica\\\/\",\"name\":\"Nueva ley de alimentaci\u00f3n escolar: \u00bfqu\u00e9 implica? - Fundesplai M\u00f3n Escolar\",\"isPartOf\":{\"@id\":\"https:\\\/\\\/escoles.fundesplai.org\\\/es\\\/#website\"},\"primaryImageOfPage\":{\"@id\":\"https:\\\/\\\/escoles.fundesplai.org\\\/es\\\/blog-es\\\/comedor-escolar\\\/nueva-ley-de-alimentacion-escolar-que-implica\\\/#primaryimage\"},\"image\":{\"@id\":\"https:\\\/\\\/escoles.fundesplai.org\\\/es\\\/blog-es\\\/comedor-escolar\\\/nueva-ley-de-alimentacion-escolar-que-implica\\\/#primaryimage\"},\"thumbnailUrl\":\"https:\\\/\\\/escoles.fundesplai.org\\\/wp-content\\\/uploads\\\/2026\\\/01\\\/Monitora-servint-menjar-Fundesplai-1.webp\",\"datePublished\":\"2026-01-08T08:01:08+00:00\",\"dateModified\":\"2026-01-26T12:24:41+00:00\",\"description\":\"La nueva ley de los comedores nos marca un camino claro, comedores m\u00e1s saludables y sostenibles, dando un paso adelante como comunidad educativa.\",\"breadcrumb\":{\"@id\":\"https:\\\/\\\/escoles.fundesplai.org\\\/es\\\/blog-es\\\/comedor-escolar\\\/nueva-ley-de-alimentacion-escolar-que-implica\\\/#breadcrumb\"},\"inLanguage\":\"es\",\"potentialAction\":[{\"@type\":\"ReadAction\",\"target\":[\"https:\\\/\\\/escoles.fundesplai.org\\\/es\\\/blog-es\\\/comedor-escolar\\\/nueva-ley-de-alimentacion-escolar-que-implica\\\/\"]}]},{\"@type\":\"ImageObject\",\"inLanguage\":\"es\",\"@id\":\"https:\\\/\\\/escoles.fundesplai.org\\\/es\\\/blog-es\\\/comedor-escolar\\\/nueva-ley-de-alimentacion-escolar-que-implica\\\/#primaryimage\",\"url\":\"https:\\\/\\\/escoles.fundesplai.org\\\/wp-content\\\/uploads\\\/2026\\\/01\\\/Monitora-servint-menjar-Fundesplai-1.webp\",\"contentUrl\":\"https:\\\/\\\/escoles.fundesplai.org\\\/wp-content\\\/uploads\\\/2026\\\/01\\\/Monitora-servint-menjar-Fundesplai-1.webp\",\"width\":1888,\"height\":900,\"caption\":\"Monitora sirviendo comida a los ni\u00f1os\"},{\"@type\":\"BreadcrumbList\",\"@id\":\"https:\\\/\\\/escoles.fundesplai.org\\\/es\\\/blog-es\\\/comedor-escolar\\\/nueva-ley-de-alimentacion-escolar-que-implica\\\/#breadcrumb\",\"itemListElement\":[{\"@type\":\"ListItem\",\"position\":1,\"name\":\"Inici\",\"item\":\"https:\\\/\\\/escoles.fundesplai.org\\\/es\\\/inicio\\\/\"},{\"@type\":\"ListItem\",\"position\":2,\"name\":\"Blog\",\"item\":\"https:\\\/\\\/escoles.fundesplai.org\\\/es\\\/blog-es\\\/\"},{\"@type\":\"ListItem\",\"position\":3,\"name\":\"Comedor escolar\",\"item\":\"https:\\\/\\\/escoles.fundesplai.org\\\/es\\\/blog-es\\\/comedor-escolar\\\/\"},{\"@type\":\"ListItem\",\"position\":4,\"name\":\"Nueva ley de alimentaci\u00f3n escolar: \u00bfqu\u00e9 implica?\"}]},{\"@type\":\"WebSite\",\"@id\":\"https:\\\/\\\/escoles.fundesplai.org\\\/es\\\/#website\",\"url\":\"https:\\\/\\\/escoles.fundesplai.org\\\/es\\\/\",\"name\":\"Fundesplai M\u00f3n Escolar\",\"description\":\"Serveis de lleure educatiu per a escoles\",\"publisher\":{\"@id\":\"https:\\\/\\\/escoles.fundesplai.org\\\/es\\\/#organization\"},\"potentialAction\":[{\"@type\":\"SearchAction\",\"target\":{\"@type\":\"EntryPoint\",\"urlTemplate\":\"https:\\\/\\\/escoles.fundesplai.org\\\/es\\\/?s={search_term_string}\"},\"query-input\":{\"@type\":\"PropertyValueSpecification\",\"valueRequired\":true,\"valueName\":\"search_term_string\"}}],\"inLanguage\":\"es\"},{\"@type\":\"Organization\",\"@id\":\"https:\\\/\\\/escoles.fundesplai.org\\\/es\\\/#organization\",\"name\":\"Fundesplai - M\u00f3n Escolar\",\"url\":\"https:\\\/\\\/escoles.fundesplai.org\\\/es\\\/\",\"logo\":{\"@type\":\"ImageObject\",\"inLanguage\":\"es\",\"@id\":\"https:\\\/\\\/escoles.fundesplai.org\\\/es\\\/#\\\/schema\\\/logo\\\/image\\\/\",\"url\":\"https:\\\/\\\/escoles.fundesplai.org\\\/wp-content\\\/uploads\\\/2021\\\/08\\\/logo-mon-escolar.png\",\"contentUrl\":\"https:\\\/\\\/escoles.fundesplai.org\\\/wp-content\\\/uploads\\\/2021\\\/08\\\/logo-mon-escolar.png\",\"width\":468,\"height\":211,\"caption\":\"Fundesplai - M\u00f3n Escolar\"},\"image\":{\"@id\":\"https:\\\/\\\/escoles.fundesplai.org\\\/es\\\/#\\\/schema\\\/logo\\\/image\\\/\"},\"sameAs\":[\"https:\\\/\\\/www.facebook.com\\\/Fundesplai\\\/\",\"https:\\\/\\\/x.com\\\/fundesplai\",\"https:\\\/\\\/www.instagram.com\\\/fundesplai\\\/\"]},{\"@type\":\"Person\",\"@id\":\"https:\\\/\\\/escoles.fundesplai.org\\\/es\\\/#\\\/schema\\\/person\\\/3aa237f49afe8ec76709a5845245ea22\",\"name\":\"cristina.lopez\",\"image\":{\"@type\":\"ImageObject\",\"inLanguage\":\"es\",\"@id\":\"https:\\\/\\\/secure.gravatar.com\\\/avatar\\\/5af99f749e8a89e28f5626cf47be89de83cd581b608c2f51e6205efdbe4ac859?s=96&d=mm&r=g\",\"url\":\"https:\\\/\\\/secure.gravatar.com\\\/avatar\\\/5af99f749e8a89e28f5626cf47be89de83cd581b608c2f51e6205efdbe4ac859?s=96&d=mm&r=g\",\"contentUrl\":\"https:\\\/\\\/secure.gravatar.com\\\/avatar\\\/5af99f749e8a89e28f5626cf47be89de83cd581b608c2f51e6205efdbe4ac859?s=96&d=mm&r=g\",\"caption\":\"cristina.lopez\"}}]}<\/script>\n<!-- \/ Yoast SEO plugin. -->","yoast_head_json":{"title":"Nueva ley de alimentaci\u00f3n escolar: \u00bfqu\u00e9 implica? - Fundesplai M\u00f3n Escolar","description":"La nueva ley de los comedores nos marca un camino claro, comedores m\u00e1s saludables y sostenibles, dando un paso adelante como comunidad educativa.","robots":{"index":"index","follow":"follow","max-snippet":"max-snippet:-1","max-image-preview":"max-image-preview:large","max-video-preview":"max-video-preview:-1"},"canonical":"https:\/\/escoles.fundesplai.org\/es\/blog-es\/comedor-escolar\/nueva-ley-de-alimentacion-escolar-que-implica\/","og_locale":"es_ES","og_type":"article","og_title":"Nueva ley de alimentaci\u00f3n escolar: \u00bfqu\u00e9 implica? - Fundesplai M\u00f3n Escolar","og_description":"La nueva ley de los comedores nos marca un camino claro, comedores m\u00e1s saludables y sostenibles, dando un paso adelante como comunidad educativa.","og_url":"https:\/\/escoles.fundesplai.org\/es\/blog-es\/comedor-escolar\/nueva-ley-de-alimentacion-escolar-que-implica\/","og_site_name":"Fundesplai M\u00f3n Escolar","article_publisher":"https:\/\/www.facebook.com\/Fundesplai\/","article_published_time":"2026-01-08T08:01:08+00:00","article_modified_time":"2026-01-26T12:24:41+00:00","og_image":[{"width":1888,"height":900,"url":"https:\/\/escoles.fundesplai.org\/wp-content\/uploads\/2026\/01\/Monitora-servint-menjar-Fundesplai-1.webp","type":"image\/webp"}],"author":"cristina.lopez","twitter_card":"summary_large_image","twitter_creator":"@fundesplai","twitter_site":"@fundesplai","twitter_misc":{"Escrito por":"cristina.lopez","Tiempo de lectura":"5 minutos"},"schema":{"@context":"https:\/\/schema.org","@graph":[{"@type":"Article","@id":"https:\/\/escoles.fundesplai.org\/es\/blog-es\/comedor-escolar\/nueva-ley-de-alimentacion-escolar-que-implica\/#article","isPartOf":{"@id":"https:\/\/escoles.fundesplai.org\/es\/blog-es\/comedor-escolar\/nueva-ley-de-alimentacion-escolar-que-implica\/"},"author":{"name":"cristina.lopez","@id":"https:\/\/escoles.fundesplai.org\/es\/#\/schema\/person\/3aa237f49afe8ec76709a5845245ea22"},"headline":"Nueva ley de alimentaci\u00f3n escolar: \u00bfqu\u00e9 implica?","datePublished":"2026-01-08T08:01:08+00:00","dateModified":"2026-01-26T12:24:41+00:00","mainEntityOfPage":{"@id":"https:\/\/escoles.fundesplai.org\/es\/blog-es\/comedor-escolar\/nueva-ley-de-alimentacion-escolar-que-implica\/"},"wordCount":1053,"publisher":{"@id":"https:\/\/escoles.fundesplai.org\/es\/#organization"},"image":{"@id":"https:\/\/escoles.fundesplai.org\/es\/blog-es\/comedor-escolar\/nueva-ley-de-alimentacion-escolar-que-implica\/#primaryimage"},"thumbnailUrl":"https:\/\/escoles.fundesplai.org\/wp-content\/uploads\/2026\/01\/Monitora-servint-menjar-Fundesplai-1.webp","articleSection":["Comedor escolar"],"inLanguage":"es"},{"@type":"WebPage","@id":"https:\/\/escoles.fundesplai.org\/es\/blog-es\/comedor-escolar\/nueva-ley-de-alimentacion-escolar-que-implica\/","url":"https:\/\/escoles.fundesplai.org\/es\/blog-es\/comedor-escolar\/nueva-ley-de-alimentacion-escolar-que-implica\/","name":"Nueva ley de alimentaci\u00f3n escolar: \u00bfqu\u00e9 implica? - Fundesplai M\u00f3n Escolar","isPartOf":{"@id":"https:\/\/escoles.fundesplai.org\/es\/#website"},"primaryImageOfPage":{"@id":"https:\/\/escoles.fundesplai.org\/es\/blog-es\/comedor-escolar\/nueva-ley-de-alimentacion-escolar-que-implica\/#primaryimage"},"image":{"@id":"https:\/\/escoles.fundesplai.org\/es\/blog-es\/comedor-escolar\/nueva-ley-de-alimentacion-escolar-que-implica\/#primaryimage"},"thumbnailUrl":"https:\/\/escoles.fundesplai.org\/wp-content\/uploads\/2026\/01\/Monitora-servint-menjar-Fundesplai-1.webp","datePublished":"2026-01-08T08:01:08+00:00","dateModified":"2026-01-26T12:24:41+00:00","description":"La nueva ley de los comedores nos marca un camino claro, comedores m\u00e1s saludables y sostenibles, dando un paso adelante como comunidad educativa.","breadcrumb":{"@id":"https:\/\/escoles.fundesplai.org\/es\/blog-es\/comedor-escolar\/nueva-ley-de-alimentacion-escolar-que-implica\/#breadcrumb"},"inLanguage":"es","potentialAction":[{"@type":"ReadAction","target":["https:\/\/escoles.fundesplai.org\/es\/blog-es\/comedor-escolar\/nueva-ley-de-alimentacion-escolar-que-implica\/"]}]},{"@type":"ImageObject","inLanguage":"es","@id":"https:\/\/escoles.fundesplai.org\/es\/blog-es\/comedor-escolar\/nueva-ley-de-alimentacion-escolar-que-implica\/#primaryimage","url":"https:\/\/escoles.fundesplai.org\/wp-content\/uploads\/2026\/01\/Monitora-servint-menjar-Fundesplai-1.webp","contentUrl":"https:\/\/escoles.fundesplai.org\/wp-content\/uploads\/2026\/01\/Monitora-servint-menjar-Fundesplai-1.webp","width":1888,"height":900,"caption":"Monitora sirviendo comida a los ni\u00f1os"},{"@type":"BreadcrumbList","@id":"https:\/\/escoles.fundesplai.org\/es\/blog-es\/comedor-escolar\/nueva-ley-de-alimentacion-escolar-que-implica\/#breadcrumb","itemListElement":[{"@type":"ListItem","position":1,"name":"Inici","item":"https:\/\/escoles.fundesplai.org\/es\/inicio\/"},{"@type":"ListItem","position":2,"name":"Blog","item":"https:\/\/escoles.fundesplai.org\/es\/blog-es\/"},{"@type":"ListItem","position":3,"name":"Comedor escolar","item":"https:\/\/escoles.fundesplai.org\/es\/blog-es\/comedor-escolar\/"},{"@type":"ListItem","position":4,"name":"Nueva ley de alimentaci\u00f3n escolar: \u00bfqu\u00e9 implica?"}]},{"@type":"WebSite","@id":"https:\/\/escoles.fundesplai.org\/es\/#website","url":"https:\/\/escoles.fundesplai.org\/es\/","name":"Fundesplai M\u00f3n Escolar","description":"Serveis de lleure educatiu per a escoles","publisher":{"@id":"https:\/\/escoles.fundesplai.org\/es\/#organization"},"potentialAction":[{"@type":"SearchAction","target":{"@type":"EntryPoint","urlTemplate":"https:\/\/escoles.fundesplai.org\/es\/?s={search_term_string}"},"query-input":{"@type":"PropertyValueSpecification","valueRequired":true,"valueName":"search_term_string"}}],"inLanguage":"es"},{"@type":"Organization","@id":"https:\/\/escoles.fundesplai.org\/es\/#organization","name":"Fundesplai - M\u00f3n Escolar","url":"https:\/\/escoles.fundesplai.org\/es\/","logo":{"@type":"ImageObject","inLanguage":"es","@id":"https:\/\/escoles.fundesplai.org\/es\/#\/schema\/logo\/image\/","url":"https:\/\/escoles.fundesplai.org\/wp-content\/uploads\/2021\/08\/logo-mon-escolar.png","contentUrl":"https:\/\/escoles.fundesplai.org\/wp-content\/uploads\/2021\/08\/logo-mon-escolar.png","width":468,"height":211,"caption":"Fundesplai - M\u00f3n Escolar"},"image":{"@id":"https:\/\/escoles.fundesplai.org\/es\/#\/schema\/logo\/image\/"},"sameAs":["https:\/\/www.facebook.com\/Fundesplai\/","https:\/\/x.com\/fundesplai","https:\/\/www.instagram.com\/fundesplai\/"]},{"@type":"Person","@id":"https:\/\/escoles.fundesplai.org\/es\/#\/schema\/person\/3aa237f49afe8ec76709a5845245ea22","name":"cristina.lopez","image":{"@type":"ImageObject","inLanguage":"es","@id":"https:\/\/secure.gravatar.com\/avatar\/5af99f749e8a89e28f5626cf47be89de83cd581b608c2f51e6205efdbe4ac859?s=96&d=mm&r=g","url":"https:\/\/secure.gravatar.com\/avatar\/5af99f749e8a89e28f5626cf47be89de83cd581b608c2f51e6205efdbe4ac859?s=96&d=mm&r=g","contentUrl":"https:\/\/secure.gravatar.com\/avatar\/5af99f749e8a89e28f5626cf47be89de83cd581b608c2f51e6205efdbe4ac859?s=96&d=mm&r=g","caption":"cristina.lopez"}}]}},"_links":{"self":[{"href":"https:\/\/escoles.fundesplai.org\/es\/wp-json\/wp\/v2\/posts\/65641","targetHints":{"allow":["GET"]}}],"collection":[{"href":"https:\/\/escoles.fundesplai.org\/es\/wp-json\/wp\/v2\/posts"}],"about":[{"href":"https:\/\/escoles.fundesplai.org\/es\/wp-json\/wp\/v2\/types\/post"}],"author":[{"embeddable":true,"href":"https:\/\/escoles.fundesplai.org\/es\/wp-json\/wp\/v2\/users\/41"}],"replies":[{"embeddable":true,"href":"https:\/\/escoles.fundesplai.org\/es\/wp-json\/wp\/v2\/comments?post=65641"}],"version-history":[{"count":4,"href":"https:\/\/escoles.fundesplai.org\/es\/wp-json\/wp\/v2\/posts\/65641\/revisions"}],"predecessor-version":[{"id":65665,"href":"https:\/\/escoles.fundesplai.org\/es\/wp-json\/wp\/v2\/posts\/65641\/revisions\/65665"}],"wp:featuredmedia":[{"embeddable":true,"href":"https:\/\/escoles.fundesplai.org\/es\/wp-json\/wp\/v2\/media\/65136"}],"wp:attachment":[{"href":"https:\/\/escoles.fundesplai.org\/es\/wp-json\/wp\/v2\/media?parent=65641"}],"wp:term":[{"taxonomy":"category","embeddable":true,"href":"https:\/\/escoles.fundesplai.org\/es\/wp-json\/wp\/v2\/categories?post=65641"},{"taxonomy":"post_tag","embeddable":true,"href":"https:\/\/escoles.fundesplai.org\/es\/wp-json\/wp\/v2\/tags?post=65641"}],"curies":[{"name":"wp","href":"https:\/\/api.w.org\/{rel}","templated":true}]}}